{"id":3305,"date":"2022-11-18T19:34:45","date_gmt":"2022-11-18T22:34:45","guid":{"rendered":"https:\/\/focotocantinense.com.br\/?p=3305"},"modified":"2022-11-18T19:39:39","modified_gmt":"2022-11-18T22:39:39","slug":"roda-de-conversa-com-o-poeta-andre-goveia-movimenta-escola-municipal-em-gurupi","status":"publish","type":"post","link":"https:\/\/focotocantinense.com.br\/?p=3305","title":{"rendered":"Roda de conversa com o poeta Andr\u00e9 Goveia movimenta escola municipal em Gurupi"},"content":{"rendered":"\n<p><strong>Por Zacarias Martins<\/strong><\/p>\n\n\n\n<p>Numa iniciativa da professora \u00c1urea Sampaio, que ministra a disciplina de L\u00edngua Portuguesa, o professor e poeta Andr\u00e9 Goveia,&nbsp; participou de uma movimentada Roda de Conversa Po\u00e9tica com os alunos da Escola Municipal Gilberto Rezende da Rocha Filho, em Gurupi.<\/p>\n\n\n\n<p>Na oportunidade,&nbsp; Andr\u00e9 Goveia contou um pouco de sua trajet\u00f3ria de vida pessoal, acad\u00eamica e profissional com o intuito de incentivar os jovens protagonistas a n\u00e3o desistirem dos seus sonhos. Tamb\u00e9m&nbsp; fez um recital de seus poemas, com \u00eanfase para a tem\u00e1tica do Dia Nacional da Consci\u00eancia Negra, a ser celebrado neste domingo, dia 20. Ao final, ainda fez o sorteio de livros para os alunos.<\/p>\n\n\n\n<p>Ao agradecer a participa\u00e7\u00e3o de Andr\u00e9&nbsp; Goveia na escola, a professora \u00c1urea Sampaio disse&nbsp; &nbsp;que essa Roda de Conversa que o poeta teve com os alunos&nbsp; se transformou num momento muito especial e contribuiu para o aprimoramento do aprendizado. \u201cS\u00f3 temos a agradecer pela presen\u00e7a desse ilustre poeta em nossa unidade escolar e esperamos que ele nos visite mais vezes\u201d, finalizou a professora.<\/p>\n\n\n\n<p><strong>Credenciais do palestrante<\/strong><\/p>\n\n\n\n<p>Natural de Tocant\u00ednia, Andr\u00e9 Goveia \u00e9 escritor, poeta , professor de carreira da rede estadual, professor na Universidade da Maturidade UFT\/UMA, al\u00e9m de Pedagogo, especialista em Gest\u00e3o Educacional e Metodologias de ensino, Licenciado em Letras, Mestrando em Educa\u00e7\u00e3o. O autor tamb\u00e9m \u00e9 Articulador Municipal do Selo Unicef e Secret\u00e1rio Municipal de Educa\u00e7\u00e3o de Tocant\u00ednia, bem como, Membro-Correspondente da Academia Gurupiense de Letras e da Academia de Letras de Aragua\u00edna e Norte Tocantinense. Participou do \u201cAnu\u00e1rio de Poetas e Escritores do Tocantins\u201d, nas edi\u00e7\u00f5es de 2016, 2017 , 2018, 2019 e da Antologia Veloso 2020. Prefaciador da Colet\u00e2nea de poemas da Universidade Federal do Tocantins 2020. Selecionado para a Colet\u00e2nea Escritores Tocantinenses de autoria do professor da UFNT, Pedro Albeirice da Rocha. \u00c9 autor de cinco livros individuais no g\u00eanero poesia: \u201cRecitando a Vida\u201d; \u201cPoesias da Vida\u201d; \u201cHoje \u00e9 dia de Poesia\u201d; \u201cPoetizando Vidas\u201d e \u201cVersos M\u00e1gicos\u201d. Todos, publicados pela Editora Veloso.<\/p>\n\n\n\n<figure class=\"wp-block-image size-large\"><img loading=\"lazy\" decoding=\"async\" width=\"1024\" height=\"1024\" src=\"https:\/\/focotocantinense.com.br\/wp-content\/uploads\/2022\/11\/4-Roda-de-Conversa-com-o-professor-Andre-Goveia-Foto-Zacarias-Martins-1024x1024.jpg\" alt=\"\" class=\"wp-image-3310\" srcset=\"https:\/\/focotocantinense.com.br\/wp-content\/uploads\/2022\/11\/4-Roda-de-Conversa-com-o-professor-Andre-Goveia-Foto-Zacarias-Martins-1024x1024.jpg 1024w, https:\/\/focotocantinense.com.br\/wp-content\/uploads\/2022\/11\/4-Roda-de-Conversa-com-o-professor-Andre-Goveia-Foto-Zacarias-Martins-300x300.jpg 300w, https:\/\/focotocantinense.com.br\/wp-content\/uploads\/2022\/11\/4-Roda-de-Conversa-com-o-professor-Andre-Goveia-Foto-Zacarias-Martins-150x150.jpg 150w, https:\/\/focotocantinense.com.br\/wp-content\/uploads\/2022\/11\/4-Roda-de-Conversa-com-o-professor-Andre-Goveia-Foto-Zacarias-Martins-768x768.jpg 768w, https:\/\/focotocantinense.com.br\/wp-content\/uploads\/2022\/11\/4-Roda-de-Conversa-com-o-professor-Andre-Goveia-Foto-Zacarias-Martins.jpg 1280w\" sizes=\"auto, (max-width: 1024px) 100vw, 1024px\" \/><\/figure>\n\n\n\n<figure class=\"wp-block-image size-large\"><img loading=\"lazy\" decoding=\"async\" width=\"1024\" height=\"1024\" src=\"https:\/\/focotocantinense.com.br\/wp-content\/uploads\/2022\/11\/6-Roda-de-Conversa-com-o-professor-Andre-Goveia-Foto-Zacarias-Martins-1024x1024.jpg\" alt=\"\" class=\"wp-image-3311\" srcset=\"https:\/\/focotocantinense.com.br\/wp-content\/uploads\/2022\/11\/6-Roda-de-Conversa-com-o-professor-Andre-Goveia-Foto-Zacarias-Martins-1024x1024.jpg 1024w, https:\/\/focotocantinense.com.br\/wp-content\/uploads\/2022\/11\/6-Roda-de-Conversa-com-o-professor-Andre-Goveia-Foto-Zacarias-Martins-300x300.jpg 300w, https:\/\/focotocantinense.com.br\/wp-content\/uploads\/2022\/11\/6-Roda-de-Conversa-com-o-professor-Andre-Goveia-Foto-Zacarias-Martins-150x150.jpg 150w, https:\/\/focotocantinense.com.br\/wp-content\/uploads\/2022\/11\/6-Roda-de-Conversa-com-o-professor-Andre-Goveia-Foto-Zacarias-Martins-768x768.jpg 768w, https:\/\/focotocantinense.com.br\/wp-content\/uploads\/2022\/11\/6-Roda-de-Conversa-com-o-professor-Andre-Goveia-Foto-Zacarias-Martins.jpg 1280w\" sizes=\"auto, (max-width: 1024px) 100vw, 1024px\" \/><\/figure>\n\n\n\n<figure class=\"wp-block-image size-large\"><img loading=\"lazy\" decoding=\"async\" width=\"1024\" height=\"1024\" src=\"https:\/\/focotocantinense.com.br\/wp-content\/uploads\/2022\/11\/5-Roda-de-Conversa-com-o-professor-Andre-Goveia-Foto-Zacarias-Martins-1024x1024.jpg\" alt=\"\" class=\"wp-image-3313\" srcset=\"https:\/\/focotocantinense.com.br\/wp-content\/uploads\/2022\/11\/5-Roda-de-Conversa-com-o-professor-Andre-Goveia-Foto-Zacarias-Martins-1024x1024.jpg 1024w, https:\/\/focotocantinense.com.br\/wp-content\/uploads\/2022\/11\/5-Roda-de-Conversa-com-o-professor-Andre-Goveia-Foto-Zacarias-Martins-300x300.jpg 300w, https:\/\/focotocantinense.com.br\/wp-content\/uploads\/2022\/11\/5-Roda-de-Conversa-com-o-professor-Andre-Goveia-Foto-Zacarias-Martins-150x150.jpg 150w, https:\/\/focotocantinense.com.br\/wp-content\/uploads\/2022\/11\/5-Roda-de-Conversa-com-o-professor-Andre-Goveia-Foto-Zacarias-Martins-768x768.jpg 768w, https:\/\/focotocantinense.com.br\/wp-content\/uploads\/2022\/11\/5-Roda-de-Conversa-com-o-professor-Andre-Goveia-Foto-Zacarias-Martins.jpg 1280w\" sizes=\"auto, (max-width: 1024px) 100vw, 1024px\" \/><\/figure>\n\n\n\n<figure class=\"wp-block-image size-large\"><img loading=\"lazy\" decoding=\"async\" width=\"1024\" height=\"768\" src=\"https:\/\/focotocantinense.com.br\/wp-content\/uploads\/2022\/11\/3-Roda-de-Conversa-com-o-professor-Andre-Goveia-Foto-Zacarias-Martins-1024x768.jpg\" alt=\"\" class=\"wp-image-3314\" srcset=\"https:\/\/focotocantinense.com.br\/wp-content\/uploads\/2022\/11\/3-Roda-de-Conversa-com-o-professor-Andre-Goveia-Foto-Zacarias-Martins-1024x768.jpg 1024w, https:\/\/focotocantinense.com.br\/wp-content\/uploads\/2022\/11\/3-Roda-de-Conversa-com-o-professor-Andre-Goveia-Foto-Zacarias-Martins-300x225.jpg 300w, https:\/\/focotocantinense.com.br\/wp-content\/uploads\/2022\/11\/3-Roda-de-Conversa-com-o-professor-Andre-Goveia-Foto-Zacarias-Martins-768x576.jpg 768w, https:\/\/focotocantinense.com.br\/wp-content\/uploads\/2022\/11\/3-Roda-de-Conversa-com-o-professor-Andre-Goveia-Foto-Zacarias-Martins-1536x1152.jpg 1536w, https:\/\/focotocantinense.com.br\/wp-content\/uploads\/2022\/11\/3-Roda-de-Conversa-com-o-professor-Andre-Goveia-Foto-Zacarias-Martins.jpg 1600w\" sizes=\"auto, (max-width: 1024px) 100vw, 1024px\" \/><\/figure>\n\n\n\n<figure class=\"wp-block-image size-large\"><img loading=\"lazy\" decoding=\"async\" width=\"1024\" height=\"768\" src=\"https:\/\/focotocantinense.com.br\/wp-content\/uploads\/2022\/11\/1-Roda-de-Conversa-com-o-professor-Andre-Goveia-Foto-Zacarias-Martins-1-1024x768.jpg\" alt=\"\" class=\"wp-image-3316\" srcset=\"https:\/\/focotocantinense.com.br\/wp-content\/uploads\/2022\/11\/1-Roda-de-Conversa-com-o-professor-Andre-Goveia-Foto-Zacarias-Martins-1-1024x768.jpg 1024w, https:\/\/focotocantinense.com.br\/wp-content\/uploads\/2022\/11\/1-Roda-de-Conversa-com-o-professor-Andre-Goveia-Foto-Zacarias-Martins-1-300x225.jpg 300w, https:\/\/focotocantinense.com.br\/wp-content\/uploads\/2022\/11\/1-Roda-de-Conversa-com-o-professor-Andre-Goveia-Foto-Zacarias-Martins-1-768x576.jpg 768w, https:\/\/focotocantinense.com.br\/wp-content\/uploads\/2022\/11\/1-Roda-de-Conversa-com-o-professor-Andre-Goveia-Foto-Zacarias-Martins-1-1536x1152.jpg 1536w, https:\/\/focotocantinense.com.br\/wp-content\/uploads\/2022\/11\/1-Roda-de-Conversa-com-o-professor-Andre-Goveia-Foto-Zacarias-Martins-1.jpg 1600w\" sizes=\"auto, (max-width: 1024px) 100vw, 1024px\" \/><\/figure>\n","protected":false},"excerpt":{"rendered":"<p>Por Zacarias Martins Numa iniciativa da professora \u00c1urea Sampaio, que ministra a disciplina de L\u00edngua Portuguesa, o professor e poeta Andr\u00e9 Goveia,&nbsp; participou de uma movimentada Roda de Conversa Po\u00e9tica com os alunos da Escola Municipal Gilberto Rezende da Rocha Filho, em Gurupi. Na oportunidade,&nbsp; Andr\u00e9 Goveia contou um pouco de sua trajet\u00f3ria de vida &hellip;<\/p>\n","protected":false},"author":5,"featured_media":3306,"comment_status":"open","ping_status":"open","sticky":false,"template":"","format":"standard","meta":{"footnotes":""},"categories":[38],"tags":[],"class_list":["post-3305","post","type-post","status-publish","format-standard","has-post-thumbnail","","category-gurupi"],"_links":{"self":[{"href":"https:\/\/focotocantinense.com.br\/index.php?rest_route=\/wp\/v2\/posts\/3305","targetHints":{"allow":["GET"]}}],"collection":[{"href":"https:\/\/focotocantinense.com.br\/index.php?rest_route=\/wp\/v2\/posts"}],"about":[{"href":"https:\/\/focotocantinense.com.br\/index.php?rest_route=\/wp\/v2\/types\/post"}],"author":[{"embeddable":true,"href":"https:\/\/focotocantinense.com.br\/index.php?rest_route=\/wp\/v2\/users\/5"}],"replies":[{"embeddable":true,"href":"https:\/\/focotocantinense.com.br\/index.php?rest_route=%2Fwp%2Fv2%2Fcomments&post=3305"}],"version-history":[{"count":4,"href":"https:\/\/focotocantinense.com.br\/index.php?rest_route=\/wp\/v2\/posts\/3305\/revisions"}],"predecessor-version":[{"id":3317,"href":"https:\/\/focotocantinense.com.br\/index.php?rest_route=\/wp\/v2\/posts\/3305\/revisions\/3317"}],"wp:featuredmedia":[{"embeddable":true,"href":"https:\/\/focotocantinense.com.br\/index.php?rest_route=\/wp\/v2\/media\/3306"}],"wp:attachment":[{"href":"https:\/\/focotocantinense.com.br\/index.php?rest_route=%2Fwp%2Fv2%2Fmedia&parent=3305"}],"wp:term":[{"taxonomy":"category","embeddable":true,"href":"https:\/\/focotocantinense.com.br\/index.php?rest_route=%2Fwp%2Fv2%2Fcategories&post=3305"},{"taxonomy":"post_tag","embeddable":true,"href":"https:\/\/focotocantinense.com.br\/index.php?rest_route=%2Fwp%2Fv2%2Ftags&post=3305"}],"curies":[{"name":"wp","href":"https:\/\/api.w.org\/{rel}","templated":true}]}}