{"id":3297,"date":"2022-11-15T10:05:51","date_gmt":"2022-11-15T13:05:51","guid":{"rendered":"https:\/\/focotocantinense.com.br\/?p=3297"},"modified":"2022-11-15T10:06:51","modified_gmt":"2022-11-15T13:06:51","slug":"desenvolvido-em-tocantinia-o-projeto-leitura-viva-ganha-destaque-no-encontro-nacional-das-academias-de-letras","status":"publish","type":"post","link":"https:\/\/focotocantinense.com.br\/?p=3297","title":{"rendered":"Desenvolvido em Tocant\u00ednia, o Projeto Leitura Viva ganha destaque no Encontro Nacional das Academias de Letras"},"content":{"rendered":"\n<p><strong>Por L\u00e9a Martins<\/strong><\/p>\n\n\n\n<p>O Projeto Leitura Viva realizado pela Prefeitura de Tocant\u00ednia,&nbsp; por meio da Secretaria Municipal de Educa\u00e7\u00e3o,&nbsp; foi apresentado em Aragua\u00edna pelo secret\u00e1rio municipal de Educa\u00e7\u00e3o,&nbsp; o professor Andr\u00e9 Goveia, durante a movimentada programa\u00e7\u00e3o do&nbsp; Encontro Nacional das Academias de Letras , organizado pela FEBACLA (Federa\u00e7\u00e3o Brasileira das Academias de Letras e Artes), e coordenado pela Acalanto (Academia de Letras de Aragua\u00edna e Norte Tocantinense).<\/p>\n\n\n\n<p>O evento aconteceu&nbsp; no Anfiteatro da Universidade Federal do Norte do Tocantins (UFNT) nos dias 10, 11 e 12 de novembro e contou com a participantes de v\u00e1rios lugares do Brasil.<\/p>\n\n\n\n<p>As diretrizes que norteiam o&nbsp; &nbsp;Projeto Leitura Viva foram&nbsp; &nbsp;apresentadas&nbsp; j\u00e1 no primeiro dia&nbsp; da programa\u00e7\u00e3o do encontro, quando houve uma&nbsp; mesa redonda intitulada \u201cLiteratura e projetos de incentivo \u00e0 leitura no Tocantins\u201d,&nbsp; oportunidade em que&nbsp; &nbsp;professor Andr\u00e9 Goveia relatou&nbsp; a experi\u00eancia do projeto que existe desde 2018 e que dentre as a\u00e7\u00f5es de destaques&nbsp; &nbsp;est\u00e1 o&nbsp; Cidade Leitora, iniciativa que j\u00e1 percorreu todos os bairros, povoados e aldeias ind\u00edgenas&nbsp; do munic\u00edpio.<\/p>\n\n\n\n<p><strong>Centro de Refer\u00eancia de Leitura<\/strong><\/p>\n\n\n\n<p>Ainda no leque de suas a\u00e7\u00f5es, contempla o&nbsp; Pr\u00eamio Leitura Viva,&nbsp; que premia trabalhos em diversos g\u00eaneros textuais liter\u00e1rios, culminando&nbsp; com a publica\u00e7\u00e3o de duas colet\u00e2neas liter\u00e1rias dos alunos. Al\u00e9m disso, conta com o Centro de Refer\u00eancia de Leitura, um espa\u00e7o localizado&nbsp; na pra\u00e7a principal da cidade e que desenvolve intera\u00e7\u00f5es de leitura n\u00e3o s\u00f3 com alunos,&nbsp; mas tamb\u00e9m, com toda a comunidade que faz uso da pra\u00e7a com din\u00e2micas como a caixinha de leitura e escrita,&nbsp; que incentiva a produ\u00e7\u00e3o textual que depois \u00e9 exposto no local.<\/p>\n\n\n\n<p>\u201cO Centro de Refer\u00eancia de Leitura sediou recentemente o Pr\u00eamio Ita\u00fa Social que contemplou o projeto com mais de 700 obras liter\u00e1rias e est\u00e1 sendo indicado pelo SEBRAE ao Pr\u00eamio Prefeito Empreendedor\u201d, informou o secret\u00e1rio Andr\u00e9 Goveia.<\/p>\n\n\n\n<p>Durante todo o encontro de Aragua\u00edna houve grande procura de universit\u00e1rios, membros de academias de letras, al\u00e9m de&nbsp; &nbsp;professores e&nbsp; gestores educacionais que&nbsp; se mostraram interessados em&nbsp; conhecer as obras liter\u00e1rias dos alunos de Tocant\u00ednia e buscar mais informa\u00e7\u00f5es.<\/p>\n\n\n\n<p>Participando desse evento em Aragua\u00edna, a condessa Dra. Magna Aspasia,&nbsp; presidente da Academia de Letras de Uberaba (MG),&nbsp; externou o seu desejo de&nbsp; conhecer de perto esse projeto de Tocant\u00ednia. \u201cAo&nbsp; contr\u00e1rio de muitos lugares por a\u00ed,&nbsp; que vemos vasos de plantas murchas em rela\u00e7\u00e3o \u00e0 literatura, percebemos que em rela\u00e7\u00e3o ao&nbsp; Projeto Leitura Viva s\u00e3o como vasos de plantas vivas,&nbsp; promovendo e incentivando a forma\u00e7\u00e3o de novos escritores, novos&nbsp; leitores.&nbsp; Fiquei encantada com essa iniciativa coordenada pelo professor Andr\u00e9 Goveia\u201d, enfatizou.<\/p>\n\n\n\n<p><strong>Avalia\u00e7\u00e3o positiva<\/strong><\/p>\n\n\n\n<p>Para o secret\u00e1rio Andr\u00e9 Goveia,&nbsp; a apresenta\u00e7\u00e3o do projeto num evento nacional,&nbsp; com avalia\u00e7\u00e3o positiva da elite da literatura presente,&nbsp; mostra que a iniciativa de Tocant\u00ednia se consolida como refer\u00eancia, ressaltando que as contribui\u00e7\u00f5es liter\u00e1rias a partir do evento,&nbsp; contribuem sobremaneira para que o projeto se aperfei\u00e7oe ainda mais, n\u00e3o s\u00f3 fazendo de Tocant\u00ednia uma cidade leitora,&nbsp; como tamb\u00e9m ganhando espa\u00e7o al\u00e9m fronteiras.<\/p>\n\n\n\n<p><strong>Honraria<\/strong><\/p>\n\n\n\n<p>Como gestor e agente de destaque na contribui\u00e7\u00e3o de a\u00e7\u00f5es de desenvolvimento educacional e da\u00a0 cultura nacional,\u00a0 ao final desse importante\u00a0 evento cultural, o secret\u00e1rio Andr\u00e9 Goveia\u00a0 recebeu do presidente da FEBACLA, Dom Alexandre Rurikovich,\u00a0 a honraria da Medalha do Bicenten\u00e1rio da Independ\u00eancia do Brasil.\u00a0 Goveia agradeceu pela honraria recebida, bem como, pela calorosa acolhida recebida pelos integrantes da Academia de Letras de\u00a0 Aragua\u00edna e Norte Tocantinense, especialmente, na pessoa de seu presidente, o escritor Alexandre\u00a0 Gomes de Brito.<\/p>\n\n\n\n<p><\/p>\n\n\n\n<figure class=\"wp-block-gallery has-nested-images columns-default is-cropped wp-block-gallery-1 is-layout-flex wp-block-gallery-is-layout-flex\">\n<figure class=\"wp-block-image size-large\"><img loading=\"lazy\" decoding=\"async\" width=\"1024\" height=\"439\" data-id=\"3300\" src=\"https:\/\/focotocantinense.com.br\/wp-content\/uploads\/2022\/11\/2-PROFESSOR-ANDRE-GOVEIA-SECRETARIO-DE-EDUCACAO-DE-TOCANTINIA-NO-ENCONTRO-NACIONAL-DAS-ACADEMIAS-DE-LETRAS-1-1024x439.jpg\" alt=\"\" class=\"wp-image-3300\" srcset=\"https:\/\/focotocantinense.com.br\/wp-content\/uploads\/2022\/11\/2-PROFESSOR-ANDRE-GOVEIA-SECRETARIO-DE-EDUCACAO-DE-TOCANTINIA-NO-ENCONTRO-NACIONAL-DAS-ACADEMIAS-DE-LETRAS-1-1024x439.jpg 1024w, https:\/\/focotocantinense.com.br\/wp-content\/uploads\/2022\/11\/2-PROFESSOR-ANDRE-GOVEIA-SECRETARIO-DE-EDUCACAO-DE-TOCANTINIA-NO-ENCONTRO-NACIONAL-DAS-ACADEMIAS-DE-LETRAS-1-300x129.jpg 300w, https:\/\/focotocantinense.com.br\/wp-content\/uploads\/2022\/11\/2-PROFESSOR-ANDRE-GOVEIA-SECRETARIO-DE-EDUCACAO-DE-TOCANTINIA-NO-ENCONTRO-NACIONAL-DAS-ACADEMIAS-DE-LETRAS-1-768x329.jpg 768w, https:\/\/focotocantinense.com.br\/wp-content\/uploads\/2022\/11\/2-PROFESSOR-ANDRE-GOVEIA-SECRETARIO-DE-EDUCACAO-DE-TOCANTINIA-NO-ENCONTRO-NACIONAL-DAS-ACADEMIAS-DE-LETRAS-1.jpg 1196w\" sizes=\"auto, (max-width: 1024px) 100vw, 1024px\" \/><\/figure>\n<\/figure>\n","protected":false},"excerpt":{"rendered":"<p>Por L\u00e9a Martins O Projeto Leitura Viva realizado pela Prefeitura de Tocant\u00ednia,&nbsp; por meio da Secretaria Municipal de Educa\u00e7\u00e3o,&nbsp; foi apresentado em Aragua\u00edna pelo secret\u00e1rio municipal de Educa\u00e7\u00e3o,&nbsp; o professor Andr\u00e9 Goveia, durante a movimentada programa\u00e7\u00e3o do&nbsp; Encontro Nacional das Academias de Letras , organizado pela FEBACLA (Federa\u00e7\u00e3o Brasileira das Academias de Letras e Artes), &hellip;<\/p>\n","protected":false},"author":5,"featured_media":3298,"comment_status":"open","ping_status":"open","sticky":false,"template":"","format":"standard","meta":{"footnotes":""},"categories":[78],"tags":[],"class_list":["post-3297","post","type-post","status-publish","format-standard","has-post-thumbnail","","category-tocantinia"],"_links":{"self":[{"href":"https:\/\/focotocantinense.com.br\/index.php?rest_route=\/wp\/v2\/posts\/3297","targetHints":{"allow":["GET"]}}],"collection":[{"href":"https:\/\/focotocantinense.com.br\/index.php?rest_route=\/wp\/v2\/posts"}],"about":[{"href":"https:\/\/focotocantinense.com.br\/index.php?rest_route=\/wp\/v2\/types\/post"}],"author":[{"embeddable":true,"href":"https:\/\/focotocantinense.com.br\/index.php?rest_route=\/wp\/v2\/users\/5"}],"replies":[{"embeddable":true,"href":"https:\/\/focotocantinense.com.br\/index.php?rest_route=%2Fwp%2Fv2%2Fcomments&post=3297"}],"version-history":[{"count":2,"href":"https:\/\/focotocantinense.com.br\/index.php?rest_route=\/wp\/v2\/posts\/3297\/revisions"}],"predecessor-version":[{"id":3301,"href":"https:\/\/focotocantinense.com.br\/index.php?rest_route=\/wp\/v2\/posts\/3297\/revisions\/3301"}],"wp:featuredmedia":[{"embeddable":true,"href":"https:\/\/focotocantinense.com.br\/index.php?rest_route=\/wp\/v2\/media\/3298"}],"wp:attachment":[{"href":"https:\/\/focotocantinense.com.br\/index.php?rest_route=%2Fwp%2Fv2%2Fmedia&parent=3297"}],"wp:term":[{"taxonomy":"category","embeddable":true,"href":"https:\/\/focotocantinense.com.br\/index.php?rest_route=%2Fwp%2Fv2%2Fcategories&post=3297"},{"taxonomy":"post_tag","embeddable":true,"href":"https:\/\/focotocantinense.com.br\/index.php?rest_route=%2Fwp%2Fv2%2Ftags&post=3297"}],"curies":[{"name":"wp","href":"https:\/\/api.w.org\/{rel}","templated":true}]}}