{"id":3291,"date":"2022-11-10T18:06:05","date_gmt":"2022-11-10T21:06:05","guid":{"rendered":"https:\/\/focotocantinense.com.br\/?p=3291"},"modified":"2022-11-10T19:31:06","modified_gmt":"2022-11-10T22:31:06","slug":"vereador-delegado-tiago-daniel-defende-parceria-para-a-vinda-da-carreta-do-hospital-de-amor-a-tocantinopolis","status":"publish","type":"post","link":"https:\/\/focotocantinense.com.br\/?p=3291","title":{"rendered":"Vereador Delegado Tiago Daniel defende parceria para a vinda da carreta do Hospital de Amor \u00e0 Tocantin\u00f3polis"},"content":{"rendered":"\n<p>A C\u00e2mara Municipal de Tocantin\u00f3polis aprovou o requerimento de autoria do vereador Delegado Tiago Daniel de Moraes (PTB), onde prop\u00f5e que seja realizada uma parceria entre a Prefeitura de Tocantin\u00f3polis e o Hospital de Amor do Tocantins, para viabilizar a vinda da carreta m\u00f3vel dessa unidade hospitalar ao munic\u00edpio.<\/p>\n\n\n\n<p>O parlamentar argumenta que a vinda dessa carreta do Hospital de Amor \u00e0 Tocantin\u00f3polis propiciar\u00e1 o atendimento de mulheres com idades entre 25 e 64 anos para o exame de Papanicolau, que identifica o c\u00e2ncer de colo do \u00fatero. J\u00e1 as mulheres de 40 a 69 anos poder\u00e3o fazer a mamografia.<\/p>\n\n\n\n<figure class=\"wp-block-image size-full is-resized\"><img loading=\"lazy\" decoding=\"async\" src=\"https:\/\/focotocantinense.com.br\/wp-content\/uploads\/2022\/11\/aaaa-1.jpg\" alt=\"\" class=\"wp-image-3294\" width=\"407\" height=\"265\" srcset=\"https:\/\/focotocantinense.com.br\/wp-content\/uploads\/2022\/11\/aaaa-1.jpg 777w, https:\/\/focotocantinense.com.br\/wp-content\/uploads\/2022\/11\/aaaa-1-300x195.jpg 300w, https:\/\/focotocantinense.com.br\/wp-content\/uploads\/2022\/11\/aaaa-1-768x500.jpg 768w\" sizes=\"auto, (max-width: 407px) 100vw, 407px\" \/><\/figure>\n","protected":false},"excerpt":{"rendered":"<p>A C\u00e2mara Municipal de Tocantin\u00f3polis aprovou o requerimento de autoria do vereador Delegado Tiago Daniel de Moraes (PTB), onde prop\u00f5e que seja realizada uma parceria entre a Prefeitura de Tocantin\u00f3polis e o Hospital de Amor do Tocantins, para viabilizar a vinda da carreta m\u00f3vel dessa unidade hospitalar ao munic\u00edpio. O parlamentar argumenta que a vinda &hellip;<\/p>\n","protected":false},"author":5,"featured_media":3292,"comment_status":"open","ping_status":"open","sticky":false,"template":"","format":"standard","meta":{"footnotes":""},"categories":[87],"tags":[],"class_list":["post-3291","post","type-post","status-publish","format-standard","has-post-thumbnail","","category-tocantinopolis"],"_links":{"self":[{"href":"https:\/\/focotocantinense.com.br\/index.php?rest_route=\/wp\/v2\/posts\/3291","targetHints":{"allow":["GET"]}}],"collection":[{"href":"https:\/\/focotocantinense.com.br\/index.php?rest_route=\/wp\/v2\/posts"}],"about":[{"href":"https:\/\/focotocantinense.com.br\/index.php?rest_route=\/wp\/v2\/types\/post"}],"author":[{"embeddable":true,"href":"https:\/\/focotocantinense.com.br\/index.php?rest_route=\/wp\/v2\/users\/5"}],"replies":[{"embeddable":true,"href":"https:\/\/focotocantinense.com.br\/index.php?rest_route=%2Fwp%2Fv2%2Fcomments&post=3291"}],"version-history":[{"count":3,"href":"https:\/\/focotocantinense.com.br\/index.php?rest_route=\/wp\/v2\/posts\/3291\/revisions"}],"predecessor-version":[{"id":3296,"href":"https:\/\/focotocantinense.com.br\/index.php?rest_route=\/wp\/v2\/posts\/3291\/revisions\/3296"}],"wp:featuredmedia":[{"embeddable":true,"href":"https:\/\/focotocantinense.com.br\/index.php?rest_route=\/wp\/v2\/media\/3292"}],"wp:attachment":[{"href":"https:\/\/focotocantinense.com.br\/index.php?rest_route=%2Fwp%2Fv2%2Fmedia&parent=3291"}],"wp:term":[{"taxonomy":"category","embeddable":true,"href":"https:\/\/focotocantinense.com.br\/index.php?rest_route=%2Fwp%2Fv2%2Fcategories&post=3291"},{"taxonomy":"post_tag","embeddable":true,"href":"https:\/\/focotocantinense.com.br\/index.php?rest_route=%2Fwp%2Fv2%2Ftags&post=3291"}],"curies":[{"name":"wp","href":"https:\/\/api.w.org\/{rel}","templated":true}]}}