{"id":3277,"date":"2022-11-07T12:48:01","date_gmt":"2022-11-07T15:48:01","guid":{"rendered":"https:\/\/focotocantinense.com.br\/?p=3277"},"modified":"2022-11-07T12:50:04","modified_gmt":"2022-11-07T15:50:04","slug":"educacao-municipal-de-tocantinia-e-contemplada-com-o-projeto-itau-social","status":"publish","type":"post","link":"https:\/\/focotocantinense.com.br\/?p=3277","title":{"rendered":"Educa\u00e7\u00e3o municipal de Tocant\u00ednia \u00e9 contemplada com o Projeto Ita\u00fa Social"},"content":{"rendered":"\n<p><strong>Por Leontina Martins<\/strong><\/p>\n\n\n\n<p>A Prefeitura de Tocant\u00ednia, por meio da Secretaria Municipal de Educa\u00e7\u00e3o (Semed), entregou na manh\u00e3 desta segunda-feira, 07, os Kits contendo os livros &#8220;A pescaria do Curumim\u201d e &nbsp;\u201cDe passinho em passinho&#8221;, adquiridos por meio do Edital Leia com uma Crian\u00e7a 2022, projeto do Ita\u00fa Social. A entrega aconteceu no Centro de Referencia do Projeto Leitura Viva.<\/p>\n\n\n\n<p>O secret\u00e1rio de Educa\u00e7\u00e3o, Andr\u00e9 Goveia,&nbsp; explicou que foram&nbsp; &nbsp;destinados \u00e0 cada escola da Rede Municipal de Educa\u00e7\u00e3o, 108 Kits e mais de 700 livros ao todo.&nbsp;<\/p>\n\n\n\n<p><strong>Sobre o Edital<\/strong><\/p>\n\n\n\n<p>O programa incentiva, desde 2010, a leitura do adulto&nbsp;<em>para<\/em>&nbsp;e&nbsp;<em>com<\/em>&nbsp;a crian\u00e7a como uma oportunidade de fortalecimento dos v\u00ednculos e da participa\u00e7\u00e3o ativa na educa\u00e7\u00e3o desde a primeira inf\u00e2ncia. Para refor\u00e7ar este prop\u00f3sito, o convite feito para os adultos \u00e9&nbsp;<strong>\u201cLeia&nbsp;<\/strong><em>com<\/em><strong>&nbsp;uma crian\u00e7a\u201d<\/strong>. Mais do que contar uma hist\u00f3ria, a proposta \u00e9 que o mediador de leitura tenha a escuta ativa e convide a crian\u00e7a a participar e se engajar no processo.<\/p>\n\n\n\n<p>A mudan\u00e7a do nome do programa de \u201cLeia para uma crian\u00e7a\u201d para \u201cLeia com uma crian\u00e7a\u201d, refor\u00e7a a concep\u00e7\u00e3o de que&nbsp;todas as crian\u00e7as, sem exce\u00e7\u00e3o, s\u00e3o inteligentes, plurais, leitoras do mundo e sujeitos de direitos.<\/p>\n\n\n\n<p>\u201cNesta proposta de mediador a Secretaria de Educa\u00e7\u00e3o por meio do Centro de Refer\u00eancia de Leitura do Projeto Leitura Viva, tem desenvolvido a\u00e7\u00f5es em todos os espa\u00e7os da comunidade com a conta\u00e7\u00e3o itinerante, realizando mensalmente conta\u00e7\u00e3o de hist\u00f3rias, assim como no Centro, com agendamento das escolas e recebendo a comunidade\u201d, finalizou o secret\u00e1rio Andr\u00e9 Goveia.<\/p>\n\n\n\n<figure class=\"wp-block-image size-large\"><img loading=\"lazy\" decoding=\"async\" width=\"1024\" height=\"460\" src=\"https:\/\/focotocantinense.com.br\/wp-content\/uploads\/2022\/11\/1-TURMA-DE-TOCANTINIA-1-1024x460.jpg\" alt=\"\" class=\"wp-image-3279\" srcset=\"https:\/\/focotocantinense.com.br\/wp-content\/uploads\/2022\/11\/1-TURMA-DE-TOCANTINIA-1-1024x460.jpg 1024w, https:\/\/focotocantinense.com.br\/wp-content\/uploads\/2022\/11\/1-TURMA-DE-TOCANTINIA-1-300x135.jpg 300w, https:\/\/focotocantinense.com.br\/wp-content\/uploads\/2022\/11\/1-TURMA-DE-TOCANTINIA-1-768x345.jpg 768w, https:\/\/focotocantinense.com.br\/wp-content\/uploads\/2022\/11\/1-TURMA-DE-TOCANTINIA-1-1536x690.jpg 1536w, https:\/\/focotocantinense.com.br\/wp-content\/uploads\/2022\/11\/1-TURMA-DE-TOCANTINIA-1.jpg 1600w\" sizes=\"auto, (max-width: 1024px) 100vw, 1024px\" \/><\/figure>\n\n\n\n<figure class=\"wp-block-image size-full is-resized\"><img loading=\"lazy\" decoding=\"async\" src=\"https:\/\/focotocantinense.com.br\/wp-content\/uploads\/2022\/11\/9-livro.jpg\" alt=\"\" class=\"wp-image-3280\" width=\"839\" height=\"417\" srcset=\"https:\/\/focotocantinense.com.br\/wp-content\/uploads\/2022\/11\/9-livro.jpg 602w, https:\/\/focotocantinense.com.br\/wp-content\/uploads\/2022\/11\/9-livro-300x149.jpg 300w\" sizes=\"auto, (max-width: 839px) 100vw, 839px\" \/><\/figure>\n\n\n\n<figure class=\"wp-block-image size-large\"><img loading=\"lazy\" decoding=\"async\" width=\"1024\" height=\"460\" src=\"https:\/\/focotocantinense.com.br\/wp-content\/uploads\/2022\/11\/4-TURMA-DE-TOCANTINIA-1024x460.jpg\" alt=\"\" class=\"wp-image-3282\" srcset=\"https:\/\/focotocantinense.com.br\/wp-content\/uploads\/2022\/11\/4-TURMA-DE-TOCANTINIA-1024x460.jpg 1024w, https:\/\/focotocantinense.com.br\/wp-content\/uploads\/2022\/11\/4-TURMA-DE-TOCANTINIA-300x135.jpg 300w, https:\/\/focotocantinense.com.br\/wp-content\/uploads\/2022\/11\/4-TURMA-DE-TOCANTINIA-768x345.jpg 768w, https:\/\/focotocantinense.com.br\/wp-content\/uploads\/2022\/11\/4-TURMA-DE-TOCANTINIA-1536x690.jpg 1536w, https:\/\/focotocantinense.com.br\/wp-content\/uploads\/2022\/11\/4-TURMA-DE-TOCANTINIA.jpg 1600w\" sizes=\"auto, (max-width: 1024px) 100vw, 1024px\" \/><\/figure>\n\n\n\n<figure class=\"wp-block-image size-large\"><img loading=\"lazy\" decoding=\"async\" width=\"1024\" height=\"460\" src=\"https:\/\/focotocantinense.com.br\/wp-content\/uploads\/2022\/11\/8-tocantinia-1024x460.jpg\" alt=\"\" class=\"wp-image-3283\" srcset=\"https:\/\/focotocantinense.com.br\/wp-content\/uploads\/2022\/11\/8-tocantinia-1024x460.jpg 1024w, https:\/\/focotocantinense.com.br\/wp-content\/uploads\/2022\/11\/8-tocantinia-300x135.jpg 300w, https:\/\/focotocantinense.com.br\/wp-content\/uploads\/2022\/11\/8-tocantinia-768x345.jpg 768w, https:\/\/focotocantinense.com.br\/wp-content\/uploads\/2022\/11\/8-tocantinia-1536x690.jpg 1536w, https:\/\/focotocantinense.com.br\/wp-content\/uploads\/2022\/11\/8-tocantinia.jpg 1600w\" sizes=\"auto, (max-width: 1024px) 100vw, 1024px\" \/><\/figure>\n\n\n\n<p><\/p>\n","protected":false},"excerpt":{"rendered":"<p>Por Leontina Martins A Prefeitura de Tocant\u00ednia, por meio da Secretaria Municipal de Educa\u00e7\u00e3o (Semed), entregou na manh\u00e3 desta segunda-feira, 07, os Kits contendo os livros &#8220;A pescaria do Curumim\u201d e &nbsp;\u201cDe passinho em passinho&#8221;, adquiridos por meio do Edital Leia com uma Crian\u00e7a 2022, projeto do Ita\u00fa Social. A entrega aconteceu no Centro de &hellip;<\/p>\n","protected":false},"author":5,"featured_media":3272,"comment_status":"open","ping_status":"open","sticky":false,"template":"","format":"standard","meta":{"footnotes":""},"categories":[78],"tags":[],"class_list":["post-3277","post","type-post","status-publish","format-standard","has-post-thumbnail","","category-tocantinia"],"_links":{"self":[{"href":"https:\/\/focotocantinense.com.br\/index.php?rest_route=\/wp\/v2\/posts\/3277","targetHints":{"allow":["GET"]}}],"collection":[{"href":"https:\/\/focotocantinense.com.br\/index.php?rest_route=\/wp\/v2\/posts"}],"about":[{"href":"https:\/\/focotocantinense.com.br\/index.php?rest_route=\/wp\/v2\/types\/post"}],"author":[{"embeddable":true,"href":"https:\/\/focotocantinense.com.br\/index.php?rest_route=\/wp\/v2\/users\/5"}],"replies":[{"embeddable":true,"href":"https:\/\/focotocantinense.com.br\/index.php?rest_route=%2Fwp%2Fv2%2Fcomments&post=3277"}],"version-history":[{"count":2,"href":"https:\/\/focotocantinense.com.br\/index.php?rest_route=\/wp\/v2\/posts\/3277\/revisions"}],"predecessor-version":[{"id":3284,"href":"https:\/\/focotocantinense.com.br\/index.php?rest_route=\/wp\/v2\/posts\/3277\/revisions\/3284"}],"wp:featuredmedia":[{"embeddable":true,"href":"https:\/\/focotocantinense.com.br\/index.php?rest_route=\/wp\/v2\/media\/3272"}],"wp:attachment":[{"href":"https:\/\/focotocantinense.com.br\/index.php?rest_route=%2Fwp%2Fv2%2Fmedia&parent=3277"}],"wp:term":[{"taxonomy":"category","embeddable":true,"href":"https:\/\/focotocantinense.com.br\/index.php?rest_route=%2Fwp%2Fv2%2Fcategories&post=3277"},{"taxonomy":"post_tag","embeddable":true,"href":"https:\/\/focotocantinense.com.br\/index.php?rest_route=%2Fwp%2Fv2%2Ftags&post=3277"}],"curies":[{"name":"wp","href":"https:\/\/api.w.org\/{rel}","templated":true}]}}