{"id":3256,"date":"2022-11-04T13:16:29","date_gmt":"2022-11-04T16:16:29","guid":{"rendered":"https:\/\/focotocantinense.com.br\/?p=3256"},"modified":"2022-11-04T13:18:06","modified_gmt":"2022-11-04T16:18:06","slug":"livro-do-professor-doutor-wolfgang-teske-registra-a-historia-da-primeira-faculdade-em-palmas","status":"publish","type":"post","link":"https:\/\/focotocantinense.com.br\/?p=3256","title":{"rendered":"Livro do professor doutor Wolfgang Teske registra a \u00a0hist\u00f3ria da primeira faculdade \u00a0em Palmas"},"content":{"rendered":"\n<p>O professor e doutor Wolfgang Teske lan\u00e7ar\u00e1 a sua mais recente obra liter\u00e1ria <strong><em>O maior desafio &#8211; A implanta\u00e7\u00e3o do maior complexo educacional de Palmas \u2013 Tocantins<\/em><\/strong>. A noite de aut\u00f3grafos acontece na pr\u00f3xima ter\u00e7a-feira, dia 8, \u00e0s 19 horas, na Biblioteca Jornalista Jaime C\u00e2mara, do Espa\u00e7o Cultural Jos\u00e9 Gomes Sobrinho. O evento integra&nbsp; a &nbsp;14\u00aa Roda Liter\u00e1ria da Funda\u00e7\u00e3o Cultural de Palmas.<\/p>\n\n\n\n<p><strong>Sobre a obra<\/strong><\/p>\n\n\n\n<p>O livro cont\u00e9m 68 cr\u00f4nicas do tipo hist\u00f3rico, narrativo e descritivo e 353 p\u00e1ginas, ilustradas com fotografias da \u00e9poca.<\/p>\n\n\n\n<p>Nessa obra o autor descreve a implanta\u00e7\u00e3o e constru\u00e7\u00e3o do complexo Ulbra em Palmas-TO, entre os anos d 1992 a 1997, quando foi diretor geral do Campus. Entretanto, &nbsp;ele conta os detalhes e os bastidores, os conflitos, as alegrias, os projetos implantados, tanto as conquistas e tamb\u00e9m as dificuldades encontradas em uma cidade em constru\u00e7\u00e3o.<\/p>\n\n\n\n<p>A data escolhida para o lan\u00e7amento se d\u00e1 pelo fato de fazer 30 anos do in\u00edcio da constru\u00e7\u00e3o da Ulbra.<\/p>\n\n\n\n<p>Outro fato marcante narrado nesse livro trata sobre a constru\u00e7\u00e3o do campus da Ulbra na Avenida Teot\u00f4nio Segurado, que ainda n\u00e3o tinha sido aberta em 1995. Mesmo assim, o desafio era iniciar tanto a obra como o uso das instala\u00e7\u00f5es ainda naquele ano, visto que n\u00e3o havia mais espa\u00e7o f\u00edsico para os novos alunos e cursos que estavam iniciando. Tudo narrado em detalhes.<\/p>\n\n\n\n<p>A hist\u00f3ria da implanta\u00e7\u00e3o da Ulbra se confunde com a constru\u00e7\u00e3o de Palmas, e, por este motivo, as cr\u00f4nicas tamb\u00e9m relatam aspectos da infraestrutura, da pol\u00edtica e cultura da capital tocantinense, pois tudo est\u00e1 entrela\u00e7ado.<\/p>\n\n\n\n<p><strong>Sobre o autor:<\/strong><\/p>\n\n\n\n<p>Wolfgang Teske \u00e9 jornalista, educador e te\u00f3logo. Doutor em Ci\u00eancias do Ambiente\/Natureza, Cultura e Sociedade; Mestre em Ci\u00eancias do Ambiente\/Cultura e Meio Ambiente; Especialista em Doc\u00eancia do Ensino Superior; Especialista em Ci\u00eancia Pol\u00edtica; Graduado em Comunica\u00e7\u00e3o Social\/Jornalismo e Teologia. Atualmente \u00e9 professor dos cursos de Ci\u00eancias Cont\u00e1beis e Tecnologia em Gest\u00e3o do Agroneg\u00f3cio, da Universidade Estadual do Tocantins \u2013 UNITINS, c\u00e2mpus de Para\u00edso-TO. \u00c9 pesquisador com vasta experi\u00eancia nos estudos da teoria de Folkcomunica\u00e7\u00e3o e com comunidades quilombolas. \u00c9 membro efetivo da Academia Palmense de Letras-APL, e possui os t\u00edtulos honor\u00edficos de Cidad\u00e3o Palmense e Tocantinense.<\/p>\n\n\n\n<p><strong>Outras obras j\u00e1 publicadas:<\/strong><\/p>\n\n\n\n<p>A Roda de S\u00e3o Gon\u00e7alo na Comunidade Quilombola Lagoa da Pedra, Arraias-TO, 4\u00aa edi\u00e7\u00e3o;<\/p>\n\n\n\n<p>Cultura Quilombola na Lagoa da Pedra, Arraias-TO, 2\u00aa edi\u00e7\u00e3o;<\/p>\n\n\n\n<p>Fotolivro Projeto Fotogr\u00e1fico A Roda de S\u00e3o Gon\u00e7alo;<\/p>\n\n\n\n<p>Comunica\u00e7\u00e3o, Cultura e Identidade: Folkcomunica\u00e7\u00e3o no Tocantins;<\/p>\n\n\n\n<p>Diretor de Produ\u00e7\u00e3o do filme curta metragem A Promessa<\/p>\n\n\n\n<p><\/p>\n\n\n\n<figure class=\"wp-block-image size-full\"><img loading=\"lazy\" decoding=\"async\" width=\"469\" height=\"565\" src=\"https:\/\/focotocantinense.com.br\/wp-content\/uploads\/2022\/11\/AAA-7.jpg\" alt=\"\" class=\"wp-image-3257\" srcset=\"https:\/\/focotocantinense.com.br\/wp-content\/uploads\/2022\/11\/AAA-7.jpg 469w, https:\/\/focotocantinense.com.br\/wp-content\/uploads\/2022\/11\/AAA-7-249x300.jpg 249w\" sizes=\"auto, (max-width: 469px) 100vw, 469px\" \/><\/figure>\n","protected":false},"excerpt":{"rendered":"<p>O professor e doutor Wolfgang Teske lan\u00e7ar\u00e1 a sua mais recente obra liter\u00e1ria O maior desafio &#8211; A implanta\u00e7\u00e3o do maior complexo educacional de Palmas \u2013 Tocantins. A noite de aut\u00f3grafos acontece na pr\u00f3xima ter\u00e7a-feira, dia 8, \u00e0s 19 horas, na Biblioteca Jornalista Jaime C\u00e2mara, do Espa\u00e7o Cultural Jos\u00e9 Gomes Sobrinho. O evento integra&nbsp; a &hellip;<\/p>\n","protected":false},"author":5,"featured_media":3257,"comment_status":"open","ping_status":"open","sticky":false,"template":"","format":"standard","meta":{"footnotes":""},"categories":[37],"tags":[],"class_list":["post-3256","post","type-post","status-publish","format-standard","has-post-thumbnail","","category-palmas"],"_links":{"self":[{"href":"https:\/\/focotocantinense.com.br\/index.php?rest_route=\/wp\/v2\/posts\/3256","targetHints":{"allow":["GET"]}}],"collection":[{"href":"https:\/\/focotocantinense.com.br\/index.php?rest_route=\/wp\/v2\/posts"}],"about":[{"href":"https:\/\/focotocantinense.com.br\/index.php?rest_route=\/wp\/v2\/types\/post"}],"author":[{"embeddable":true,"href":"https:\/\/focotocantinense.com.br\/index.php?rest_route=\/wp\/v2\/users\/5"}],"replies":[{"embeddable":true,"href":"https:\/\/focotocantinense.com.br\/index.php?rest_route=%2Fwp%2Fv2%2Fcomments&post=3256"}],"version-history":[{"count":3,"href":"https:\/\/focotocantinense.com.br\/index.php?rest_route=\/wp\/v2\/posts\/3256\/revisions"}],"predecessor-version":[{"id":3260,"href":"https:\/\/focotocantinense.com.br\/index.php?rest_route=\/wp\/v2\/posts\/3256\/revisions\/3260"}],"wp:featuredmedia":[{"embeddable":true,"href":"https:\/\/focotocantinense.com.br\/index.php?rest_route=\/wp\/v2\/media\/3257"}],"wp:attachment":[{"href":"https:\/\/focotocantinense.com.br\/index.php?rest_route=%2Fwp%2Fv2%2Fmedia&parent=3256"}],"wp:term":[{"taxonomy":"category","embeddable":true,"href":"https:\/\/focotocantinense.com.br\/index.php?rest_route=%2Fwp%2Fv2%2Fcategories&post=3256"},{"taxonomy":"post_tag","embeddable":true,"href":"https:\/\/focotocantinense.com.br\/index.php?rest_route=%2Fwp%2Fv2%2Ftags&post=3256"}],"curies":[{"name":"wp","href":"https:\/\/api.w.org\/{rel}","templated":true}]}}