{"id":3247,"date":"2022-11-02T20:58:58","date_gmt":"2022-11-02T23:58:58","guid":{"rendered":"https:\/\/focotocantinense.com.br\/?p=3247"},"modified":"2022-11-02T21:03:59","modified_gmt":"2022-11-03T00:03:59","slug":"secretario-de-educacao-de-tocantinia-e-entrevistado-por-alunos-do-cefya-frei-antonio","status":"publish","type":"post","link":"https:\/\/focotocantinense.com.br\/?p=3247","title":{"rendered":"Secret\u00e1rio de Educa\u00e7\u00e3o de Tocant\u00ednia \u00e9 entrevistado por alunos do Cefya Frei Ant\u00f4nio"},"content":{"rendered":"\n<p>Um grupo de estudantes da unidade escolar Cefya Frei Ant\u00f4nio, foram recebidos no gabinete do secret\u00e1rio de Educa\u00e7\u00e3o Andr\u00e9 Goveia, na tarde desta ter\u00e7a-feira, dia 1\u00ba, com o intuito de entrevista-lo para o&nbsp;<em><strong>Jornal Escolar Di\u00e1logo Educativo<\/strong><\/em>, \u00f3rg\u00e3o de divulga\u00e7\u00e3o das atividades daquele estabelecimento.<\/p>\n\n\n\n<p>Na pauta os estudantes abordaram os temas como a forma\u00e7\u00e3o do secret\u00e1rio e quais os projetos para o futuro na Rede Municipal de Educa\u00e7\u00e3o, bem como, e como, a metodologia utilizada pelos profissionais da Educa\u00e7\u00e3o durante o per\u00edodo de pandemia.<\/p>\n\n\n\n<p>Sempre atencioso com os alunos, o secret\u00e1rio Andr\u00e9 Goveia explicou das dificuldades e os desafios que a Secretaria de Ensino teve para se adequar ao novo modelo de ensino durante a pandemia, como as aulas remotas, depois as aulas no sistema h\u00edbrido, at\u00e9 a retomada das aulas presenciais.<\/p>\n\n\n\n<p>E dentro do projeto educacional do munic\u00edpio, Andr\u00e9 Goveia destacou o Projeto Leitura Viva, que vem estimulando o h\u00e1bito da leitura entre os alunos da Rede Municipal de Ensino.<\/p>\n\n\n\n<p>Segundo o secret\u00e1rio, mesmo em per\u00edodo pand\u00eamico, o munic\u00edpio de Tocant\u00ednia manteve a m\u00e9dia de 5.2 no IDEB, ficando em 15\u00ba lugar no ranking estadual.<\/p>\n\n\n\n<p>Esses alunos est\u00e3o vinculados \u00e0 disciplina Eletiva, sendo orientados pela professora Valdirene Costa e pela Coordenadora Pedag\u00f3gica Michelly Silva.<\/p>\n\n\n\n<figure class=\"wp-block-image size-large\"><img loading=\"lazy\" decoding=\"async\" width=\"1024\" height=\"450\" src=\"https:\/\/focotocantinense.com.br\/wp-content\/uploads\/2022\/11\/image-1024x450.png\" alt=\"\" class=\"wp-image-3249\" srcset=\"https:\/\/focotocantinense.com.br\/wp-content\/uploads\/2022\/11\/image-1024x450.png 1024w, https:\/\/focotocantinense.com.br\/wp-content\/uploads\/2022\/11\/image-300x132.png 300w, https:\/\/focotocantinense.com.br\/wp-content\/uploads\/2022\/11\/image-768x338.png 768w, https:\/\/focotocantinense.com.br\/wp-content\/uploads\/2022\/11\/image.png 1199w\" sizes=\"auto, (max-width: 1024px) 100vw, 1024px\" \/><\/figure>\n\n\n\n<figure class=\"wp-block-image size-large\"><img loading=\"lazy\" decoding=\"async\" width=\"1024\" height=\"722\" src=\"https:\/\/focotocantinense.com.br\/wp-content\/uploads\/2022\/11\/image-1-1024x722.png\" alt=\"\" class=\"wp-image-3250\" srcset=\"https:\/\/focotocantinense.com.br\/wp-content\/uploads\/2022\/11\/image-1-1024x722.png 1024w, https:\/\/focotocantinense.com.br\/wp-content\/uploads\/2022\/11\/image-1-300x211.png 300w, https:\/\/focotocantinense.com.br\/wp-content\/uploads\/2022\/11\/image-1-768x541.png 768w, https:\/\/focotocantinense.com.br\/wp-content\/uploads\/2022\/11\/image-1.png 1280w\" sizes=\"auto, (max-width: 1024px) 100vw, 1024px\" \/><\/figure>\n\n\n\n<figure class=\"wp-block-image size-large\"><img loading=\"lazy\" decoding=\"async\" width=\"1024\" height=\"389\" src=\"https:\/\/focotocantinense.com.br\/wp-content\/uploads\/2022\/11\/image-2-1024x389.png\" alt=\"\" class=\"wp-image-3251\" srcset=\"https:\/\/focotocantinense.com.br\/wp-content\/uploads\/2022\/11\/image-2-1024x389.png 1024w, https:\/\/focotocantinense.com.br\/wp-content\/uploads\/2022\/11\/image-2-300x114.png 300w, https:\/\/focotocantinense.com.br\/wp-content\/uploads\/2022\/11\/image-2-768x292.png 768w, https:\/\/focotocantinense.com.br\/wp-content\/uploads\/2022\/11\/image-2.png 1166w\" sizes=\"auto, (max-width: 1024px) 100vw, 1024px\" \/><\/figure>\n\n\n\n<p><\/p>\n\n\n\n<figure class=\"wp-block-image size-full\"><img loading=\"lazy\" decoding=\"async\" width=\"881\" height=\"563\" src=\"https:\/\/focotocantinense.com.br\/wp-content\/uploads\/2022\/11\/image-3.png\" alt=\"\" class=\"wp-image-3252\" srcset=\"https:\/\/focotocantinense.com.br\/wp-content\/uploads\/2022\/11\/image-3.png 881w, https:\/\/focotocantinense.com.br\/wp-content\/uploads\/2022\/11\/image-3-300x192.png 300w, https:\/\/focotocantinense.com.br\/wp-content\/uploads\/2022\/11\/image-3-768x491.png 768w\" sizes=\"auto, (max-width: 881px) 100vw, 881px\" \/><\/figure>\n\n\n\n<p><\/p>\n\n\n\n<figure class=\"wp-block-image\"><img decoding=\"async\" src=\"blob:https:\/\/focotocantinense.com.br\/8a038525-2aa9-4016-aa77-6b9bab2247f6\" alt=\"\"\/><\/figure>\n","protected":false},"excerpt":{"rendered":"<p>Um grupo de estudantes da unidade escolar Cefya Frei Ant\u00f4nio, foram recebidos no gabinete do secret\u00e1rio de Educa\u00e7\u00e3o Andr\u00e9 Goveia, na tarde desta ter\u00e7a-feira, dia 1\u00ba, com o intuito de entrevista-lo para o&nbsp;Jornal Escolar Di\u00e1logo Educativo, \u00f3rg\u00e3o de divulga\u00e7\u00e3o das atividades daquele estabelecimento. Na pauta os estudantes abordaram os temas como a forma\u00e7\u00e3o do secret\u00e1rio &hellip;<\/p>\n","protected":false},"author":5,"featured_media":3255,"comment_status":"open","ping_status":"open","sticky":false,"template":"","format":"standard","meta":{"footnotes":""},"categories":[78],"tags":[],"class_list":["post-3247","post","type-post","status-publish","format-standard","has-post-thumbnail","","category-tocantinia"],"_links":{"self":[{"href":"https:\/\/focotocantinense.com.br\/index.php?rest_route=\/wp\/v2\/posts\/3247","targetHints":{"allow":["GET"]}}],"collection":[{"href":"https:\/\/focotocantinense.com.br\/index.php?rest_route=\/wp\/v2\/posts"}],"about":[{"href":"https:\/\/focotocantinense.com.br\/index.php?rest_route=\/wp\/v2\/types\/post"}],"author":[{"embeddable":true,"href":"https:\/\/focotocantinense.com.br\/index.php?rest_route=\/wp\/v2\/users\/5"}],"replies":[{"embeddable":true,"href":"https:\/\/focotocantinense.com.br\/index.php?rest_route=%2Fwp%2Fv2%2Fcomments&post=3247"}],"version-history":[{"count":1,"href":"https:\/\/focotocantinense.com.br\/index.php?rest_route=\/wp\/v2\/posts\/3247\/revisions"}],"predecessor-version":[{"id":3253,"href":"https:\/\/focotocantinense.com.br\/index.php?rest_route=\/wp\/v2\/posts\/3247\/revisions\/3253"}],"wp:featuredmedia":[{"embeddable":true,"href":"https:\/\/focotocantinense.com.br\/index.php?rest_route=\/wp\/v2\/media\/3255"}],"wp:attachment":[{"href":"https:\/\/focotocantinense.com.br\/index.php?rest_route=%2Fwp%2Fv2%2Fmedia&parent=3247"}],"wp:term":[{"taxonomy":"category","embeddable":true,"href":"https:\/\/focotocantinense.com.br\/index.php?rest_route=%2Fwp%2Fv2%2Fcategories&post=3247"},{"taxonomy":"post_tag","embeddable":true,"href":"https:\/\/focotocantinense.com.br\/index.php?rest_route=%2Fwp%2Fv2%2Ftags&post=3247"}],"curies":[{"name":"wp","href":"https:\/\/api.w.org\/{rel}","templated":true}]}}