{"id":3235,"date":"2022-11-02T14:55:51","date_gmt":"2022-11-02T17:55:51","guid":{"rendered":"https:\/\/focotocantinense.com.br\/?p=3235"},"modified":"2022-11-02T14:56:33","modified_gmt":"2022-11-02T17:56:33","slug":"secretaria-de-educacao-de-tocantinia-realiza-a-seletiva-do-premio-leitura-viva","status":"publish","type":"post","link":"https:\/\/focotocantinense.com.br\/?p=3235","title":{"rendered":"Secretaria de Educa\u00e7\u00e3o de Tocant\u00ednia realiza a seletiva do Pr\u00eamio Leitura Viva"},"content":{"rendered":"\n<p><strong>Por Leontina Martins<\/strong><\/p>\n\n\n\n<p>A Prefeitura de Tocant\u00ednia, &nbsp;por meio da Secretaria de Educa\u00e7\u00e3o &#8211; Semed e da Comiss\u00e3o Organizadora do Pr\u00eamio Leitura Viva, junto \u00e0 Comiss\u00e3o Julgadora, realizou nesta segunda-feira 31, a avalia\u00e7\u00e3o dos 114 trabalhos dos alunos inscritos no concurso liter\u00e1rio de acordo as categorias e g\u00eaneros textuais, onde tiveram uma abordagem em diversos argumentos para suas produ\u00e7\u00f5es, distribu\u00eddos nas categorias e g\u00eaneros textuais: Desenho; Frase e pequenos textos; al\u00e9m de Hist\u00f3rias em quadrinhos; Conto; Poesia; Mem\u00f3rias e Autobiografia.<\/p>\n\n\n\n<p>O professor Andr\u00e9 Goveia, secret\u00e1rio de Educa\u00e7\u00e3o de Tocant\u00ednia, explica que essa a\u00e7\u00e3o com os alunos da Rede Municipal de Educa\u00e7\u00e3o&nbsp; integra a terceira edi\u00e7\u00e3o do Pr\u00eamio Leitura Viva, de incentivo \u00e0&nbsp; leitura e a produ\u00e7\u00e3o textual.<\/p>\n\n\n\n<p>Goveia lembra que o tema adotado para o certame deste ano \u00e9: Professor &#8211; Tocant\u00ednia e seus mestres\u201d, com a inten\u00e7\u00e3o de incentivar a leitura\/escrita e produ\u00e7\u00e3o textual, enfatizando a import\u00e2ncia da leitura e o desenvolvimento da escrita na forma\u00e7\u00e3o dos educandos desde a Educa\u00e7\u00e3o Infantil ao Ensino Fundamental.<\/p>\n\n\n\n<p><strong>Comiss\u00e3o Julgadora<\/strong><\/p>\n\n\n\n<p>Fizeram parte da Comiss\u00e3o Julgadora desse certame liter\u00e1rio as professoras Eliane Miranda, Sindy Sarah,Tatiane Messias e Gracilene Macedo, representantes das escolas da rede Estadual, al\u00e9m de Thais Costa e a Daniela Cursino, representantes dos &nbsp;Acad\u00eamicos de Tocant\u00ednia; Diego Ramos, representante do Conselho Municipal de Educa\u00e7\u00e3o; bem como, Raimunda dos Santos, representante da Universidade da Maturidade \u2013 Polo Tocant\u00ednia e Ragleide Silva, representando o Conselho Tutelar.<\/p>\n\n\n\n<figure class=\"wp-block-image\"><img decoding=\"async\" src=\"http:\/\/n1to.com.br\/img\/uploads\/10_-_professor_Andr%C3%A9_Goveia,_secret%C3%A1rio_de_Educa%C3%A7%C3%A3o_da_cidade_de_Tocant%C3%ADnia_1.jpg\" alt=\"\"\/><\/figure>\n\n\n\n<figure class=\"wp-block-image size-full is-style-default\"><img loading=\"lazy\" decoding=\"async\" width=\"837\" height=\"438\" src=\"https:\/\/focotocantinense.com.br\/wp-content\/uploads\/2022\/11\/AAA-2.jpg\" alt=\"\" class=\"wp-image-3238\" srcset=\"https:\/\/focotocantinense.com.br\/wp-content\/uploads\/2022\/11\/AAA-2.jpg 837w, https:\/\/focotocantinense.com.br\/wp-content\/uploads\/2022\/11\/AAA-2-300x157.jpg 300w, https:\/\/focotocantinense.com.br\/wp-content\/uploads\/2022\/11\/AAA-2-768x402.jpg 768w\" sizes=\"auto, (max-width: 837px) 100vw, 837px\" \/><\/figure>\n","protected":false},"excerpt":{"rendered":"<p>Por Leontina Martins A Prefeitura de Tocant\u00ednia, &nbsp;por meio da Secretaria de Educa\u00e7\u00e3o &#8211; Semed e da Comiss\u00e3o Organizadora do Pr\u00eamio Leitura Viva, junto \u00e0 Comiss\u00e3o Julgadora, realizou nesta segunda-feira 31, a avalia\u00e7\u00e3o dos 114 trabalhos dos alunos inscritos no concurso liter\u00e1rio de acordo as categorias e g\u00eaneros textuais, onde tiveram uma abordagem em diversos &hellip;<\/p>\n","protected":false},"author":5,"featured_media":3236,"comment_status":"open","ping_status":"open","sticky":false,"template":"","format":"standard","meta":{"footnotes":""},"categories":[78],"tags":[],"class_list":["post-3235","post","type-post","status-publish","format-standard","has-post-thumbnail","","category-tocantinia"],"_links":{"self":[{"href":"https:\/\/focotocantinense.com.br\/index.php?rest_route=\/wp\/v2\/posts\/3235","targetHints":{"allow":["GET"]}}],"collection":[{"href":"https:\/\/focotocantinense.com.br\/index.php?rest_route=\/wp\/v2\/posts"}],"about":[{"href":"https:\/\/focotocantinense.com.br\/index.php?rest_route=\/wp\/v2\/types\/post"}],"author":[{"embeddable":true,"href":"https:\/\/focotocantinense.com.br\/index.php?rest_route=\/wp\/v2\/users\/5"}],"replies":[{"embeddable":true,"href":"https:\/\/focotocantinense.com.br\/index.php?rest_route=%2Fwp%2Fv2%2Fcomments&post=3235"}],"version-history":[{"count":2,"href":"https:\/\/focotocantinense.com.br\/index.php?rest_route=\/wp\/v2\/posts\/3235\/revisions"}],"predecessor-version":[{"id":3239,"href":"https:\/\/focotocantinense.com.br\/index.php?rest_route=\/wp\/v2\/posts\/3235\/revisions\/3239"}],"wp:featuredmedia":[{"embeddable":true,"href":"https:\/\/focotocantinense.com.br\/index.php?rest_route=\/wp\/v2\/media\/3236"}],"wp:attachment":[{"href":"https:\/\/focotocantinense.com.br\/index.php?rest_route=%2Fwp%2Fv2%2Fmedia&parent=3235"}],"wp:term":[{"taxonomy":"category","embeddable":true,"href":"https:\/\/focotocantinense.com.br\/index.php?rest_route=%2Fwp%2Fv2%2Fcategories&post=3235"},{"taxonomy":"post_tag","embeddable":true,"href":"https:\/\/focotocantinense.com.br\/index.php?rest_route=%2Fwp%2Fv2%2Ftags&post=3235"}],"curies":[{"name":"wp","href":"https:\/\/api.w.org\/{rel}","templated":true}]}}