{"id":3227,"date":"2022-10-29T11:03:38","date_gmt":"2022-10-29T14:03:38","guid":{"rendered":"https:\/\/focotocantinense.com.br\/?p=3227"},"modified":"2022-10-29T11:18:34","modified_gmt":"2022-10-29T14:18:34","slug":"professor-e-flagrado-em-manifestacao-politica-durante-festa-de-dia-das-criancas-em-colmeia","status":"publish","type":"post","link":"https:\/\/focotocantinense.com.br\/?p=3227","title":{"rendered":"Professor \u00e9 flagrado em manifesta\u00e7\u00e3o pol\u00edtica durante festa de Dia das Crian\u00e7as em Colm\u00e9ia"},"content":{"rendered":"\n<p>Um professor da rede municipal de ensino da cidade de Colm\u00e9ia, no norte do Tocantins,  foi flagrado manifestando suposta propaganda pol\u00edtica em um evento do Dia das Crian\u00e7as realizado nesta sexta-feira (28), na Escola Municipal Pedro Ludovico Teixeira. A informa\u00e7\u00e3o foi repassada \u00e0 reda\u00e7\u00e3o atrav\u00e9s de den\u00fancias de pais e familiares de alunos que, inclusive, est\u00e3o promovendo um abaixo assinado em rep\u00fadio \u00e0 a\u00e7\u00e3o do educador.<\/p>\n\n\n\n<p>Um v\u00eddeo enviado por internautas mostra o momento em que o professor, cercado de crian\u00e7as, faz o sinal de &#8220;L&#8221; com uma das m\u00e3os, supostamente fazendo refer\u00eancia ao candidato a Presid\u00eancia da Rep\u00fablica, Luiz In\u00e1cio Lula da Silva.&nbsp;<\/p>\n\n\n\n<p>N\u00e3o \u00e9 uma pr\u00e1tica legal a institui\u00e7\u00e3o, ou o docente, demonstrar seu posicionamento pol\u00edtico ou pedir votos para determinado candidato, conforme informa o cientista pol\u00edtico e professor universit\u00e1rio Humberto Dantas. Para ele, esse apoio pode influenciar n\u00e3o s\u00f3 os estudantes, mas tamb\u00e9m a fam\u00edlia dos alunos. Ele afirma que, em termos legais, o papel da escola deve ser o de n\u00e3o se posicionar.<\/p>\n\n\n\n<p>Dantas alerta ainda que a publicidade eleitoral nas escolas \u00e9 crime e cabe multa para o candidato e para o autor, mas \u00e9 necess\u00e1rio haver den\u00fancias e provas da irregularidade. &#8220;O TRE fiscaliza, mas por meio de den\u00fancia. Deve existir uma den\u00fancia formal e a justi\u00e7a eleitoral vai fazer a aplica\u00e7\u00e3o dessa multa.&#8221;<\/p>\n\n\n\n<p>Ainda segundo internautas, o profissional educador n\u00e3o esconde seu posicionamento como apoiador do candidato, como demonstra em seus perfis nas redes sociais.<\/p>\n\n\n\n<p>Um pai de aluno relatou \u00e0 reportagem que &#8220;a manifesta\u00e7\u00e3o \u00e9 um direito de qualquer cidad\u00e3o, por\u00e9m a revolta deu por conta que ultilizou um ambiente escolar, ao lado de alunos e ainda em um evento para eles, demonstrando total desrespeito com o ambiente educacional, inclusive expondo imagem das crian\u00e7as&#8221;.<\/p>\n\n\n\n<p>A Administra\u00e7\u00e3o Municipal informou que j\u00e1 est\u00e1 ciente da situa\u00e7\u00e3o e dever\u00e1 tomar as devidas provid\u00eancias legais.<\/p>\n\n\n\n<figure class=\"wp-block-image size-full\"><img loading=\"lazy\" decoding=\"async\" width=\"644\" height=\"421\" src=\"https:\/\/focotocantinense.com.br\/wp-content\/uploads\/2022\/10\/AAAAAAAAAAAAAAAAAAAAAAAAAAAAAAAAAA-2.jpg\" alt=\"\" class=\"wp-image-3228\" srcset=\"https:\/\/focotocantinense.com.br\/wp-content\/uploads\/2022\/10\/AAAAAAAAAAAAAAAAAAAAAAAAAAAAAAAAAA-2.jpg 644w, https:\/\/focotocantinense.com.br\/wp-content\/uploads\/2022\/10\/AAAAAAAAAAAAAAAAAAAAAAAAAAAAAAAAAA-2-300x196.jpg 300w\" sizes=\"auto, (max-width: 644px) 100vw, 644px\" \/><\/figure>\n","protected":false},"excerpt":{"rendered":"<p>Um professor da rede municipal de ensino da cidade de Colm\u00e9ia, no norte do Tocantins, foi flagrado manifestando suposta propaganda pol\u00edtica em um evento do Dia das Crian\u00e7as realizado nesta sexta-feira (28), na Escola Municipal Pedro Ludovico Teixeira. A informa\u00e7\u00e3o foi repassada \u00e0 reda\u00e7\u00e3o atrav\u00e9s de den\u00fancias de pais e familiares de alunos que, inclusive, &hellip;<\/p>\n","protected":false},"author":5,"featured_media":3228,"comment_status":"open","ping_status":"open","sticky":false,"template":"","format":"standard","meta":{"footnotes":""},"categories":[1],"tags":[],"class_list":["post-3227","post","type-post","status-publish","format-standard","has-post-thumbnail","","category-sem-categoria"],"_links":{"self":[{"href":"https:\/\/focotocantinense.com.br\/index.php?rest_route=\/wp\/v2\/posts\/3227","targetHints":{"allow":["GET"]}}],"collection":[{"href":"https:\/\/focotocantinense.com.br\/index.php?rest_route=\/wp\/v2\/posts"}],"about":[{"href":"https:\/\/focotocantinense.com.br\/index.php?rest_route=\/wp\/v2\/types\/post"}],"author":[{"embeddable":true,"href":"https:\/\/focotocantinense.com.br\/index.php?rest_route=\/wp\/v2\/users\/5"}],"replies":[{"embeddable":true,"href":"https:\/\/focotocantinense.com.br\/index.php?rest_route=%2Fwp%2Fv2%2Fcomments&post=3227"}],"version-history":[{"count":2,"href":"https:\/\/focotocantinense.com.br\/index.php?rest_route=\/wp\/v2\/posts\/3227\/revisions"}],"predecessor-version":[{"id":3231,"href":"https:\/\/focotocantinense.com.br\/index.php?rest_route=\/wp\/v2\/posts\/3227\/revisions\/3231"}],"wp:featuredmedia":[{"embeddable":true,"href":"https:\/\/focotocantinense.com.br\/index.php?rest_route=\/wp\/v2\/media\/3228"}],"wp:attachment":[{"href":"https:\/\/focotocantinense.com.br\/index.php?rest_route=%2Fwp%2Fv2%2Fmedia&parent=3227"}],"wp:term":[{"taxonomy":"category","embeddable":true,"href":"https:\/\/focotocantinense.com.br\/index.php?rest_route=%2Fwp%2Fv2%2Fcategories&post=3227"},{"taxonomy":"post_tag","embeddable":true,"href":"https:\/\/focotocantinense.com.br\/index.php?rest_route=%2Fwp%2Fv2%2Ftags&post=3227"}],"curies":[{"name":"wp","href":"https:\/\/api.w.org\/{rel}","templated":true}]}}