{"id":3209,"date":"2022-10-26T22:05:12","date_gmt":"2022-10-27T01:05:12","guid":{"rendered":"https:\/\/focotocantinense.com.br\/?p=3209"},"modified":"2022-10-26T23:12:59","modified_gmt":"2022-10-27T02:12:59","slug":"escritores-tocantinenses-sao-destaques-na-5a-bienal-internacional-do-livro-de-brasilia","status":"publish","type":"post","link":"https:\/\/focotocantinense.com.br\/?p=3209","title":{"rendered":"Escritores tocantinenses s\u00e3o destaques na 5\u00aa Bienal Internacional do Livro de Bras\u00edlia"},"content":{"rendered":"\n<p><strong><em>Zacarias Martins e Andr\u00e9 Goveia representaram o Estado do Tocantins nesse importante evento liter\u00e1rio<\/em><\/strong><\/p>\n\n\n\n<figure class=\"wp-block-gallery has-nested-images columns-default is-cropped wp-block-gallery-1 is-layout-flex wp-block-gallery-is-layout-flex\">\n<figure class=\"wp-block-image size-large\"><img loading=\"lazy\" decoding=\"async\" width=\"798\" height=\"469\" data-id=\"3213\" src=\"https:\/\/focotocantinense.com.br\/wp-content\/uploads\/2022\/10\/ANDRE-GOVEIA-E-ZACARIAS-MARTINS-NA-BIENAL-INTERNACIONAL-DO-LIVRO-DE-BRASILIA-2022-1.jpg\" alt=\"\" class=\"wp-image-3213\" srcset=\"https:\/\/focotocantinense.com.br\/wp-content\/uploads\/2022\/10\/ANDRE-GOVEIA-E-ZACARIAS-MARTINS-NA-BIENAL-INTERNACIONAL-DO-LIVRO-DE-BRASILIA-2022-1.jpg 798w, https:\/\/focotocantinense.com.br\/wp-content\/uploads\/2022\/10\/ANDRE-GOVEIA-E-ZACARIAS-MARTINS-NA-BIENAL-INTERNACIONAL-DO-LIVRO-DE-BRASILIA-2022-1-300x176.jpg 300w, https:\/\/focotocantinense.com.br\/wp-content\/uploads\/2022\/10\/ANDRE-GOVEIA-E-ZACARIAS-MARTINS-NA-BIENAL-INTERNACIONAL-DO-LIVRO-DE-BRASILIA-2022-1-768x451.jpg 768w\" sizes=\"auto, (max-width: 798px) 100vw, 798px\" \/><\/figure>\n<\/figure>\n\n\n\n<p><\/p>\n\n\n\n<p>A literatura tocantinense foi destaque na noite de ter\u00e7a-feira (25), na quinta edi\u00e7\u00e3o da Bienal Internacional do Livro de Bras\u00edlia, com o lan\u00e7amento do livro de poemas \u201cPinga-Fogo\u201d, do poeta e jornalista, Zacarias Martins, de Gurupi, e Andr\u00e9 Goveia, poeta e secret\u00e1rio de Educa\u00e7\u00e3o de Tocant\u00ednia, que lan\u00e7ou \u201cPoetizando Vidas\u201d, uma colet\u00e2nea de poemas. Ambas as obras foram publicadas pela Editora Veloso.<\/p>\n\n\n\n<p>A noite de aut\u00f3grafos aconteceu no estande da Academia Taguatinguense de Letras (ATL), presidida pelo destacado escritor Gustavo Dourado. Ele que \u00e9 casado com a escritora e jornalista tocantinense Maria F\u00e9lix Fontele. Zacarias Martins e Andr\u00e9 Goveia foram convidados para representar a Literatura do Tocantins nesse importante evento liter\u00e1rio.<\/p>\n\n\n\n<p>Com o tema \u201cA transforma\u00e7\u00e3o acontece aqui\u201d, a 5\u00aa Bienal Internacional do Livro de Bras\u00edlia&nbsp; come\u00e7ou na sexta-feira (21) em formato presencial, ap\u00f3s dois anos paralisada por causa da pandemia da covid-19. Ela re\u00fane 100 expositores \u2013 entre livrarias, distribuidoras e editoras de todo o pa\u00eds \u2013, e poder\u00e3o ser vistos 400 mil t\u00edtulos. A previs\u00e3o \u00e9 movimentar R$ 11 milh\u00f5es.<\/p>\n\n\n\n<p>A Bienal ocupa um espa\u00e7o de 12 mil metros quadrados no Pavilh\u00e3o do Parque da Cidade e ser\u00e1 realizada at\u00e9 o dia 30 de outubro.&nbsp;<\/p>\n\n\n\n<figure class=\"wp-block-image size-full is-resized\"><img loading=\"lazy\" decoding=\"async\" src=\"https:\/\/focotocantinense.com.br\/wp-content\/uploads\/2022\/10\/tttttt.jpg\" alt=\"\" class=\"wp-image-3216\" width=\"721\" height=\"895\" srcset=\"https:\/\/focotocantinense.com.br\/wp-content\/uploads\/2022\/10\/tttttt.jpg 393w, https:\/\/focotocantinense.com.br\/wp-content\/uploads\/2022\/10\/tttttt-242x300.jpg 242w\" sizes=\"auto, (max-width: 721px) 100vw, 721px\" \/><\/figure>\n\n\n\n<figure class=\"wp-block-image is-resized\"><img loading=\"lazy\" decoding=\"async\" src=\"https:\/\/blogger.googleusercontent.com\/img\/b\/R29vZ2xl\/AVvXsEibPT-PvfMF8H50Xcc4f-yS18MSxgx-pf_xv-QUBbvQM0InGNdovPefHJhCfAFboeIgm7ugpKk-H9OKxrR_gl3bhLZ_wAcW01T6Ama-Oc_1X_ebm2WhuJI3FvkZ02ndQzGu8hZKWeU-SgVtDmLv4_gGl3qoWzELPEvAke4PZomIUf93UnbTX-OKSU1A8w\/w460-h345\/bbbb.jpg\" alt=\"\" width=\"727\" height=\"545\"\/><\/figure>\n\n\n\n<figure class=\"wp-block-image is-resized\"><img loading=\"lazy\" decoding=\"async\" src=\"https:\/\/blogger.googleusercontent.com\/img\/b\/R29vZ2xl\/AVvXsEhlWWM9M4NlmK2wR8bOuAGJSy7DnnL52OkNi3cveiQ0LCkt4ryceoIdZq3jZeG3KHpXVFIVZnFisLKuzgXb9t7TWrYsfAdAKtgkhtlVe0nx4TfKVEJt-WaroC_0AT3Z6PZfY2Q5P7XlM8rkPxRsctQssXdW1y5fg2PBslSs8LUTpYptpmgqutrBFdqW7w\/w462-h345\/kkkkk.jpg\" alt=\"\" width=\"726\" height=\"545\"\/><\/figure>\n\n\n\n<figure class=\"wp-block-image is-resized\"><img loading=\"lazy\" decoding=\"async\" src=\"https:\/\/blogger.googleusercontent.com\/img\/b\/R29vZ2xl\/AVvXsEiGemj0yr5xEI86Nz9of7_vc9P9AtgG3LD2KlxVH9AT-BpkJ9oeon1cJyDQh5r6eqApZNdMEa-E2fTikKgcEptLcUBI8TCXAguhKjy8r4_eW82ntAgXG6_bWY-TmPu-7Aqrs7-9HijuIjupS6vz3wUt5VPLs760TTvp-stAnFO5GFZ1X_XjiC882jly6w\/w462-h637\/aaaaa.jpg\" alt=\"\" width=\"735\" height=\"980\"\/><\/figure>\n\n\n\n<figure class=\"wp-block-image is-resized\"><img loading=\"lazy\" decoding=\"async\" src=\"https:\/\/blogger.googleusercontent.com\/img\/b\/R29vZ2xl\/AVvXsEhoCro9Y9z9RhvyVa45tRuRttRI2a3_xiUJJIB0dJzQrQxNewA6sNdG6Swx6WfRjKClidclNJbAaz5nBiZdNLwsG3QjyeXD_7cF4NgQt1-Sgjy6fUtVfdf49Vp_PTMNY120wDrodzdAtRmemmZ21wdEoJ8JRYSeIvifgn17Zt02ARWNlqIphvcY8_SMkw\/w465-h349\/iiii.jpg\" alt=\"\" width=\"737\" height=\"553\"\/><\/figure>\n\n\n\n<figure class=\"wp-block-image is-resized\"><img loading=\"lazy\" decoding=\"async\" src=\"https:\/\/blogger.googleusercontent.com\/img\/b\/R29vZ2xl\/AVvXsEgF-SXLcGWwcqjdrxexcUAKOIaCS4Y9VnQ-vPDUrfWm5yuFG2bt2a1xKI8uh4M52jBfllv-718ZfYkfR1LSW9QStzLhyetdna1n9z5P3FsMhNtm4S43PYuTQxND07tSlx0RYVLMQVn-QuA81ONkLo_Pf_PA64PFfVjm6nPKYhpHByEnTeCAJ3CBoJtg9A\/w466-h349\/hhh.jpg\" alt=\"\" width=\"739\" height=\"553\"\/><\/figure>\n","protected":false},"excerpt":{"rendered":"<p>Zacarias Martins e Andr\u00e9 Goveia representaram o Estado do Tocantins nesse importante evento liter\u00e1rio A literatura tocantinense foi destaque na noite de ter\u00e7a-feira (25), na quinta edi\u00e7\u00e3o da Bienal Internacional do Livro de Bras\u00edlia, com o lan\u00e7amento do livro de poemas \u201cPinga-Fogo\u201d, do poeta e jornalista, Zacarias Martins, de Gurupi, e Andr\u00e9 Goveia, poeta e &hellip;<\/p>\n","protected":false},"author":5,"featured_media":3210,"comment_status":"open","ping_status":"open","sticky":false,"template":"","format":"standard","meta":{"footnotes":""},"categories":[38,91],"tags":[],"class_list":["post-3209","post","type-post","status-publish","format-standard","has-post-thumbnail","","category-gurupi","category-zacarias-martins"],"_links":{"self":[{"href":"https:\/\/focotocantinense.com.br\/index.php?rest_route=\/wp\/v2\/posts\/3209","targetHints":{"allow":["GET"]}}],"collection":[{"href":"https:\/\/focotocantinense.com.br\/index.php?rest_route=\/wp\/v2\/posts"}],"about":[{"href":"https:\/\/focotocantinense.com.br\/index.php?rest_route=\/wp\/v2\/types\/post"}],"author":[{"embeddable":true,"href":"https:\/\/focotocantinense.com.br\/index.php?rest_route=\/wp\/v2\/users\/5"}],"replies":[{"embeddable":true,"href":"https:\/\/focotocantinense.com.br\/index.php?rest_route=%2Fwp%2Fv2%2Fcomments&post=3209"}],"version-history":[{"count":5,"href":"https:\/\/focotocantinense.com.br\/index.php?rest_route=\/wp\/v2\/posts\/3209\/revisions"}],"predecessor-version":[{"id":3220,"href":"https:\/\/focotocantinense.com.br\/index.php?rest_route=\/wp\/v2\/posts\/3209\/revisions\/3220"}],"wp:featuredmedia":[{"embeddable":true,"href":"https:\/\/focotocantinense.com.br\/index.php?rest_route=\/wp\/v2\/media\/3210"}],"wp:attachment":[{"href":"https:\/\/focotocantinense.com.br\/index.php?rest_route=%2Fwp%2Fv2%2Fmedia&parent=3209"}],"wp:term":[{"taxonomy":"category","embeddable":true,"href":"https:\/\/focotocantinense.com.br\/index.php?rest_route=%2Fwp%2Fv2%2Fcategories&post=3209"},{"taxonomy":"post_tag","embeddable":true,"href":"https:\/\/focotocantinense.com.br\/index.php?rest_route=%2Fwp%2Fv2%2Ftags&post=3209"}],"curies":[{"name":"wp","href":"https:\/\/api.w.org\/{rel}","templated":true}]}}