{"id":3203,"date":"2022-10-22T11:00:50","date_gmt":"2022-10-22T14:00:50","guid":{"rendered":"https:\/\/focotocantinense.com.br\/?p=3203"},"modified":"2022-10-22T11:00:51","modified_gmt":"2022-10-22T14:00:51","slug":"cem-dona-filomena-de-miracema-do-tocantins-promove-roda-de-conversa-com-o-poeta-andre-goveia","status":"publish","type":"post","link":"https:\/\/focotocantinense.com.br\/?p=3203","title":{"rendered":"CEM Dona Filomena, de Miracema do Tocantins promove roda de conversa com o poeta Andr\u00e9 Goveia"},"content":{"rendered":"\n<p><strong>Por Zacarias Martins<\/strong><\/p>\n\n\n\n<p>Numa iniciativa da professora regente da disciplina de L\u00edngua Portuguesa, Mauric\u00e9ia Bastos, o CEM &#8211; &nbsp;Centro de Ensino M\u00e9dio Dona Filomena Moreira de Paula, de Miracema do Tocantins, realizou na &nbsp;quinta-feira, dia 20, uma movimentada palestra com o poeta e professor Andr\u00e9 Goveia, dentro da programa\u00e7\u00e3o Jovem em A\u00e7\u00e3o.<\/p>\n\n\n\n<p>A professora Mauric\u00e9ia explica que o &nbsp;objetivo da iniciativa \u00e9 a valoriza\u00e7\u00e3o de autores tocantinenses e regionais e tamb\u00e9m promover o incentivo \u00e0 leitura aos estudantes.<\/p>\n\n\n\n<p>\u201cEsse momento especial de &nbsp;palestra com Andr\u00e9 Goveia &nbsp;foi enriquecedor, tendo contado com a&nbsp; &nbsp;participa\u00e7\u00e3o e envolvimento de todos sem exce\u00e7\u00e3o, que com certeza muitos dos presentes se identificaram com a hist\u00f3ria de vida do autor, podendo refletir sobre suas escolhas futuras e realiza\u00e7\u00e3o de seus projetos de vida\u201d, destacou a professora Mauric\u00e9ia.<\/p>\n\n\n\n<p><strong>Intera\u00e7\u00e3o<\/strong><\/p>\n\n\n\n<p>Durante a sua palestra, Andr\u00e9 Goveia &nbsp;contou um pouco de sua trajet\u00f3ria de vida pessoal acad\u00eamica e profissional com o intuito de incentivar os jovens protagonistas a n\u00e3o desistirem dos seus sonhos.<\/p>\n\n\n\n<p>Goveia tamb\u00e9m promoveu muita&nbsp; intera\u00e7\u00e3o &nbsp;com os servidores e estudantes, e aproveitou para fazer algumas din\u00e2micas e sorteio de livros entre os presentes. Por fim,&nbsp; recitou uma poesia de sua autoria, criada exclusivamente para abordar o programa de fomento inserido na escola.<\/p>\n\n\n\n<p><strong>Credenciais do palestrante<\/strong><\/p>\n\n\n\n<p>Natural de Tocant\u00ednia, Andr\u00e9 Goveia&nbsp; \u00e9 escritor, poeta , professor de carreira da rede estadual, professor na Universidade da Maturidade UFT\/UMA, al\u00e9m de &nbsp;Pedagogo, especialista em Gest\u00e3o Educacional e Metodologias de ensino, Licenciado em Letras, Mestrando em Educa\u00e7\u00e3o.&nbsp; O autor tamb\u00e9m&nbsp; \u00e9 Articulador Municipal do Selo Unicef e Secret\u00e1rio Municipal de Educa\u00e7\u00e3o de Tocant\u00ednia, bem como, Membro-Correspondente da &nbsp;Academia Gurupiense de Letras e da Academia de Letras de Aragua\u00edna e Norte Tocantinense. Participou do \u201cAnu\u00e1rio de Poetas e Escritores &nbsp;do Tocantins\u201d,&nbsp; &nbsp;nas edi\u00e7\u00f5es de 2016, 2017 , 2018, 2019 e da Antologia Veloso 2020. Prefaciador da Colet\u00e2nea de poemas da Universidade Federal do Tocantins 2020.&nbsp; Selecionado para a Colet\u00e2nea Escritores Tocantinenses de autoria do professor da UFNT, &nbsp;Pedro Albeirice da Rocha.&nbsp; \u00c9 autor &nbsp;de cinco livros &nbsp;individuais no &nbsp;g\u00eanero poesia: \u201cRecitando a Vida\u201d; \u201cPoesias da Vida\u201d; &nbsp;\u201cHoje \u00e9 dia de Poesia\u201d; &nbsp;\u201cPoetizando Vidas\u201d e &nbsp;\u201cVersos M\u00e1gicos\u201d. Todos, publicados pela Editora Veloso.<\/p>\n\n\n\n<figure class=\"wp-block-image\"><img decoding=\"async\" src=\"http:\/\/n1to.com.br\/img\/uploads\/VVVVVVV.jpg\" alt=\"\"\/><\/figure>\n\n\n\n<figure class=\"wp-block-image\"><img decoding=\"async\" src=\"http:\/\/n1to.com.br\/img\/uploads\/2222_11.jpg\" alt=\"\"\/><\/figure>\n\n\n\n<figure class=\"wp-block-image\"><img decoding=\"async\" src=\"http:\/\/n1to.com.br\/img\/uploads\/3333_3.jpg\" alt=\"\"\/><\/figure>\n\n\n\n<figure class=\"wp-block-image\"><img decoding=\"async\" src=\"http:\/\/n1to.com.br\/img\/uploads\/4444_3.jpg\" alt=\"\"\/><\/figure>\n\n\n\n<figure class=\"wp-block-image\"><img decoding=\"async\" src=\"http:\/\/n1to.com.br\/img\/uploads\/55555_1.jpg\" alt=\"\"\/><\/figure>\n\n\n\n<figure class=\"wp-block-image\"><img decoding=\"async\" src=\"http:\/\/n1to.com.br\/img\/uploads\/666.jpg\" alt=\"\"\/><\/figure>\n\n\n\n<figure class=\"wp-block-image\"><img decoding=\"async\" src=\"http:\/\/n1to.com.br\/img\/uploads\/777.jpg\" alt=\"\"\/><\/figure>\n","protected":false},"excerpt":{"rendered":"<p>Por Zacarias Martins Numa iniciativa da professora regente da disciplina de L\u00edngua Portuguesa, Mauric\u00e9ia Bastos, o CEM &#8211; &nbsp;Centro de Ensino M\u00e9dio Dona Filomena Moreira de Paula, de Miracema do Tocantins, realizou na &nbsp;quinta-feira, dia 20, uma movimentada palestra com o poeta e professor Andr\u00e9 Goveia, dentro da programa\u00e7\u00e3o Jovem em A\u00e7\u00e3o. A professora Mauric\u00e9ia &hellip;<\/p>\n","protected":false},"author":5,"featured_media":3204,"comment_status":"open","ping_status":"open","sticky":false,"template":"","format":"standard","meta":{"footnotes":""},"categories":[49],"tags":[],"class_list":["post-3203","post","type-post","status-publish","format-standard","has-post-thumbnail","","category-miracema"],"_links":{"self":[{"href":"https:\/\/focotocantinense.com.br\/index.php?rest_route=\/wp\/v2\/posts\/3203","targetHints":{"allow":["GET"]}}],"collection":[{"href":"https:\/\/focotocantinense.com.br\/index.php?rest_route=\/wp\/v2\/posts"}],"about":[{"href":"https:\/\/focotocantinense.com.br\/index.php?rest_route=\/wp\/v2\/types\/post"}],"author":[{"embeddable":true,"href":"https:\/\/focotocantinense.com.br\/index.php?rest_route=\/wp\/v2\/users\/5"}],"replies":[{"embeddable":true,"href":"https:\/\/focotocantinense.com.br\/index.php?rest_route=%2Fwp%2Fv2%2Fcomments&post=3203"}],"version-history":[{"count":1,"href":"https:\/\/focotocantinense.com.br\/index.php?rest_route=\/wp\/v2\/posts\/3203\/revisions"}],"predecessor-version":[{"id":3205,"href":"https:\/\/focotocantinense.com.br\/index.php?rest_route=\/wp\/v2\/posts\/3203\/revisions\/3205"}],"wp:featuredmedia":[{"embeddable":true,"href":"https:\/\/focotocantinense.com.br\/index.php?rest_route=\/wp\/v2\/media\/3204"}],"wp:attachment":[{"href":"https:\/\/focotocantinense.com.br\/index.php?rest_route=%2Fwp%2Fv2%2Fmedia&parent=3203"}],"wp:term":[{"taxonomy":"category","embeddable":true,"href":"https:\/\/focotocantinense.com.br\/index.php?rest_route=%2Fwp%2Fv2%2Fcategories&post=3203"},{"taxonomy":"post_tag","embeddable":true,"href":"https:\/\/focotocantinense.com.br\/index.php?rest_route=%2Fwp%2Fv2%2Ftags&post=3203"}],"curies":[{"name":"wp","href":"https:\/\/api.w.org\/{rel}","templated":true}]}}