{"id":3200,"date":"2022-10-19T12:21:17","date_gmt":"2022-10-19T15:21:17","guid":{"rendered":"https:\/\/focotocantinense.com.br\/?p=3200"},"modified":"2022-10-19T12:21:19","modified_gmt":"2022-10-19T15:21:19","slug":"roda-de-conversa-com-zacarias-martins-movimenta-alunos-da-escola-pedro-guerra-em-lagoa-da-confusao","status":"publish","type":"post","link":"https:\/\/focotocantinense.com.br\/?p=3200","title":{"rendered":"Roda de conversa com Zacarias Martins movimenta alunos da Escola Pedro Guerra, em Lagoa da Confus\u00e3o"},"content":{"rendered":"\n<p>A Escola Municipal Pedro Guerra, em Lagoa da Confus\u00e3o,&nbsp; &nbsp;realizou na tarde desta ter\u00e7a-feira (18),&nbsp; uma roda de conversa, com o poeta, cronista, &nbsp;jornalista e ativista cultural Zacarias Martins, integrante da Academia Tocantinense de Letras e da Academia Gurupiense de Letras.<\/p>\n\n\n\n<p>A iniciativa integra&nbsp; o leque de atividades inseridas no PPP \u2013 Projeto Pol\u00edtico Pedag\u00f3gico&nbsp; da unidade&nbsp; escolar, visando despertar nos estudantes o h\u00e1bito da leitura.&nbsp; O p\u00fablico-alvo foram os alunos do 9\u00ba ano do ensino fundamental.<\/p>\n\n\n\n<p>Durante essa roda de conversa, Zacarias Martins, aproveitou para ministrar uma palestra l\u00fadica e motivacional de incentivo \u00e0 leitura. Tamb\u00e9m &nbsp;sobre o seu livro de cr\u00f4nicas &nbsp;&nbsp;&nbsp; \u201cHist\u00f3rias da Hist\u00f3ria de Gurupi\u201d, publicado pela Editora Veloso e que foi indicado por duas vezes para o exame vestibular da Universidade de Gurupi \u2013 UnirG.<\/p>\n\n\n\n<p>\u201cFicamos gratificados com a presen\u00e7a do poeta Zacarias Martins em nossa escola. Ele tem uma forma muito peculiar de transmitir sua mensagem, fala a linguagem dos alunos e, dessa forma,&nbsp; chama a aten\u00e7\u00e3o para a import\u00e2ncia do h\u00e1bito &nbsp;da leitura\u201d, afirmou a gestora da escola, Marcilene Dias Oliveira Silva.<\/p>\n\n\n\n<p><strong>Sobre o escritor<\/strong><\/p>\n\n\n\n<p>Paraense de Bel\u00e9m, mas residindo em Gurupi desde 1983,&nbsp; &nbsp;Zacarias Martins \u00e9 um escritor premiado e j\u00e1 recebeu v\u00e1rias condecora\u00e7\u00f5es e honrarias em reconhecimento a seu trabalho liter\u00e1rio, dentre as quais, a &nbsp;Medalha da Ordem do M\u00e9rito da Cultura e Cavaleiresca &nbsp;&nbsp;de Santo Amaro, no Grau de Comendador; Medalha de M\u00e9rito Cultural D. Pedro II; T\u00edtulo de Cidad\u00e3o Tocantinense, concedido pela Assembleia Legislativa do Tocantins; al\u00e9m da medalha do M\u00e9rito Acad\u00eamico, outorgada pela Academia Brasileira de Estudos e Pesquisas Liter\u00e1rias.&nbsp;<\/p>\n\n\n\n<p>O poeta j\u00e1 publicou seis livros de poesias. um de cr\u00f4nicas (Hist\u00f3rias da hist\u00f3ria de Gurupi), obra indicada duas vezes para o exame vestibular da Universidade de Gurupi,&nbsp; e, mais recentemente, publicou o seu primeiro livro para o p\u00fablico infantil. Martins tem participa\u00e7\u00e3o em mais de 50 antologias liter\u00e1rias pelo pa\u00eds afora.<\/p>\n\n\n\n<p>Atualmente, ele visita escolas tocantinenses para promover a leitura, divulgar os seus livros e manter uma intera\u00e7\u00e3o com os alunos.<\/p>\n\n\n\n<figure class=\"wp-block-image\"><img decoding=\"async\" src=\"http:\/\/n1to.com.br\/img\/uploads\/CCCC_9.jpg\" alt=\"\"\/><\/figure>\n\n\n\n<figure class=\"wp-block-image\"><img decoding=\"async\" src=\"http:\/\/n1to.com.br\/img\/uploads\/xxxxxxxx.jpg\" alt=\"\"\/><\/figure>\n","protected":false},"excerpt":{"rendered":"<p>A Escola Municipal Pedro Guerra, em Lagoa da Confus\u00e3o,&nbsp; &nbsp;realizou na tarde desta ter\u00e7a-feira (18),&nbsp; uma roda de conversa, com o poeta, cronista, &nbsp;jornalista e ativista cultural Zacarias Martins, integrante da Academia Tocantinense de Letras e da Academia Gurupiense de Letras. A iniciativa integra&nbsp; o leque de atividades inseridas no PPP \u2013 Projeto Pol\u00edtico Pedag\u00f3gico&nbsp; &hellip;<\/p>\n","protected":false},"author":5,"featured_media":3201,"comment_status":"open","ping_status":"open","sticky":false,"template":"","format":"standard","meta":{"footnotes":""},"categories":[71],"tags":[],"class_list":["post-3200","post","type-post","status-publish","format-standard","has-post-thumbnail","","category-lagoa-da-confusao"],"_links":{"self":[{"href":"https:\/\/focotocantinense.com.br\/index.php?rest_route=\/wp\/v2\/posts\/3200","targetHints":{"allow":["GET"]}}],"collection":[{"href":"https:\/\/focotocantinense.com.br\/index.php?rest_route=\/wp\/v2\/posts"}],"about":[{"href":"https:\/\/focotocantinense.com.br\/index.php?rest_route=\/wp\/v2\/types\/post"}],"author":[{"embeddable":true,"href":"https:\/\/focotocantinense.com.br\/index.php?rest_route=\/wp\/v2\/users\/5"}],"replies":[{"embeddable":true,"href":"https:\/\/focotocantinense.com.br\/index.php?rest_route=%2Fwp%2Fv2%2Fcomments&post=3200"}],"version-history":[{"count":1,"href":"https:\/\/focotocantinense.com.br\/index.php?rest_route=\/wp\/v2\/posts\/3200\/revisions"}],"predecessor-version":[{"id":3202,"href":"https:\/\/focotocantinense.com.br\/index.php?rest_route=\/wp\/v2\/posts\/3200\/revisions\/3202"}],"wp:featuredmedia":[{"embeddable":true,"href":"https:\/\/focotocantinense.com.br\/index.php?rest_route=\/wp\/v2\/media\/3201"}],"wp:attachment":[{"href":"https:\/\/focotocantinense.com.br\/index.php?rest_route=%2Fwp%2Fv2%2Fmedia&parent=3200"}],"wp:term":[{"taxonomy":"category","embeddable":true,"href":"https:\/\/focotocantinense.com.br\/index.php?rest_route=%2Fwp%2Fv2%2Fcategories&post=3200"},{"taxonomy":"post_tag","embeddable":true,"href":"https:\/\/focotocantinense.com.br\/index.php?rest_route=%2Fwp%2Fv2%2Ftags&post=3200"}],"curies":[{"name":"wp","href":"https:\/\/api.w.org\/{rel}","templated":true}]}}