{"id":3190,"date":"2022-10-18T09:55:19","date_gmt":"2022-10-18T12:55:19","guid":{"rendered":"https:\/\/focotocantinense.com.br\/?p=3190"},"modified":"2022-10-18T09:57:12","modified_gmt":"2022-10-18T12:57:12","slug":"vereador-di-pede-lampadas-de-led-em-ruas-e-avenidas-de-lagoa-da-confusao","status":"publish","type":"post","link":"https:\/\/focotocantinense.com.br\/?p=3190","title":{"rendered":"Vereador Di pede l\u00e2mpadas de LED em ruas e avenidas de Lagoa da Confus\u00e3o"},"content":{"rendered":"\n<p>O vereador Luiz Edvaldo Coelho dos Santos, o popular Di (PTB), presidente da C\u00e2mara Municipal de Lagoa da Confus\u00e3o,&nbsp; encaminhou requerimento&nbsp; ao prefeito da cidade, Dr. Thiago Carlos, &nbsp;solicitando a substitui\u00e7\u00e3o de l\u00e2mpadas convencionais por LED em todos os postes das ruas &nbsp;e avenidas da c idade, onde ainda n\u00e3o foram trocadas.<\/p>\n\n\n\n<p>&nbsp;O parlamentar afirmou que a troca das l\u00e2mpadas convencionais por LED tem o objetivo de melhorar a seguran\u00e7a dos moradores, uma vez que proporciona mais luminosidade.<\/p>\n\n\n\n<p>&nbsp;\u201c<em>Al\u00e9m das quest\u00f5es relacionadas \u00e0 seguran\u00e7a, as l\u00e2mpadas de LED s\u00e3o mais econ\u00f4micas e sua vida \u00fatil \u00e9 muito maior que as l\u00e2mpadas comuns, bem como os benef\u00edcios para o meio ambiente<\/em>\u201d, concluiu o vereador Di<\/p>\n\n\n\n<p><em><strong>(Zacazrias Martins)<\/strong><\/em><\/p>\n\n\n\n<figure class=\"wp-block-gallery has-nested-images columns-default is-cropped wp-block-gallery-1 is-layout-flex wp-block-gallery-is-layout-flex\">\n<figure class=\"wp-block-image size-large\"><img loading=\"lazy\" decoding=\"async\" width=\"930\" height=\"474\" data-id=\"3194\" src=\"https:\/\/focotocantinense.com.br\/wp-content\/uploads\/2022\/10\/Sem-titulo.jpg\" alt=\"\" class=\"wp-image-3194\" srcset=\"https:\/\/focotocantinense.com.br\/wp-content\/uploads\/2022\/10\/Sem-titulo.jpg 930w, https:\/\/focotocantinense.com.br\/wp-content\/uploads\/2022\/10\/Sem-titulo-300x153.jpg 300w, https:\/\/focotocantinense.com.br\/wp-content\/uploads\/2022\/10\/Sem-titulo-768x391.jpg 768w\" sizes=\"auto, (max-width: 930px) 100vw, 930px\" \/><\/figure>\n<figcaption class=\"blocks-gallery-caption\"><strong><em>Vereador Di, Presidente da C\u00e2mara Municipal de Lagoa da Confus\u00e3o.<\/em><\/strong><\/figcaption><\/figure>\n","protected":false},"excerpt":{"rendered":"<p>O vereador Luiz Edvaldo Coelho dos Santos, o popular Di (PTB), presidente da C\u00e2mara Municipal de Lagoa da Confus\u00e3o,&nbsp; encaminhou requerimento&nbsp; ao prefeito da cidade, Dr. Thiago Carlos, &nbsp;solicitando a substitui\u00e7\u00e3o de l\u00e2mpadas convencionais por LED em todos os postes das ruas &nbsp;e avenidas da c idade, onde ainda n\u00e3o foram trocadas. &nbsp;O parlamentar afirmou &hellip;<\/p>\n","protected":false},"author":5,"featured_media":3192,"comment_status":"open","ping_status":"open","sticky":false,"template":"","format":"standard","meta":{"footnotes":""},"categories":[71],"tags":[],"class_list":["post-3190","post","type-post","status-publish","format-standard","has-post-thumbnail","","category-lagoa-da-confusao"],"_links":{"self":[{"href":"https:\/\/focotocantinense.com.br\/index.php?rest_route=\/wp\/v2\/posts\/3190","targetHints":{"allow":["GET"]}}],"collection":[{"href":"https:\/\/focotocantinense.com.br\/index.php?rest_route=\/wp\/v2\/posts"}],"about":[{"href":"https:\/\/focotocantinense.com.br\/index.php?rest_route=\/wp\/v2\/types\/post"}],"author":[{"embeddable":true,"href":"https:\/\/focotocantinense.com.br\/index.php?rest_route=\/wp\/v2\/users\/5"}],"replies":[{"embeddable":true,"href":"https:\/\/focotocantinense.com.br\/index.php?rest_route=%2Fwp%2Fv2%2Fcomments&post=3190"}],"version-history":[{"count":3,"href":"https:\/\/focotocantinense.com.br\/index.php?rest_route=\/wp\/v2\/posts\/3190\/revisions"}],"predecessor-version":[{"id":3196,"href":"https:\/\/focotocantinense.com.br\/index.php?rest_route=\/wp\/v2\/posts\/3190\/revisions\/3196"}],"wp:featuredmedia":[{"embeddable":true,"href":"https:\/\/focotocantinense.com.br\/index.php?rest_route=\/wp\/v2\/media\/3192"}],"wp:attachment":[{"href":"https:\/\/focotocantinense.com.br\/index.php?rest_route=%2Fwp%2Fv2%2Fmedia&parent=3190"}],"wp:term":[{"taxonomy":"category","embeddable":true,"href":"https:\/\/focotocantinense.com.br\/index.php?rest_route=%2Fwp%2Fv2%2Fcategories&post=3190"},{"taxonomy":"post_tag","embeddable":true,"href":"https:\/\/focotocantinense.com.br\/index.php?rest_route=%2Fwp%2Fv2%2Ftags&post=3190"}],"curies":[{"name":"wp","href":"https:\/\/api.w.org\/{rel}","templated":true}]}}