{"id":3182,"date":"2022-10-13T20:56:27","date_gmt":"2022-10-13T23:56:27","guid":{"rendered":"https:\/\/focotocantinense.com.br\/?p=3182"},"modified":"2022-10-13T21:00:49","modified_gmt":"2022-10-14T00:00:49","slug":"alunos-da-educacao-infantil-de-tocantinia-elegem-os-novos-representantes-de-turma","status":"publish","type":"post","link":"https:\/\/focotocantinense.com.br\/?p=3182","title":{"rendered":"Alunos da educa\u00e7\u00e3o infantil de Tocant\u00ednia elegem os novos representantes de turma"},"content":{"rendered":"\n<p>A Escola Municipal de Educa\u00e7\u00e3o Infantil Tereza Hil\u00e1rio Ribeiro, de Tocant\u00ednia, realizou solenidade na ter\u00e7a-feira, dia 11, para empossar os presidentes e vices eleitos &nbsp;que v\u00e3o representar as turmas do Pr\u00e9-Escolar I e II da Educa\u00e7\u00e3o Infantil.<\/p>\n\n\n\n<p>No Pr\u00e9-Escolar I &#8220;A&#8221;, tomou posse como presidente da turma, a aluna&nbsp; Helena Monteiro Almeida, tendo como vice,&nbsp; sua colega&nbsp; Lara Kaelly &nbsp;Moura;<\/p>\n\n\n\n<p>J\u00e1 no Pr\u00e9-Escolar I &#8220;B&#8221;, quem assumiu a presid\u00eancia foi Maria Cec\u00edlia de&nbsp; &nbsp;Amorim. Seu vice-presidente \u00e9 o Jonathan Sok\u00e3 Xerente.<\/p>\n\n\n\n<p>Nicolly Batista assumiu a presid\u00eancia como representante da&nbsp; turma do Pr\u00e9-Escolar II &#8220;A&#8221;, ao lado de Maria Fernanda Ribeiro, como vice.<\/p>\n\n\n\n<p>E, finalmente, no Pr\u00e9-Escolar II &#8220;B&#8221;, o novo presidente \u00e9 Hemilly Louyse &nbsp;Pereira, tendo como vice, Miguel Corsino Fernandes.<\/p>\n\n\n\n<p>A gestora da Unidade Escolar, professora Sueli Borges Lima elogiou a participa\u00e7\u00e3o das crian\u00e7as nesse processo eleitoral, destacando a import\u00e2ncia em despertar nos alunos, desde cedo,&nbsp; a cultura de participa\u00e7\u00e3o e debates nos &nbsp;processos democr\u00e1ticos.&nbsp;<strong>(Por Leontina Martins)<\/strong><\/p>\n\n\n\n<figure class=\"wp-block-gallery has-nested-images columns-default is-cropped wp-block-gallery-1 is-layout-flex wp-block-gallery-is-layout-flex\">\n<figure class=\"wp-block-image size-large\"><img loading=\"lazy\" decoding=\"async\" width=\"1024\" height=\"576\" data-id=\"3186\" src=\"https:\/\/focotocantinense.com.br\/wp-content\/uploads\/2022\/10\/aaaaaaaaaaaaaaa-1-1024x576.jpg\" alt=\"\" class=\"wp-image-3186\" srcset=\"https:\/\/focotocantinense.com.br\/wp-content\/uploads\/2022\/10\/aaaaaaaaaaaaaaa-1-1024x576.jpg 1024w, https:\/\/focotocantinense.com.br\/wp-content\/uploads\/2022\/10\/aaaaaaaaaaaaaaa-1-300x169.jpg 300w, https:\/\/focotocantinense.com.br\/wp-content\/uploads\/2022\/10\/aaaaaaaaaaaaaaa-1-768x432.jpg 768w, https:\/\/focotocantinense.com.br\/wp-content\/uploads\/2022\/10\/aaaaaaaaaaaaaaa-1-1536x864.jpg 1536w, https:\/\/focotocantinense.com.br\/wp-content\/uploads\/2022\/10\/aaaaaaaaaaaaaaa-1.jpg 1600w\" sizes=\"auto, (max-width: 1024px) 100vw, 1024px\" \/><\/figure>\n<\/figure>\n\n\n\n<figure class=\"wp-block-image size-full is-resized\"><img loading=\"lazy\" decoding=\"async\" src=\"https:\/\/focotocantinense.com.br\/wp-content\/uploads\/2022\/10\/bbbb.jpg\" alt=\"\" class=\"wp-image-3188\" width=\"838\" height=\"660\" srcset=\"https:\/\/focotocantinense.com.br\/wp-content\/uploads\/2022\/10\/bbbb.jpg 538w, https:\/\/focotocantinense.com.br\/wp-content\/uploads\/2022\/10\/bbbb-300x236.jpg 300w\" sizes=\"auto, (max-width: 838px) 100vw, 838px\" \/><\/figure>\n","protected":false},"excerpt":{"rendered":"<p>A Escola Municipal de Educa\u00e7\u00e3o Infantil Tereza Hil\u00e1rio Ribeiro, de Tocant\u00ednia, realizou solenidade na ter\u00e7a-feira, dia 11, para empossar os presidentes e vices eleitos &nbsp;que v\u00e3o representar as turmas do Pr\u00e9-Escolar I e II da Educa\u00e7\u00e3o Infantil. No Pr\u00e9-Escolar I &#8220;A&#8221;, tomou posse como presidente da turma, a aluna&nbsp; Helena Monteiro Almeida, tendo como vice,&nbsp; &hellip;<\/p>\n","protected":false},"author":5,"featured_media":3183,"comment_status":"open","ping_status":"open","sticky":false,"template":"","format":"standard","meta":{"footnotes":""},"categories":[1],"tags":[],"class_list":["post-3182","post","type-post","status-publish","format-standard","has-post-thumbnail","","category-sem-categoria"],"_links":{"self":[{"href":"https:\/\/focotocantinense.com.br\/index.php?rest_route=\/wp\/v2\/posts\/3182","targetHints":{"allow":["GET"]}}],"collection":[{"href":"https:\/\/focotocantinense.com.br\/index.php?rest_route=\/wp\/v2\/posts"}],"about":[{"href":"https:\/\/focotocantinense.com.br\/index.php?rest_route=\/wp\/v2\/types\/post"}],"author":[{"embeddable":true,"href":"https:\/\/focotocantinense.com.br\/index.php?rest_route=\/wp\/v2\/users\/5"}],"replies":[{"embeddable":true,"href":"https:\/\/focotocantinense.com.br\/index.php?rest_route=%2Fwp%2Fv2%2Fcomments&post=3182"}],"version-history":[{"count":4,"href":"https:\/\/focotocantinense.com.br\/index.php?rest_route=\/wp\/v2\/posts\/3182\/revisions"}],"predecessor-version":[{"id":3189,"href":"https:\/\/focotocantinense.com.br\/index.php?rest_route=\/wp\/v2\/posts\/3182\/revisions\/3189"}],"wp:featuredmedia":[{"embeddable":true,"href":"https:\/\/focotocantinense.com.br\/index.php?rest_route=\/wp\/v2\/media\/3183"}],"wp:attachment":[{"href":"https:\/\/focotocantinense.com.br\/index.php?rest_route=%2Fwp%2Fv2%2Fmedia&parent=3182"}],"wp:term":[{"taxonomy":"category","embeddable":true,"href":"https:\/\/focotocantinense.com.br\/index.php?rest_route=%2Fwp%2Fv2%2Fcategories&post=3182"},{"taxonomy":"post_tag","embeddable":true,"href":"https:\/\/focotocantinense.com.br\/index.php?rest_route=%2Fwp%2Fv2%2Ftags&post=3182"}],"curies":[{"name":"wp","href":"https:\/\/api.w.org\/{rel}","templated":true}]}}