{"id":3178,"date":"2022-10-11T15:48:43","date_gmt":"2022-10-11T18:48:43","guid":{"rendered":"https:\/\/focotocantinense.com.br\/?p=3178"},"modified":"2022-10-11T15:48:44","modified_gmt":"2022-10-11T18:48:44","slug":"prefeitura-de-gurupi-oferece-transporte-gratuito-para-criancas-curtirem-festa-nesta-quarta-feira","status":"publish","type":"post","link":"https:\/\/focotocantinense.com.br\/?p=3178","title":{"rendered":"Prefeitura de Gurupi oferece transporte gratuito para crian\u00e7as curtirem festa nesta quarta-feira"},"content":{"rendered":"\n<p>Para participar da comemora\u00e7\u00e3o deste dia 12 de outubro em Gurupi, as crian\u00e7as, acompanhadas dos pais ou respons\u00e1veis, v\u00e3o contar com transporte gratuito at\u00e9 a Pra\u00e7a do Centro Cultural Mauro Cunha, e tamb\u00e9m no trajeto de volta.<\/p>\n\n\n\n<p>A Prefeitura de Gurupi, por meio da Secretaria da Educa\u00e7\u00e3o&nbsp;(SEMEG), em parceria com a Universidade de Gurupi (UnirG) e com a C\u00e2mara de Vereadores, montaram uma programa\u00e7\u00e3o com o tema \u201cUm dia no Circo\u201d. A festividade acontece nesta quarta-feira, 12, das 8h \u00e0s 11h.<\/p>\n\n\n\n<p>\u201cAs rotas foram distribu\u00eddas em pontos estrat\u00e9gicos para facilitar o acesso. A diferen\u00e7a esse ano \u00e9 a programa\u00e7\u00e3o unificada, para isso vamos trazer as crian\u00e7as do povoado Trevo da Praia. O transporte vai sair de l\u00e1, a partir das 6h30 da manh\u00e3. Vai ser uma grande festa de comemora\u00e7\u00e3o para toda a comunidade\u201d, comentou Davi Abrantes, secret\u00e1rio municipal da Educa\u00e7\u00e3o.<\/p>\n\n\n\n<p>Nas rotas do Centro da cidade, o transporte gratuito come\u00e7a a partir das 7h da manh\u00e3 e o retorno para casa ser\u00e1 a partir das 11 horas.<\/p>\n\n\n\n<ul class=\"wp-block-list\"><li><strong>Rota 1:<\/strong><\/li><\/ul>\n\n\n\n<p>Setor Vila Nova (Pra\u00e7a)<\/p>\n\n\n\n<p>Setor Aeroporto (CTG)<\/p>\n\n\n\n<ul class=\"wp-block-list\"><li><strong>&nbsp;<\/strong><strong>Rota 2:<\/strong><\/li><\/ul>\n\n\n\n<p>Setor Campo Bello (Pra\u00e7a)<\/p>\n\n\n\n<p>Setor Parque das Ac\u00e1cias (Escola Municipal Dr. Ulisses Guimar\u00e3es)<\/p>\n\n\n\n<p>Rua S-15 (em frente ao supermercado Beira Rio)<\/p>\n\n\n\n<ul class=\"wp-block-list\"><li><strong>Rota 3:<\/strong><\/li><\/ul>\n\n\n\n<p>Setor Jardim dos Buritis (Escola Municipal Domingos Barreira)<\/p>\n\n\n\n<p>Setor Pedroso (Escola Municipal Gilberto Rezende)<\/p>\n\n\n\n<p>Avenida Duer\u00e9 (pr\u00f3ximo ao Residencial Jo\u00e3o Lisboa da Cruz)<\/p>\n\n\n\n<ul class=\"wp-block-list\"><li><strong>Rota 4:<\/strong><\/li><\/ul>\n\n\n\n<p>Setor Alvorada l e II (Escola Municipal Agripino)<\/p>\n\n\n\n<p>Setor Bela Vista (Avenida B)<\/p>\n\n\n\n<p>Setor Santa Rita (Cemei Senador Jo\u00e3o Ribeiro)<\/p>\n\n\n\n<ul class=\"wp-block-list\"><li><strong>Rota 5:<\/strong><\/li><\/ul>\n\n\n\n<p>Setor Vila S\u00e3o Jos\u00e9 (Feira Coberta da 13)<\/p>\n\n\n\n<p>Rua 13<\/p>\n\n\n\n<ul class=\"wp-block-list\"><li><strong>Rota 6:<\/strong><\/li><\/ul>\n\n\n\n<p>Setor Residencial Madrid (Pra\u00e7a)<\/p>\n\n\n\n<p>Setor Jardim das Bandeiras (rota do \u00f4nibus escolar)<\/p>\n\n\n\n<ul class=\"wp-block-list\"><li><strong>Rota 7:<\/strong><\/li><\/ul>\n\n\n\n<p>Setor Industrial (Escola Municipal Elizeu de Carvalho)<\/p>\n\n\n\n<figure class=\"wp-block-gallery has-nested-images columns-default is-cropped wp-block-gallery-1 is-layout-flex wp-block-gallery-is-layout-flex\">\n<figure class=\"wp-block-image size-large\"><img loading=\"lazy\" decoding=\"async\" width=\"937\" height=\"477\" data-id=\"3180\" src=\"https:\/\/focotocantinense.com.br\/wp-content\/uploads\/2022\/10\/AAA-2.jpg\" alt=\"\" class=\"wp-image-3180\" srcset=\"https:\/\/focotocantinense.com.br\/wp-content\/uploads\/2022\/10\/AAA-2.jpg 937w, https:\/\/focotocantinense.com.br\/wp-content\/uploads\/2022\/10\/AAA-2-300x153.jpg 300w, https:\/\/focotocantinense.com.br\/wp-content\/uploads\/2022\/10\/AAA-2-768x391.jpg 768w\" sizes=\"auto, (max-width: 937px) 100vw, 937px\" \/><\/figure>\n<\/figure>\n\n\n\n<figure class=\"wp-block-image\"><img decoding=\"async\" src=\"http:\/\/n1to.com.br\/img\/uploads\/TIO_BARNABEE_OK_140.jpg\" alt=\"\"\/><\/figure>\n","protected":false},"excerpt":{"rendered":"<p>Para participar da comemora\u00e7\u00e3o deste dia 12 de outubro em Gurupi, as crian\u00e7as, acompanhadas dos pais ou respons\u00e1veis, v\u00e3o contar com transporte gratuito at\u00e9 a Pra\u00e7a do Centro Cultural Mauro Cunha, e tamb\u00e9m no trajeto de volta. A Prefeitura de Gurupi, por meio da Secretaria da Educa\u00e7\u00e3o&nbsp;(SEMEG), em parceria com a Universidade de Gurupi (UnirG) &hellip;<\/p>\n","protected":false},"author":5,"featured_media":3179,"comment_status":"open","ping_status":"open","sticky":false,"template":"","format":"standard","meta":{"footnotes":""},"categories":[38],"tags":[],"class_list":["post-3178","post","type-post","status-publish","format-standard","has-post-thumbnail","","category-gurupi"],"_links":{"self":[{"href":"https:\/\/focotocantinense.com.br\/index.php?rest_route=\/wp\/v2\/posts\/3178","targetHints":{"allow":["GET"]}}],"collection":[{"href":"https:\/\/focotocantinense.com.br\/index.php?rest_route=\/wp\/v2\/posts"}],"about":[{"href":"https:\/\/focotocantinense.com.br\/index.php?rest_route=\/wp\/v2\/types\/post"}],"author":[{"embeddable":true,"href":"https:\/\/focotocantinense.com.br\/index.php?rest_route=\/wp\/v2\/users\/5"}],"replies":[{"embeddable":true,"href":"https:\/\/focotocantinense.com.br\/index.php?rest_route=%2Fwp%2Fv2%2Fcomments&post=3178"}],"version-history":[{"count":1,"href":"https:\/\/focotocantinense.com.br\/index.php?rest_route=\/wp\/v2\/posts\/3178\/revisions"}],"predecessor-version":[{"id":3181,"href":"https:\/\/focotocantinense.com.br\/index.php?rest_route=\/wp\/v2\/posts\/3178\/revisions\/3181"}],"wp:featuredmedia":[{"embeddable":true,"href":"https:\/\/focotocantinense.com.br\/index.php?rest_route=\/wp\/v2\/media\/3179"}],"wp:attachment":[{"href":"https:\/\/focotocantinense.com.br\/index.php?rest_route=%2Fwp%2Fv2%2Fmedia&parent=3178"}],"wp:term":[{"taxonomy":"category","embeddable":true,"href":"https:\/\/focotocantinense.com.br\/index.php?rest_route=%2Fwp%2Fv2%2Fcategories&post=3178"},{"taxonomy":"post_tag","embeddable":true,"href":"https:\/\/focotocantinense.com.br\/index.php?rest_route=%2Fwp%2Fv2%2Ftags&post=3178"}],"curies":[{"name":"wp","href":"https:\/\/api.w.org\/{rel}","templated":true}]}}