{"id":3165,"date":"2022-10-10T19:51:43","date_gmt":"2022-10-10T22:51:43","guid":{"rendered":"https:\/\/focotocantinense.com.br\/?p=3165"},"modified":"2022-10-10T19:52:51","modified_gmt":"2022-10-10T22:52:51","slug":"governador-wanderlei-barbosa-nomeia-o-procurador-geral-de-justica-reeleito-luciano-casaroti","status":"publish","type":"post","link":"https:\/\/focotocantinense.com.br\/?p=3165","title":{"rendered":"Governador Wanderlei Barbosa nomeia o procurador-geral de Justi\u00e7a reeleito, Luciano Casaroti"},"content":{"rendered":"\n<p>Nesta segunda-feira, 10, o governador Wanderlei Barbosa assinou a nomea\u00e7\u00e3o do procurador-geral de Justi\u00e7a, Luciano Casaroti, reeleito pelos membros do Minist\u00e9rio P\u00fablico do Tocantins (MPTO) para continuar \u00e0 frente da institui\u00e7\u00e3o pelo bi\u00eanio 2023\/2024. O ato de nomea\u00e7\u00e3o ser\u00e1 publicado no Di\u00e1rio Oficial do Estado (DOE) tamb\u00e9m nesta segunda-feira, 10.<\/p>\n\n\n\n<p>No ato de assinatura, Wanderlei Barbosa lembrou da import\u00e2ncia do MPTO para a popula\u00e7\u00e3o como um \u00f3rg\u00e3o fiscalizador e defensor dos interesses da sociedade.<\/p>\n\n\n\n<p>\u201cO Minist\u00e9rio P\u00fablico \u00e9 um \u00f3rg\u00e3o independente, um \u00f3rg\u00e3o que traz cidadania, que busca defender o cidad\u00e3o e isso, para n\u00f3s, tem uma grande valia. O procurador Luciano Casaroti sempre esteve presente de maneira muito pr\u00f3xima, tanto com o cidad\u00e3o quanto com o Estado.<\/p>\n\n\n\n<p>Este \u00e9 um momento de muita satisfa\u00e7\u00e3o, de assinarmos esse encaminhamento sabendo que o \u00f3rg\u00e3o ser\u00e1 muito bem conduzido, com um grande trabalho\u201d, afirmou o Governador.<\/p>\n\n\n\n<p>Ainda durante a nomea\u00e7\u00e3o, o procurador afirmou que o trabalho \u00e0 frente do MPTO tem como objetivo atuar pela popula\u00e7\u00e3o. Ele tamb\u00e9m enfatizou sobre a boa parceria com o Governo do Tocantins.<\/p>\n\n\n\n<p>&#8220;Pensamos em continuar trabalhando para o fortalecimento do Minist\u00e9rio P\u00fablico, que seja coeso, altivo, sempre em prol da nossa sociedade. Esses s\u00e3o os nossos objetivos. Temos uma parceria muito boa com o Estado, muito respeito com o Governo, que muito respeita o Minist\u00e9rio P\u00fablico. Procuramos resolver as quest\u00f5es institucionais da melhor maneira poss\u00edvel\u201d, declarou Luciano Casaroti.<\/p>\n\n\n\n<p>Estiveram presentes na solenidade o secret\u00e1rio da Casa Civil, Deocleciano Gomes Filho; o procurador-geral do Estado, Kledson de Moura Lima; o secret\u00e1rio de Estado da Fazenda, J\u00falio Edstron Santos; e representantes do Minist\u00e9rio P\u00fablico como o chefe de gabinete da Procuradoria-Geral da Justi\u00e7a (PGJ), o&nbsp;promotor de Justi\u00e7a Abel Andrade Leal J\u00fanior; os assessores especial jur\u00eddico da PGJ, os promotores de Justi\u00e7a Marcelo Ulisses Sampaio e Celsimar Cust\u00f3dio Silva; al\u00e9m do presidente da Associa\u00e7\u00e3o Tocantinense do Minist\u00e9rio P\u00fablico (ATMP), Pedro Evandro de Vicente Rufato; e a deputada estadual, Claudia Lelis.<\/p>\n\n\n\n<p><strong>Reelei\u00e7\u00e3o e Atribui\u00e7\u00f5es<\/strong><\/p>\n\n\n\n<p>A reelei\u00e7\u00e3o de Luciano Casaroti ocorreu na \u00faltima sexta-feira, 7, quando o procurador-geral de Justi\u00e7a obteve 97 votos, o que representa 92% dos membros aptos a votar. Luciano Casaroti disputou o pleito na condi\u00e7\u00e3o de candidato \u00fanico, ap\u00f3s exercer a gest\u00e3o 2021\/2022 e concorrer \u00e0 reelei\u00e7\u00e3o.<\/p>\n\n\n\n<p>Fazem parte das outras fun\u00e7\u00f5es do procurador-geral de Justi\u00e7a a gest\u00e3o administrativa e or\u00e7ament\u00e1ria do MPTO e atribui\u00e7\u00f5es processuais exclusivas, previstas na legisla\u00e7\u00e3o.<\/p>\n\n\n\n<p><strong>Perfil<\/strong><\/p>\n\n\n\n<p>Natural de Presidente Prudente (SP), Luciano Casaroti \u00e9 graduado em Direito e ingressou no MPTO em 2010. Ele atuou como promotor de Justi\u00e7a em oito comarcas: Anan\u00e1s, Tocantin\u00f3polis, Formoso do Araguaia, Alvorada, Arapoema, Itacaj\u00e1, Xambio\u00e1 e Aragua\u00edna. Tamb\u00e9m presidiu a Associa\u00e7\u00e3o Tocantinense do Minist\u00e9rio P\u00fablico (ATMP) por tr\u00eas gest\u00f5es consecutivas e comp\u00f4s a Associa\u00e7\u00e3o Nacional dos Membros do MP (Conamp) como diretor da Regi\u00e3o Norte e membro do Conselho Fiscal, dentre outras fun\u00e7\u00f5es.<\/p>\n\n\n\n<figure class=\"wp-block-image size-full\"><img loading=\"lazy\" decoding=\"async\" width=\"581\" height=\"402\" src=\"https:\/\/focotocantinense.com.br\/wp-content\/uploads\/2022\/10\/ccc.jpg\" alt=\"\" class=\"wp-image-3170\" srcset=\"https:\/\/focotocantinense.com.br\/wp-content\/uploads\/2022\/10\/ccc.jpg 581w, https:\/\/focotocantinense.com.br\/wp-content\/uploads\/2022\/10\/ccc-300x208.jpg 300w, https:\/\/focotocantinense.com.br\/wp-content\/uploads\/2022\/10\/ccc-110x75.jpg 110w\" sizes=\"auto, (max-width: 581px) 100vw, 581px\" \/><\/figure>\n","protected":false},"excerpt":{"rendered":"<p>Nesta segunda-feira, 10, o governador Wanderlei Barbosa assinou a nomea\u00e7\u00e3o do procurador-geral de Justi\u00e7a, Luciano Casaroti, reeleito pelos membros do Minist\u00e9rio P\u00fablico do Tocantins (MPTO) para continuar \u00e0 frente da institui\u00e7\u00e3o pelo bi\u00eanio 2023\/2024. O ato de nomea\u00e7\u00e3o ser\u00e1 publicado no Di\u00e1rio Oficial do Estado (DOE) tamb\u00e9m nesta segunda-feira, 10. No ato de assinatura, Wanderlei &hellip;<\/p>\n","protected":false},"author":5,"featured_media":3167,"comment_status":"open","ping_status":"open","sticky":false,"template":"","format":"standard","meta":{"footnotes":""},"categories":[37],"tags":[],"class_list":["post-3165","post","type-post","status-publish","format-standard","has-post-thumbnail","","category-palmas"],"_links":{"self":[{"href":"https:\/\/focotocantinense.com.br\/index.php?rest_route=\/wp\/v2\/posts\/3165","targetHints":{"allow":["GET"]}}],"collection":[{"href":"https:\/\/focotocantinense.com.br\/index.php?rest_route=\/wp\/v2\/posts"}],"about":[{"href":"https:\/\/focotocantinense.com.br\/index.php?rest_route=\/wp\/v2\/types\/post"}],"author":[{"embeddable":true,"href":"https:\/\/focotocantinense.com.br\/index.php?rest_route=\/wp\/v2\/users\/5"}],"replies":[{"embeddable":true,"href":"https:\/\/focotocantinense.com.br\/index.php?rest_route=%2Fwp%2Fv2%2Fcomments&post=3165"}],"version-history":[{"count":3,"href":"https:\/\/focotocantinense.com.br\/index.php?rest_route=\/wp\/v2\/posts\/3165\/revisions"}],"predecessor-version":[{"id":3171,"href":"https:\/\/focotocantinense.com.br\/index.php?rest_route=\/wp\/v2\/posts\/3165\/revisions\/3171"}],"wp:featuredmedia":[{"embeddable":true,"href":"https:\/\/focotocantinense.com.br\/index.php?rest_route=\/wp\/v2\/media\/3167"}],"wp:attachment":[{"href":"https:\/\/focotocantinense.com.br\/index.php?rest_route=%2Fwp%2Fv2%2Fmedia&parent=3165"}],"wp:term":[{"taxonomy":"category","embeddable":true,"href":"https:\/\/focotocantinense.com.br\/index.php?rest_route=%2Fwp%2Fv2%2Fcategories&post=3165"},{"taxonomy":"post_tag","embeddable":true,"href":"https:\/\/focotocantinense.com.br\/index.php?rest_route=%2Fwp%2Fv2%2Ftags&post=3165"}],"curies":[{"name":"wp","href":"https:\/\/api.w.org\/{rel}","templated":true}]}}