{"id":3160,"date":"2022-10-08T21:00:42","date_gmt":"2022-10-09T00:00:42","guid":{"rendered":"https:\/\/focotocantinense.com.br\/?p=3160"},"modified":"2022-10-08T21:02:25","modified_gmt":"2022-10-09T00:02:25","slug":"tocantinia-comemora-69-anos-de-sua-emancipacao-politica","status":"publish","type":"post","link":"https:\/\/focotocantinense.com.br\/?p=3160","title":{"rendered":"Tocant\u00ednia comemora\u00a0 69 anos de sua emancipa\u00e7\u00e3o pol\u00edtica"},"content":{"rendered":"\n<p><strong>Por Zacarias Martins<\/strong><\/p>\n\n\n\n<p>O munic\u00edpio de Tocant\u00ednia, a &nbsp;75 km de Palmas, festejou na sexta-feira, dia 7, os seus 69 anos de emancipa\u00e7\u00e3o pol\u00edtica. &nbsp;Mas as comemora\u00e7\u00f5es festivas come\u00e7aram na quinta-feira, dia, com um culto de a\u00e7\u00e3o de gra\u00e7as, realizado \u00e0 noite, nas proximidades da Pra\u00e7a Valperino Gomes de Oliveira, no centro da cidade. J\u00e1 no dia seguinte, pela manh\u00e3, teve alvorada festiva com os m\u00fasicos da Banda da Pol\u00edcia Militar do Tocantins. Ap\u00f3s, foi&nbsp;celebrada&nbsp;a Missa da&nbsp;Padroeira Nossa Senhora do Ros\u00e1rio, na par\u00f3quia S\u00e3o Sebasti\u00e3o,&nbsp;com a presen\u00e7a do prefeito Manoel Silvino, secret\u00e1rios, vereadores, demais autoridades e o p\u00fablico em geral.<\/p>\n\n\n\n<p><strong>Desfile c\u00edvico<\/strong><\/p>\n\n\n\n<p>Ainda na sexta-feira, pela parte da tarde, aconteceu o tradicional&nbsp; desfile c\u00edvico dos estudantes, que foi aberto&nbsp; pelo Col\u00e9gio Estadual Batista Professora Beatriz Rodrigues da Silva, seguido pela fanfarra&nbsp; do Centro de Ensino M\u00e9dio Militar Maria dos Reis Alves Barros. Depois desfilaram os alunos da Escola Municipal de Educa\u00e7\u00e3o Infantil Tereza Hil\u00e1rio Ribeiro, e a Escola Municipal Professor &nbsp;Constantino Pedro de Castro.<\/p>\n\n\n\n<p>Na sequ\u00eancia da programa\u00e7\u00e3o aconteceu o desfile da Fanfarra do Munic\u00edpio de Lajeado e da Escola Municipal Ana Alves de Brito e da Escola Municipal Benvindo Souza Luz.<\/p>\n\n\n\n<p>Os alunos do Centro Educacional F\u00e9 e Alegria Frei Ant\u00f4nio tamb\u00e9m marcaram presen\u00e7a no desfile, seguidos pelos alunos da Escola Municipal de Educa\u00e7\u00e3o Infantil Ind\u00edgena Simsari, bem como, da Escola Municipal de Tempo Integral Ant\u00f4nio Benvindo da Luz. Os alunos do Centro de Ensino M\u00e9dio Militar&nbsp; Santa Terezinha encerraram em grande estilo a participa\u00e7\u00e3o no desfile c\u00edvico estudantil em Tocant\u00ednia.<\/p>\n\n\n\n<p><strong>Bel\u00edssima apresenta\u00e7\u00e3o<\/strong><\/p>\n\n\n\n<p>O secret\u00e1rio de Educa\u00e7\u00e3o de Tocant\u00ednia, professor Andr\u00e9 Goveia parabenizou todos os alunos que participaram do desfile que, mesmo debaixo de uma pequena chuva que chegou a cair, n\u00e3o esmoreceram e mostraram na avenida uma &nbsp;bel\u00edssima apresenta\u00e7\u00e3o e muito entusiasmo por poderem participar desse desfile que \u00e9 o primeiro ap\u00f3s o per\u00edodo de pandemia.<\/p>\n\n\n\n<p>\u201cQuero agradecer ao prefeito de Tocant\u00ednia, Manoel Silvino, que nos deu condi\u00e7\u00f5es para que realiz\u00e1ssemos um belo evento que contou com o envolvimento de todas as secretarias do munic\u00edpio\u201d, afirmou o secret\u00e1rio Andr\u00e9 Goveia.<\/p>\n\n\n\n<p><strong>Inaugura\u00e7\u00e3o<\/strong><\/p>\n\n\n\n<p>No in\u00edcio da noite a popula\u00e7\u00e3o e autoridades se dirigiram at\u00e9 a Pra\u00e7a Frei Ant\u00f4nio de Ganges, onde o prefeito Manoel Silvino promoveu a inaugura\u00e7\u00e3o da reforma e revitaliza\u00e7\u00e3o do que antes era o antigo pr\u00e9dio da Prefeitura de Tocant\u00ednia. Trata-se de um pr\u00e9dio hist\u00f3rico e que durante muito tempo se encontrava abandonado, mas que agora ganhou cara nova, com modernas e funcionais instala\u00e7\u00f5es, onde passa a funcionar, a partir de agora, o Gabinete do Prefeito e outras Pastas.<\/p>\n\n\n\n<p>O prefeito Manoel Silvino, no seu pronunciamento durante a inaugura\u00e7\u00e3o, disse que se sentia muito gratificado em poder&nbsp; entregar \u00e0 popula\u00e7\u00e3o tocantiniense a reforma, com a devida readequa\u00e7\u00e3o do &nbsp;pr\u00e9dio da Prefeitura, resgatando, dessa forma, um importante marco hist\u00f3rico do patrim\u00f4nio municipal.<\/p>\n\n\n\n<p><strong>Homenagens<\/strong><\/p>\n\n\n\n<p>A programa\u00e7\u00e3o de inaugura\u00e7\u00e3o da reforma do pr\u00e9dio, contou ainda, com a solenidade de entrega de placas&nbsp; de homenagem para os ex-prefeitos e ex-vice-prefeitos &nbsp;do munic\u00edpio, em reconhecimento \u00e0s contribui\u00e7\u00f5es dessas autoridades para o desenvolvimento de Tocant\u00ednia. Aqueles que j\u00e1 haviam falecido ou por algum motivo n\u00e3o puderam comparecer pessoalmente ao evento, receberam suas homenagens por meios de seus familiares. Ao final, foi inaugurada a galeria dos ex-prefeitos no hall de entrada&nbsp;do pr\u00e9dio revitalizado da Prefeitura de Tocant\u00ednia.<\/p>\n\n\n\n<p><strong>Um pouco da hist\u00f3ria do munic\u00edpio<\/strong><\/p>\n\n\n\n<p>O munic\u00edpio de Tocant\u00ednia est\u00e1 localizado \u00e0 margem do rio Tocantins. Sua povoa\u00e7\u00e3o teve in\u00edcio com a chegada ao local do capuchinho italiano Frei Ant\u00f4nio de Canges. N\u00e3o se sabe precisar a data de in\u00edcio do povoamento, todavia situa-se historicamente em torno do ano de 1860. Tamb\u00e9m n\u00e3o se tem conhecimento preciso sobre o desenvolvimento do incipiente povoado, que recebeu o nome de Piabanha, muito rico em peixe do mesmo nome. O povoado passou por per\u00edodo de decad\u00eancia ap\u00f3s o falecimento de Frei Ant\u00f4nio de Canges, em 1900, mas no ano de 1911 Piabanha foi elevado \u00e0 categoria de Distrito pertencente, pol\u00edtica e administrativamente, ao Munic\u00edpio de Pedro Afonso. Nos anos de 1936\/37, Piabanha teve progresso no per\u00edodo \u00e1ureo do garimpo de ouro e diamante existente no local, hoje denominado Lajeado. Recebeu o nome de Tocant\u00ednia em 20 de janeiro de 1936, sendo elevado \u00e0 categoria de Munic\u00edpio pela Lei do Estado de Goi\u00e1s n\u00ba 798, de 07 de outubro de 1953. A instala\u00e7\u00e3o solene ocorreu somente em 1\u00ba de janeiro do ano seguinte, constituindo Termo da Comarca de Pedro Afonso.<\/p>\n\n\n\n<p><strong>Povo Xerente<\/strong><\/p>\n\n\n\n<p>Os registros de contatos iniciais com o povo Xerente datam de 250 anos e envolvem muitos momentos de confrontos com os n\u00e3o-\u00edndios, em especial posseiros e fazendeiros. Somente em 1972, este povo conquistou sua primeira \u00e1rea demarcada, que foi ampliada para mais 180 mil hectares nos anos de 1990, recebendo o nome de Funil e localizada dentro do munic\u00edpio de Tocant\u00ednia.<\/p>\n\n\n\n<p>Em 2012, foi aprovado pela C\u00e2mara Municipal e Prefeitura de Tocant\u00ednia uma Lei tornando a l\u00edngua ind\u00edgena Akw\u00e9 Xerente idioma oficial do munic\u00edpio junto com o portugu\u00eas.&nbsp;<\/p>\n\n\n\n<figure class=\"wp-block-image is-resized\"><img loading=\"lazy\" decoding=\"async\" src=\"http:\/\/n1to.com.br\/img\/uploads\/3_-_ANIVERS%C3%81RIO_DE_TOCANTINIS_-_FOTO_EDVALDO_XERENTE.jpg\" alt=\"\" width=\"824\" height=\"524\"\/><\/figure>\n\n\n\n<figure class=\"wp-block-image\"><img decoding=\"async\" src=\"http:\/\/n1to.com.br\/img\/uploads\/4_-_ANIVERS%C3%81RIO_DE_TOCANTINIS_-_FOTO_EDVALDO_XERENTE.jpg\" alt=\"\"\/><\/figure>\n\n\n\n<figure class=\"wp-block-image\"><img decoding=\"async\" src=\"http:\/\/n1to.com.br\/img\/uploads\/5_-_ANIVERS%C3%81RIO_DE_TOCANTINIS_-_FOTO_EDVALDO_XERENTE.jpg\" alt=\"\"\/><\/figure>\n\n\n\n<figure class=\"wp-block-image\"><img decoding=\"async\" src=\"http:\/\/n1to.com.br\/img\/uploads\/12_-_ANIVERS%C3%81RIO_DE_TOCANTINIS_-_FOTO_EDVALDO_XERENTE.jpg\" alt=\"\"\/><\/figure>\n\n\n\n<figure class=\"wp-block-image\"><img decoding=\"async\" src=\"http:\/\/n1to.com.br\/img\/uploads\/aaaaaaaaaaaaaaaaaaaaaaaaa_1.jpg\" alt=\"\"\/><\/figure>\n\n\n\n<figure class=\"wp-block-image\"><img decoding=\"async\" src=\"http:\/\/n1to.com.br\/img\/uploads\/6_-_ANIVERS%C3%81RIO_DE_TOCANTINIS_-_FOTO_EDVALDO_XERENTE.jpg\" alt=\"\"\/><\/figure>\n\n\n\n<figure class=\"wp-block-image\"><img decoding=\"async\" src=\"http:\/\/n1to.com.br\/img\/uploads\/7_-_ANIVERS%C3%81RIO_DE_TOCANTINIS_-_FOTO_EDVALDO_XERENTE.jpg\" alt=\"\"\/><\/figure>\n\n\n\n<figure class=\"wp-block-image\"><img decoding=\"async\" src=\"http:\/\/n1to.com.br\/img\/uploads\/8-_ANIVERS%C3%81RIO_DE_TOCANTINIS_-_FOTO_EDVALDO_XERENTE.jpg\" alt=\"\"\/><\/figure>\n\n\n\n<figure class=\"wp-block-image\"><img decoding=\"async\" src=\"http:\/\/n1to.com.br\/img\/uploads\/9-_ANIVERS%C3%81RIO_DE_TOCANTINIS_-_FOTO_EDVALDO_XERENTE.jpg\" alt=\"\"\/><\/figure>\n\n\n\n<figure class=\"wp-block-image\"><img decoding=\"async\" src=\"http:\/\/n1to.com.br\/img\/uploads\/11_-_ANIVERS%C3%81RIO_DE_TOCANTINIS_-_FOTO_EDVALDO_XERENTE.jpg\" alt=\"\"\/><figcaption><br><img loading=\"lazy\" decoding=\"async\" width=\"800\" height=\"564\" src=\"http:\/\/n1to.com.br\/img\/uploads\/1_-_ANIVERS%C3%81RIO_DE_TOCANTINIS_-_FOTO_EDVALDO_XERENTE_1.jpg\"><\/figcaption><\/figure>\n","protected":false},"excerpt":{"rendered":"<p>Por Zacarias Martins O munic\u00edpio de Tocant\u00ednia, a &nbsp;75 km de Palmas, festejou na sexta-feira, dia 7, os seus 69 anos de emancipa\u00e7\u00e3o pol\u00edtica. &nbsp;Mas as comemora\u00e7\u00f5es festivas come\u00e7aram na quinta-feira, dia, com um culto de a\u00e7\u00e3o de gra\u00e7as, realizado \u00e0 noite, nas proximidades da Pra\u00e7a Valperino Gomes de Oliveira, no centro da cidade. J\u00e1 &hellip;<\/p>\n","protected":false},"author":5,"featured_media":3161,"comment_status":"open","ping_status":"open","sticky":false,"template":"","format":"standard","meta":{"footnotes":""},"categories":[78],"tags":[],"class_list":["post-3160","post","type-post","status-publish","format-standard","has-post-thumbnail","","category-tocantinia"],"_links":{"self":[{"href":"https:\/\/focotocantinense.com.br\/index.php?rest_route=\/wp\/v2\/posts\/3160","targetHints":{"allow":["GET"]}}],"collection":[{"href":"https:\/\/focotocantinense.com.br\/index.php?rest_route=\/wp\/v2\/posts"}],"about":[{"href":"https:\/\/focotocantinense.com.br\/index.php?rest_route=\/wp\/v2\/types\/post"}],"author":[{"embeddable":true,"href":"https:\/\/focotocantinense.com.br\/index.php?rest_route=\/wp\/v2\/users\/5"}],"replies":[{"embeddable":true,"href":"https:\/\/focotocantinense.com.br\/index.php?rest_route=%2Fwp%2Fv2%2Fcomments&post=3160"}],"version-history":[{"count":3,"href":"https:\/\/focotocantinense.com.br\/index.php?rest_route=\/wp\/v2\/posts\/3160\/revisions"}],"predecessor-version":[{"id":3164,"href":"https:\/\/focotocantinense.com.br\/index.php?rest_route=\/wp\/v2\/posts\/3160\/revisions\/3164"}],"wp:featuredmedia":[{"embeddable":true,"href":"https:\/\/focotocantinense.com.br\/index.php?rest_route=\/wp\/v2\/media\/3161"}],"wp:attachment":[{"href":"https:\/\/focotocantinense.com.br\/index.php?rest_route=%2Fwp%2Fv2%2Fmedia&parent=3160"}],"wp:term":[{"taxonomy":"category","embeddable":true,"href":"https:\/\/focotocantinense.com.br\/index.php?rest_route=%2Fwp%2Fv2%2Fcategories&post=3160"},{"taxonomy":"post_tag","embeddable":true,"href":"https:\/\/focotocantinense.com.br\/index.php?rest_route=%2Fwp%2Fv2%2Ftags&post=3160"}],"curies":[{"name":"wp","href":"https:\/\/api.w.org\/{rel}","templated":true}]}}