{"id":3154,"date":"2022-09-28T19:19:13","date_gmt":"2022-09-28T22:19:13","guid":{"rendered":"https:\/\/focotocantinense.com.br\/?p=3154"},"modified":"2022-09-28T19:25:03","modified_gmt":"2022-09-28T22:25:03","slug":"escritor-toni-ferreira-de-paraiso-lanca-o-dicionario-biobibliografico-do-vale-do-araguaia","status":"publish","type":"post","link":"https:\/\/focotocantinense.com.br\/?p=3154","title":{"rendered":"Escritor Toni Ferreira de Para\u00edso, lan\u00e7a o Dicion\u00e1rio Biobibliogr\u00e1fico do Vale do Araguaia"},"content":{"rendered":"\n<p>Com o lan\u00e7amento previsto para acontecer nesta sexta-feira, 30 de setembro de 2022, \u00e0s 19: hs no Mirante Oficina Geral, em Para\u00edso do Tocantins &#8211; TO, Toni Ferreira, tem a honra de convidar a todos os apaixonados pela literatura para prestigiarem, o lan\u00e7amento do seu mais novo trabalho voltado para o regionalismo.<\/p>\n\n\n\n<p>Trata-se do <strong><a href=\"https:\/\/livrariaveloso.lojaintegrada.com.br\/\" data-type=\"URL\" data-id=\"https:\/\/livrariaveloso.lojaintegrada.com.br\/\">Dicion\u00e1rio Biobibliogr\u00e1fico do Vale do Araguaia<\/a><\/strong>, obra publicada pela<strong> <a href=\"https:\/\/livrariaveloso.lojaintegrada.com.br\/\" data-type=\"URL\" data-id=\"https:\/\/livrariaveloso.lojaintegrada.com.br\/\">Editora Veloso<\/a> <\/strong>e que re\u00fane as Biografias de 78 poetas e escritores representantes genu\u00ednos da regi\u00e3o do Vale do Araguaia.<\/p>\n\n\n\n<p>Para o tocantinense Toni Ferreira, este acervo com fotos e dados bibliogr\u00e1ficos dos participantes neste comp\u00eandio, ir\u00e1 fortalecer a ideia comungada pelas Academias de Letras existentes neste vale Araguaiano, de que, estes incones necessitam de maior reconhecimento por parte das institui\u00e7\u00f5es educacionais, a classe estudantil t\u00eam que mergulhar nestas fascinantes produ\u00e7\u00f5es, que s\u00e3o transformadas em bons livros.<\/p>\n\n\n\n<p>Como presidente da Academia de Letras de Para\u00edso do Tocantins &#8211; TO, iremos lutar para que a nossa magistral literatura esteja inserida nas salas de aulas, nos ensinos prim\u00e1rios e secund\u00e1rios, valorizando os nossos autores, que se quer, muitas das vezes, nem s\u00e3o lembrados em suas cidades.<\/p>\n\n\n\n<p>O Dicion\u00e1rio vem trazendo diversos escritores que se inspiraram nas belezas desta terra para publicarem as suas obras.<\/p>\n\n\n\n<p>Escritores que figuram no livro, Abra\u00e3o Lima, Alcides Marinho, Ademir R\u00eago, Ana Vov\u00f3, Angelly Bernardo, Assis Vanderley, Ana Alencar, Ant\u00f4nio Lacerda, B\u00e1rbara Dias, C\u00e9sar Lustosa,Cl\u00e9ber Moraes, Couto Magalh\u00e3es, Cl\u00e1udio Macagi, Clemilton Barbosa, Cida Gualberto, Dourival Santiago, Djoice Vanderley, Edna Goya, Eli Brasiliense, Esmeraldo Luz, Eliosmar Veloso, Frei Gil Vilanova, Francisquinha Laranjeira, Frei Luiz, Galba Pires, Genival Nicolau, H\u00e9lio Rubens, Iolete Santos, Jo\u00e3o de Castro, Jo\u00e3o In\u00e1cio, Jos\u00e9 Cavalcante, Joc\u00e9lio Cabral, Jos\u00e9 Geraldo, Jo\u00e3o Rocha, Jordana Cabral, Jo\u00e3o Lu\u00eds, Jos\u00e9 Wilson Leite, Jos\u00e9 Alves de Assis, Jo\u00e3o Paulo Barreira, Luiz Ot\u00e1vio, Louraci Chris\u00f3stomo, Luiz Pereira, Luciano Moreira, L\u00eddia Fernandes, Lili Abreu, Kl\u00e9ber Bucar, Kelly de Souza, Macedo, Miguel Rosa, M\u00e1rio Bezerra, M\u00e1rio Martins, Maria de Jesus, Mois\u00e9s Avelino, Monique Parente, Milton Cambu\u00ed, Matheus Morais, Messias Farid, Marcos Fernando, M\u00e1rcio Gomes, Nilton Franco, Non\u00f4 Noleto, Nat\u00e1liaAparecida, Odair Jos\u00e9, Rosely Camargo, Rhoselly Xavier, Ricardo Lopes, Silvano Coelho, Suely Rocha, Stella Mares, Toni Ferreira, Trajano Coelho, Tayse Virgulino, Tereza Ramos, Tot\u00f3 Cavalcante, Valdeni Brito, Vitor Ararajuba, Zacarias Martins e Zeca Moraes. Estes s\u00e3o os nomes que se tornaram verbetes do Dicion\u00e1rio Biobibliogr\u00e1fico do Vale do Araguaia.<\/p>\n\n\n\n<figure class=\"wp-block-image size-full\"><img loading=\"lazy\" decoding=\"async\" width=\"1000\" height=\"1000\" src=\"https:\/\/focotocantinense.com.br\/wp-content\/uploads\/2022\/09\/image-2.png\" alt=\"\" class=\"wp-image-3156\" srcset=\"https:\/\/focotocantinense.com.br\/wp-content\/uploads\/2022\/09\/image-2.png 1000w, https:\/\/focotocantinense.com.br\/wp-content\/uploads\/2022\/09\/image-2-300x300.png 300w, https:\/\/focotocantinense.com.br\/wp-content\/uploads\/2022\/09\/image-2-150x150.png 150w, https:\/\/focotocantinense.com.br\/wp-content\/uploads\/2022\/09\/image-2-768x768.png 768w\" sizes=\"auto, (max-width: 1000px) 100vw, 1000px\" \/><\/figure>\n\n\n\n<figure class=\"wp-block-image\"><img decoding=\"async\" src=\"https:\/\/boletimpolitico.com.br\/envios\/2022\/09\/28\/ade42e7bc3cc790858404f1fcf0b50e5d70c8acb.jpg\" alt=\"Toni Ferreira tem enfatizado a regi\u00e3o do Vale do Araguaia em suas obras - Foto: Ascom\/Divulga\u00e7\u00e3o \"\/><\/figure>\n","protected":false},"excerpt":{"rendered":"<p>Com o lan\u00e7amento previsto para acontecer nesta sexta-feira, 30 de setembro de 2022, \u00e0s 19: hs no Mirante Oficina Geral, em Para\u00edso do Tocantins &#8211; TO, Toni Ferreira, tem a honra de convidar a todos os apaixonados pela literatura para prestigiarem, o lan\u00e7amento do seu mais novo trabalho voltado para o regionalismo. Trata-se do Dicion\u00e1rio &hellip;<\/p>\n","protected":false},"author":5,"featured_media":3155,"comment_status":"open","ping_status":"open","sticky":false,"template":"","format":"standard","meta":{"footnotes":""},"categories":[47],"tags":[],"class_list":["post-3154","post","type-post","status-publish","format-standard","has-post-thumbnail","","category-paraiso"],"_links":{"self":[{"href":"https:\/\/focotocantinense.com.br\/index.php?rest_route=\/wp\/v2\/posts\/3154","targetHints":{"allow":["GET"]}}],"collection":[{"href":"https:\/\/focotocantinense.com.br\/index.php?rest_route=\/wp\/v2\/posts"}],"about":[{"href":"https:\/\/focotocantinense.com.br\/index.php?rest_route=\/wp\/v2\/types\/post"}],"author":[{"embeddable":true,"href":"https:\/\/focotocantinense.com.br\/index.php?rest_route=\/wp\/v2\/users\/5"}],"replies":[{"embeddable":true,"href":"https:\/\/focotocantinense.com.br\/index.php?rest_route=%2Fwp%2Fv2%2Fcomments&post=3154"}],"version-history":[{"count":2,"href":"https:\/\/focotocantinense.com.br\/index.php?rest_route=\/wp\/v2\/posts\/3154\/revisions"}],"predecessor-version":[{"id":3159,"href":"https:\/\/focotocantinense.com.br\/index.php?rest_route=\/wp\/v2\/posts\/3154\/revisions\/3159"}],"wp:featuredmedia":[{"embeddable":true,"href":"https:\/\/focotocantinense.com.br\/index.php?rest_route=\/wp\/v2\/media\/3155"}],"wp:attachment":[{"href":"https:\/\/focotocantinense.com.br\/index.php?rest_route=%2Fwp%2Fv2%2Fmedia&parent=3154"}],"wp:term":[{"taxonomy":"category","embeddable":true,"href":"https:\/\/focotocantinense.com.br\/index.php?rest_route=%2Fwp%2Fv2%2Fcategories&post=3154"},{"taxonomy":"post_tag","embeddable":true,"href":"https:\/\/focotocantinense.com.br\/index.php?rest_route=%2Fwp%2Fv2%2Ftags&post=3154"}],"curies":[{"name":"wp","href":"https:\/\/api.w.org\/{rel}","templated":true}]}}