{"id":3148,"date":"2022-09-28T19:04:44","date_gmt":"2022-09-28T22:04:44","guid":{"rendered":"https:\/\/focotocantinense.com.br\/?p=3148"},"modified":"2022-09-28T19:07:36","modified_gmt":"2022-09-28T22:07:36","slug":"delegado-tiago-daniel-ministra-palestra-sobre-importancia-da-comunicacao-nao-violenta-em-palmeiras-do-tocantins","status":"publish","type":"post","link":"https:\/\/focotocantinense.com.br\/?p=3148","title":{"rendered":"Delegado Tiago Daniel ministra palestra sobre import\u00e2ncia da comunica\u00e7\u00e3o n\u00e3o violenta em Palmeiras do Tocantins"},"content":{"rendered":"\n<p><strong>Por Zacarias Martins<\/strong><\/p>\n\n\n\n<p>A convite do professor Alex Abreu Farias Leal, o&nbsp; vereador e delegado da Pol\u00edcia Civil em Tocantin\u00f3polis, Tiago Daniel de Moraes, ministrou uma palestra na tarde desta ter\u00e7a-feira (27), para os alunos do Col\u00e9gio Estadual Raimundo Neiva de Carvalho, da cidade de Palmeiras do Tocantins.<\/p>\n\n\n\n<p>Na oportunidade, o palestrante discorreu sobre a tem\u00e1tica sobre a import\u00e2ncia da comunica\u00e7\u00e3o n\u00e3o violenta na nossa vida, que engloba habilidades de comunica\u00e7\u00e3o utilizadas para fortalecer as conex\u00f5es humanas com base na compaix\u00e3o e na empatia.<\/p>\n\n\n\n<p>Tiago Daniel explicou que a comunica\u00e7\u00e3o n\u00e3o violenta ocorre quando o emissor reformula o que fala e ouve. Ou seja, antes de responder inconsciente e imediatamente, ele ouve com aten\u00e7\u00e3o e reflete sobre o sentido e o desejo manifestado por algu\u00e9m.<\/p>\n\n\n\n<p>\u201cAssim, ao inv\u00e9s de responder intempestivamente, o indiv\u00edduo deve procurar se expressar com clareza, empatia e de forma respeitosa\u201d, destacou o delegado,que aproveitou para parabenizar a escola pela iniciativa de &nbsp;buscar incutir na comunidade estudantil a cultura da comunica\u00e7\u00e3o n\u00e3o violenta, &nbsp;e que certamente servir\u00e1 de uma grande li\u00e7\u00e3o &nbsp;na vida desses alunos.<\/p>\n\n\n\n<figure class=\"wp-block-image\"><img decoding=\"async\" src=\"http:\/\/n1to.com.br\/img\/uploads\/AAA_11.jpg\" alt=\"\"\/><\/figure>\n\n\n\n<figure class=\"wp-block-image\"><img decoding=\"async\" src=\"http:\/\/n1to.com.br\/img\/uploads\/bbb_42.jpg\" alt=\"\"\/><\/figure>\n\n\n\n<figure class=\"wp-block-image\"><img decoding=\"async\" src=\"http:\/\/n1to.com.br\/img\/uploads\/CCCC_7.jpg\" alt=\"\"\/><\/figure>\n\n\n\n<figure class=\"wp-block-image\"><img decoding=\"async\" src=\"http:\/\/n1to.com.br\/img\/uploads\/eeee_4.jpg\" alt=\"\"\/><\/figure>\n\n\n\n<figure class=\"wp-block-image\"><img decoding=\"async\" src=\"http:\/\/n1to.com.br\/img\/uploads\/ffff_1.jpg\" alt=\"\"\/><\/figure>\n\n\n\n<figure class=\"wp-block-image\"><img decoding=\"async\" src=\"http:\/\/n1to.com.br\/img\/uploads\/bbbbbbbbbbbbbbbbbbbbbbb.jpg\" alt=\"\"\/><\/figure>\n\n\n\n<figure class=\"wp-block-image size-full\"><img loading=\"lazy\" decoding=\"async\" width=\"1000\" height=\"465\" src=\"https:\/\/focotocantinense.com.br\/wp-content\/uploads\/2022\/09\/image-1.png\" alt=\"\" class=\"wp-image-3152\" srcset=\"https:\/\/focotocantinense.com.br\/wp-content\/uploads\/2022\/09\/image-1.png 1000w, https:\/\/focotocantinense.com.br\/wp-content\/uploads\/2022\/09\/image-1-300x140.png 300w, https:\/\/focotocantinense.com.br\/wp-content\/uploads\/2022\/09\/image-1-768x357.png 768w\" sizes=\"auto, (max-width: 1000px) 100vw, 1000px\" \/><\/figure>\n","protected":false},"excerpt":{"rendered":"<p>Por Zacarias Martins A convite do professor Alex Abreu Farias Leal, o&nbsp; vereador e delegado da Pol\u00edcia Civil em Tocantin\u00f3polis, Tiago Daniel de Moraes, ministrou uma palestra na tarde desta ter\u00e7a-feira (27), para os alunos do Col\u00e9gio Estadual Raimundo Neiva de Carvalho, da cidade de Palmeiras do Tocantins. Na oportunidade, o palestrante discorreu sobre a &hellip;<\/p>\n","protected":false},"author":5,"featured_media":3149,"comment_status":"open","ping_status":"open","sticky":false,"template":"","format":"standard","meta":{"footnotes":""},"categories":[1],"tags":[102],"class_list":["post-3148","post","type-post","status-publish","format-standard","has-post-thumbnail","","category-sem-categoria","tag-palmeiras-do-tocantins"],"_links":{"self":[{"href":"https:\/\/focotocantinense.com.br\/index.php?rest_route=\/wp\/v2\/posts\/3148","targetHints":{"allow":["GET"]}}],"collection":[{"href":"https:\/\/focotocantinense.com.br\/index.php?rest_route=\/wp\/v2\/posts"}],"about":[{"href":"https:\/\/focotocantinense.com.br\/index.php?rest_route=\/wp\/v2\/types\/post"}],"author":[{"embeddable":true,"href":"https:\/\/focotocantinense.com.br\/index.php?rest_route=\/wp\/v2\/users\/5"}],"replies":[{"embeddable":true,"href":"https:\/\/focotocantinense.com.br\/index.php?rest_route=%2Fwp%2Fv2%2Fcomments&post=3148"}],"version-history":[{"count":2,"href":"https:\/\/focotocantinense.com.br\/index.php?rest_route=\/wp\/v2\/posts\/3148\/revisions"}],"predecessor-version":[{"id":3153,"href":"https:\/\/focotocantinense.com.br\/index.php?rest_route=\/wp\/v2\/posts\/3148\/revisions\/3153"}],"wp:featuredmedia":[{"embeddable":true,"href":"https:\/\/focotocantinense.com.br\/index.php?rest_route=\/wp\/v2\/media\/3149"}],"wp:attachment":[{"href":"https:\/\/focotocantinense.com.br\/index.php?rest_route=%2Fwp%2Fv2%2Fmedia&parent=3148"}],"wp:term":[{"taxonomy":"category","embeddable":true,"href":"https:\/\/focotocantinense.com.br\/index.php?rest_route=%2Fwp%2Fv2%2Fcategories&post=3148"},{"taxonomy":"post_tag","embeddable":true,"href":"https:\/\/focotocantinense.com.br\/index.php?rest_route=%2Fwp%2Fv2%2Ftags&post=3148"}],"curies":[{"name":"wp","href":"https:\/\/api.w.org\/{rel}","templated":true}]}}