{"id":3137,"date":"2022-09-25T15:51:29","date_gmt":"2022-09-25T18:51:29","guid":{"rendered":"https:\/\/focotocantinense.com.br\/?p=3137"},"modified":"2022-09-25T15:52:08","modified_gmt":"2022-09-25T18:52:08","slug":"prefeito-de-tocantinia-inaugura-campo-society-na-zona-rural-do-municipio","status":"publish","type":"post","link":"https:\/\/focotocantinense.com.br\/?p=3137","title":{"rendered":"Prefeito de Tocant\u00ednia inaugura campo society na zona rural do munic\u00edpio"},"content":{"rendered":"\n<p>O prefeito Manoel Silvino Gomes Neto (SD), acompanhado do vice-prefeito Jo\u00e3o Alberto Coelho Machado, da primeira Dama Nara Cristina Monteiro, vereadores, secret\u00e1rios municipais e lideran\u00e7as locais, inaugurou mais uma importante obra neste s\u00e1bado (24), o campo de futebol society Manoel Alves de Brito com gramado sint\u00e9tico e ilumina\u00e7\u00e3o de LED no povoado Palminha. A obra foi constru\u00edda com recursos oriundo de emendas parlamentares do Deputado Federal C\u00e9lio Moura (PT).<\/p>\n\n\n\n<p>O campo society para pr\u00e1tica de esportes \u00e9 conquistas das reivindica\u00e7\u00f5es dos moradores e atendida pelo prefeito Silvino, que tamb\u00e9m era o sonho do morador Manoel Alves de Brito, um entusiasta do futebol, reconhecido pelo incentivo \u00e0 pr\u00e1tica esportiva em sua comunidade. A homenagem comoveu os familiares e amigos durante a cerim\u00f4nia.<\/p>\n\n\n\n<p>A gest\u00e3o municipal \u00e9 um grande apoiador do esporte no munic\u00edpio e para incentivar ainda mais o prefeito Silvino, vice Jo\u00e3o Alberto e secret\u00e1rio de Juventude e Esportes Adalton Pereira entregaram materiais esportivos para a comunidade.<\/p>\n\n\n\n<p>Na cerim\u00f4nia de inaugura\u00e7\u00e3o o prefeito Silvino ressaltou que al\u00e9m do campo society vem atendendo outras demandas da comunidade como na agricultura, recupera\u00e7\u00e3o e manuten\u00e7\u00e3o de estradas vicinais, educa\u00e7\u00e3o, sa\u00fade, entre outras. E destacou a parceria com os parlamentares do Estado do Tocantins, que destinam os recursos para o munic\u00edpio atrav\u00e9s de emendas onde possibilitaram a execu\u00e7\u00e3o das obras que beneficiam a popula\u00e7\u00e3o.<\/p>\n\n\n\n<figure class=\"wp-block-image\"><img decoding=\"async\" src=\"http:\/\/n1to.com.br\/img\/uploads\/bbb_39.jpg\" alt=\"\"\/><\/figure>\n\n\n\n<figure class=\"wp-block-image\"><img decoding=\"async\" src=\"http:\/\/n1to.com.br\/img\/uploads\/CCC_15.jpg\" alt=\"\"\/><\/figure>\n\n\n\n<figure class=\"wp-block-image size-large\"><img loading=\"lazy\" decoding=\"async\" width=\"1024\" height=\"483\" src=\"https:\/\/focotocantinense.com.br\/wp-content\/uploads\/2022\/09\/AAA-14-1024x483.jpg\" alt=\"\" class=\"wp-image-3140\" srcset=\"https:\/\/focotocantinense.com.br\/wp-content\/uploads\/2022\/09\/AAA-14-1024x483.jpg 1024w, https:\/\/focotocantinense.com.br\/wp-content\/uploads\/2022\/09\/AAA-14-300x141.jpg 300w, https:\/\/focotocantinense.com.br\/wp-content\/uploads\/2022\/09\/AAA-14-768x362.jpg 768w, https:\/\/focotocantinense.com.br\/wp-content\/uploads\/2022\/09\/AAA-14.jpg 1283w\" sizes=\"auto, (max-width: 1024px) 100vw, 1024px\" \/><\/figure>\n","protected":false},"excerpt":{"rendered":"<p>O prefeito Manoel Silvino Gomes Neto (SD), acompanhado do vice-prefeito Jo\u00e3o Alberto Coelho Machado, da primeira Dama Nara Cristina Monteiro, vereadores, secret\u00e1rios municipais e lideran\u00e7as locais, inaugurou mais uma importante obra neste s\u00e1bado (24), o campo de futebol society Manoel Alves de Brito com gramado sint\u00e9tico e ilumina\u00e7\u00e3o de LED no povoado Palminha. A obra &hellip;<\/p>\n","protected":false},"author":5,"featured_media":3138,"comment_status":"open","ping_status":"open","sticky":false,"template":"","format":"standard","meta":{"footnotes":""},"categories":[78],"tags":[],"class_list":["post-3137","post","type-post","status-publish","format-standard","has-post-thumbnail","","category-tocantinia"],"_links":{"self":[{"href":"https:\/\/focotocantinense.com.br\/index.php?rest_route=\/wp\/v2\/posts\/3137","targetHints":{"allow":["GET"]}}],"collection":[{"href":"https:\/\/focotocantinense.com.br\/index.php?rest_route=\/wp\/v2\/posts"}],"about":[{"href":"https:\/\/focotocantinense.com.br\/index.php?rest_route=\/wp\/v2\/types\/post"}],"author":[{"embeddable":true,"href":"https:\/\/focotocantinense.com.br\/index.php?rest_route=\/wp\/v2\/users\/5"}],"replies":[{"embeddable":true,"href":"https:\/\/focotocantinense.com.br\/index.php?rest_route=%2Fwp%2Fv2%2Fcomments&post=3137"}],"version-history":[{"count":2,"href":"https:\/\/focotocantinense.com.br\/index.php?rest_route=\/wp\/v2\/posts\/3137\/revisions"}],"predecessor-version":[{"id":3141,"href":"https:\/\/focotocantinense.com.br\/index.php?rest_route=\/wp\/v2\/posts\/3137\/revisions\/3141"}],"wp:featuredmedia":[{"embeddable":true,"href":"https:\/\/focotocantinense.com.br\/index.php?rest_route=\/wp\/v2\/media\/3138"}],"wp:attachment":[{"href":"https:\/\/focotocantinense.com.br\/index.php?rest_route=%2Fwp%2Fv2%2Fmedia&parent=3137"}],"wp:term":[{"taxonomy":"category","embeddable":true,"href":"https:\/\/focotocantinense.com.br\/index.php?rest_route=%2Fwp%2Fv2%2Fcategories&post=3137"},{"taxonomy":"post_tag","embeddable":true,"href":"https:\/\/focotocantinense.com.br\/index.php?rest_route=%2Fwp%2Fv2%2Ftags&post=3137"}],"curies":[{"name":"wp","href":"https:\/\/api.w.org\/{rel}","templated":true}]}}