{"id":3129,"date":"2022-09-23T19:35:16","date_gmt":"2022-09-23T22:35:16","guid":{"rendered":"https:\/\/focotocantinense.com.br\/?p=3129"},"modified":"2022-09-23T19:37:38","modified_gmt":"2022-09-23T22:37:38","slug":"abav-expo-confirma-delegacao-tocantinense-como-a-maior-da-edicao-2022","status":"publish","type":"post","link":"https:\/\/focotocantinense.com.br\/?p=3129","title":{"rendered":"ABAV Expo confirma delega\u00e7\u00e3o tocantinense como a maior da edi\u00e7\u00e3o 2022"},"content":{"rendered":"\n<p><strong>Seleucia Fontes<\/strong><\/p>\n\n\n\n<p>Com a participa\u00e7\u00e3o oficial de 152 pessoas no estande do Tocantins, a delega\u00e7\u00e3o oficial do Estado foi anunciada pelos organizadores da ABAV Expo como a maior na 49\u00aa edi\u00e7\u00e3o do evento, que chega ao fim nesta sexta, 23, no Centro de Conven\u00e7\u00f5es de Pernambuco, em Olinda.<\/p>\n\n\n\n<p>A secret\u00e1ria executiva da Secretaria de Cultura e Turismo do Tocantins, Joc\u00e9lia Costa, comemora a participa\u00e7\u00e3o do Estado na feira. &#8220;Vem sendo muito positiva, o estande est\u00e1 chamando a aten\u00e7\u00e3o do p\u00fablico e o trade mostrou que est\u00e1 preparado para receber turistas nacionais e internacionais&#8221;, ressaltou.<\/p>\n\n\n\n<p>Presidente da ABAV Tocantins, Rodolfo Ferreira comemora o comprometimento dos participantes e o sucesso de visita\u00e7\u00e3o. Tamb\u00e9m ressalta a apresenta\u00e7\u00e3o das potencialidades do Estado para um grupo de 40 investidores internacionais, na quinta, 22. &#8220;De imediato, j\u00e1 mapeamos negocia\u00e7\u00f5es com operadores tocantinenses&#8221;, revela.<\/p>\n\n\n\n<p>O presidente do Conselho Empresarial de Turismo (Cetur), Marcelo Perim, enfatiza as a\u00e7\u00f5es realizadas para envolver operadores de turismo engajados e preparados para atender os agentes. &#8220;O Estado tem apenas 33 anos e j\u00e1 consolida sua participa\u00e7\u00e3o na ABAV Expo e seu status de destino tur\u00edstico&#8221;, comemora.<\/p>\n\n\n\n<p>A percep\u00e7\u00e3o tamb\u00e9m \u00e9 positiva entre os integrantes da caravana. Em sua primeira participa\u00e7\u00e3o na ABAV Expo, o operador de turismo Jarbas Lemos, que atua no Cant\u00e3o, tem v\u00e1rios motivos para comemorar. &#8220;Tem sido uma experi\u00eancia de aprendizado e network acima do esperado&#8221;, diz. Al\u00e9m disso, durante visita a um dos estandes da feira, Lemos foi sorteado com uma viagem para Guayaquil, no Equador, para assistir a final da Libertadores da Am\u00e9rica, no final de outubro.<\/p>\n\n\n\n<p>Os operadores de turismo Day Barbosa, do Maranh\u00e3o, e Luiz C\u00e9sar, da Bahia, tamb\u00e9m aprovaram o estande, ressaltando a qualidade e a presen\u00e7a de profissionais do trade para troca de informa\u00e7\u00f5es.<\/p>\n\n\n\n<p><strong>Pr\u00f3xima edi\u00e7\u00e3o<\/strong><br>A 50\u00aa edi\u00e7\u00e3o da ABAV Expo foi anunciada na noite de quinta. O Rio de Janeiro voltar\u00e1 a ser a cidade anfitri\u00e3.<\/p>\n\n\n\n<figure class=\"wp-block-image size-large\"><img loading=\"lazy\" decoding=\"async\" width=\"1024\" height=\"505\" src=\"https:\/\/focotocantinense.com.br\/wp-content\/uploads\/2022\/09\/AAA-12-1024x505.jpg\" alt=\"\" class=\"wp-image-3132\" srcset=\"https:\/\/focotocantinense.com.br\/wp-content\/uploads\/2022\/09\/AAA-12-1024x505.jpg 1024w, https:\/\/focotocantinense.com.br\/wp-content\/uploads\/2022\/09\/AAA-12-300x148.jpg 300w, https:\/\/focotocantinense.com.br\/wp-content\/uploads\/2022\/09\/AAA-12-768x379.jpg 768w, https:\/\/focotocantinense.com.br\/wp-content\/uploads\/2022\/09\/AAA-12.jpg 1071w\" sizes=\"auto, (max-width: 1024px) 100vw, 1024px\" \/><figcaption>Bonecos de Taquaru\u00e7u atra\u00edram as aten\u00e7\u00f5es<\/figcaption><\/figure>\n\n\n\n<figure class=\"wp-block-image size-large\"><img loading=\"lazy\" decoding=\"async\" width=\"1024\" height=\"768\" src=\"https:\/\/focotocantinense.com.br\/wp-content\/uploads\/2022\/09\/bbbb-3-1024x768.jpg\" alt=\"\" class=\"wp-image-3133\" srcset=\"https:\/\/focotocantinense.com.br\/wp-content\/uploads\/2022\/09\/bbbb-3-1024x768.jpg 1024w, https:\/\/focotocantinense.com.br\/wp-content\/uploads\/2022\/09\/bbbb-3-300x225.jpg 300w, https:\/\/focotocantinense.com.br\/wp-content\/uploads\/2022\/09\/bbbb-3-768x576.jpg 768w, https:\/\/focotocantinense.com.br\/wp-content\/uploads\/2022\/09\/bbbb-3-1536x1152.jpg 1536w, https:\/\/focotocantinense.com.br\/wp-content\/uploads\/2022\/09\/bbbb-3.jpg 1600w\" sizes=\"auto, (max-width: 1024px) 100vw, 1024px\" \/><figcaption>Estande do Tocantins \u00e9 um dos mais visitados da feira<\/figcaption><\/figure>\n\n\n\n<figure class=\"wp-block-image size-large\"><img loading=\"lazy\" decoding=\"async\" width=\"1024\" height=\"768\" src=\"https:\/\/focotocantinense.com.br\/wp-content\/uploads\/2022\/09\/CCCC-1024x768.jpg\" alt=\"\" class=\"wp-image-3135\" srcset=\"https:\/\/focotocantinense.com.br\/wp-content\/uploads\/2022\/09\/CCCC-1024x768.jpg 1024w, https:\/\/focotocantinense.com.br\/wp-content\/uploads\/2022\/09\/CCCC-300x225.jpg 300w, https:\/\/focotocantinense.com.br\/wp-content\/uploads\/2022\/09\/CCCC-768x576.jpg 768w, https:\/\/focotocantinense.com.br\/wp-content\/uploads\/2022\/09\/CCCC-1536x1152.jpg 1536w, https:\/\/focotocantinense.com.br\/wp-content\/uploads\/2022\/09\/CCCC.jpg 1600w\" sizes=\"auto, (max-width: 1024px) 100vw, 1024px\" \/><figcaption>Reuni\u00e3o com operadores do Mercosul buscou atrair parcerias<\/figcaption><\/figure>\n","protected":false},"excerpt":{"rendered":"<p>Seleucia Fontes Com a participa\u00e7\u00e3o oficial de 152 pessoas no estande do Tocantins, a delega\u00e7\u00e3o oficial do Estado foi anunciada pelos organizadores da ABAV Expo como a maior na 49\u00aa edi\u00e7\u00e3o do evento, que chega ao fim nesta sexta, 23, no Centro de Conven\u00e7\u00f5es de Pernambuco, em Olinda. A secret\u00e1ria executiva da Secretaria de Cultura &hellip;<\/p>\n","protected":false},"author":5,"featured_media":3130,"comment_status":"open","ping_status":"open","sticky":false,"template":"","format":"standard","meta":{"footnotes":""},"categories":[37],"tags":[],"class_list":["post-3129","post","type-post","status-publish","format-standard","has-post-thumbnail","","category-palmas"],"_links":{"self":[{"href":"https:\/\/focotocantinense.com.br\/index.php?rest_route=\/wp\/v2\/posts\/3129","targetHints":{"allow":["GET"]}}],"collection":[{"href":"https:\/\/focotocantinense.com.br\/index.php?rest_route=\/wp\/v2\/posts"}],"about":[{"href":"https:\/\/focotocantinense.com.br\/index.php?rest_route=\/wp\/v2\/types\/post"}],"author":[{"embeddable":true,"href":"https:\/\/focotocantinense.com.br\/index.php?rest_route=\/wp\/v2\/users\/5"}],"replies":[{"embeddable":true,"href":"https:\/\/focotocantinense.com.br\/index.php?rest_route=%2Fwp%2Fv2%2Fcomments&post=3129"}],"version-history":[{"count":2,"href":"https:\/\/focotocantinense.com.br\/index.php?rest_route=\/wp\/v2\/posts\/3129\/revisions"}],"predecessor-version":[{"id":3136,"href":"https:\/\/focotocantinense.com.br\/index.php?rest_route=\/wp\/v2\/posts\/3129\/revisions\/3136"}],"wp:featuredmedia":[{"embeddable":true,"href":"https:\/\/focotocantinense.com.br\/index.php?rest_route=\/wp\/v2\/media\/3130"}],"wp:attachment":[{"href":"https:\/\/focotocantinense.com.br\/index.php?rest_route=%2Fwp%2Fv2%2Fmedia&parent=3129"}],"wp:term":[{"taxonomy":"category","embeddable":true,"href":"https:\/\/focotocantinense.com.br\/index.php?rest_route=%2Fwp%2Fv2%2Fcategories&post=3129"},{"taxonomy":"post_tag","embeddable":true,"href":"https:\/\/focotocantinense.com.br\/index.php?rest_route=%2Fwp%2Fv2%2Ftags&post=3129"}],"curies":[{"name":"wp","href":"https:\/\/api.w.org\/{rel}","templated":true}]}}