{"id":3125,"date":"2022-09-20T17:15:06","date_gmt":"2022-09-20T20:15:06","guid":{"rendered":"https:\/\/focotocantinense.com.br\/?p=3125"},"modified":"2022-09-20T17:20:20","modified_gmt":"2022-09-20T20:20:20","slug":"ministra-cristiane-britto-prestigia-iniciativa-para-jovens-indigenas-no-municipio-de-tocantinia","status":"publish","type":"post","link":"https:\/\/focotocantinense.com.br\/?p=3125","title":{"rendered":"Ministra Cristiane Britto prestigia iniciativa para jovens ind\u00edgenas no munic\u00edpio de Tocant\u00ednia"},"content":{"rendered":"\n<p>Acompanhada pelo prefeito de Tocant\u00ednia, Manoel Silvino, a Ministra da Mulher, da Fam\u00edlia e dos Direitos Humanos, Cristiane Britto, esteve nesta segunda-feira, 19, prestigiando&nbsp; a &nbsp;aula inaugural do Programa Horizontes, no Centro de Ensino Ind\u00edgena Xerente (Cemix), localizado no munic\u00edpio.<\/p>\n\n\n\n<p>O programa tem o objetivo de incentivar o empreendedorismo em jovens de 18 a 29 anos, que prioritariamente residam em terras ind\u00edgenas. No Cemix ser\u00e1 executado o piloto do programa no Tocantins.<\/p>\n\n\n\n<p>O prefeito de Tocant\u00ednia, Manoel Silvino elogiou o Programa Horizontes &nbsp;por proporcionar&nbsp; oportunidades de neg\u00f3cio aos jovens Xerente com incentivo para empreender. Silvino tamb\u00e9m agradeceu ao Governo Federal, por meio do &nbsp;Minist\u00e9rio da Mulher, da Fam\u00edlia e dos Direitos Humanos de levar o Programa at\u00e9 as comunidades ind\u00edgenas.<\/p>\n\n\n\n<p>Em discurso a Ministra Cristiane Britto destacou as capacita\u00e7\u00f5es nas \u00e1reas de finan\u00e7as, vendas e marketing que ser\u00e3o realizadas com a supervis\u00e3o do Instituto Besouro que foi classificada em primeiro lugar no Edital de Chamamento P\u00fablico n\u00ba 01\/2021, realizado pela Secretaria Nacional da Juventude do Minist\u00e9rio da Mulher, Fam\u00edlia e Direitos Humanos. O Instituto pretende capacitar oito mil jovens ind\u00edgenas em todo o Brasil e ainda oferecer mentoria de plano de neg\u00f3cios para mil jovens empreendedores e inovadores. Segundo a Ministra Cristiane, al\u00e9m de capacitar os jovens ind\u00edgenas o Programa tem o projeto para disponibilizar acesso ao microcr\u00e9dito para os futuros empreendedores. E agradeceu as parcerias com a prefeitura e o Estado.<\/p>\n\n\n\n<p>O prefeito Manoel Silvino ressaltou o Programa Horizontes de ser oportunidade de neg\u00f3cio para os jovens Xerente com incentivo para empreender. E fez elogio pela iniciativa do Minist\u00e9rio da Mulher, da Fam\u00edlia e dos Direitos Humanos de levar o Programa at\u00e9 as comunidades ind\u00edgenas.<\/p>\n\n\n\n<figure class=\"wp-block-image\"><img decoding=\"async\" src=\"http:\/\/n1to.com.br\/img\/uploads\/BBBB_8.jpg\" alt=\"\"\/><\/figure>\n\n\n\n<figure class=\"wp-block-image\"><img decoding=\"async\" src=\"http:\/\/n1to.com.br\/img\/uploads\/CCCC_4.jpg\" alt=\"\"\/><\/figure>\n\n\n\n<figure class=\"wp-block-image\"><img decoding=\"async\" src=\"http:\/\/n1to.com.br\/img\/uploads\/DDDD_3.jpg\" alt=\"\"\/><\/figure>\n\n\n\n<figure class=\"wp-block-image\"><img decoding=\"async\" src=\"http:\/\/n1to.com.br\/img\/uploads\/EEE_6.jpg\" alt=\"\"\/><\/figure>\n\n\n\n<pre class=\"wp-block-preformatted\"><\/pre>\n\n\n\n<figure class=\"wp-block-image size-full\"><img loading=\"lazy\" decoding=\"async\" width=\"931\" height=\"502\" src=\"https:\/\/focotocantinense.com.br\/wp-content\/uploads\/2022\/09\/AAA-10.jpg\" alt=\"\" class=\"wp-image-3126\" srcset=\"https:\/\/focotocantinense.com.br\/wp-content\/uploads\/2022\/09\/AAA-10.jpg 931w, https:\/\/focotocantinense.com.br\/wp-content\/uploads\/2022\/09\/AAA-10-300x162.jpg 300w, https:\/\/focotocantinense.com.br\/wp-content\/uploads\/2022\/09\/AAA-10-768x414.jpg 768w\" sizes=\"auto, (max-width: 931px) 100vw, 931px\" \/><\/figure>\n","protected":false},"excerpt":{"rendered":"<p>Acompanhada pelo prefeito de Tocant\u00ednia, Manoel Silvino, a Ministra da Mulher, da Fam\u00edlia e dos Direitos Humanos, Cristiane Britto, esteve nesta segunda-feira, 19, prestigiando&nbsp; a &nbsp;aula inaugural do Programa Horizontes, no Centro de Ensino Ind\u00edgena Xerente (Cemix), localizado no munic\u00edpio. O programa tem o objetivo de incentivar o empreendedorismo em jovens de 18 a 29 &hellip;<\/p>\n","protected":false},"author":5,"featured_media":3128,"comment_status":"open","ping_status":"open","sticky":false,"template":"","format":"standard","meta":{"footnotes":""},"categories":[1],"tags":[],"class_list":["post-3125","post","type-post","status-publish","format-standard","has-post-thumbnail","","category-sem-categoria"],"_links":{"self":[{"href":"https:\/\/focotocantinense.com.br\/index.php?rest_route=\/wp\/v2\/posts\/3125","targetHints":{"allow":["GET"]}}],"collection":[{"href":"https:\/\/focotocantinense.com.br\/index.php?rest_route=\/wp\/v2\/posts"}],"about":[{"href":"https:\/\/focotocantinense.com.br\/index.php?rest_route=\/wp\/v2\/types\/post"}],"author":[{"embeddable":true,"href":"https:\/\/focotocantinense.com.br\/index.php?rest_route=\/wp\/v2\/users\/5"}],"replies":[{"embeddable":true,"href":"https:\/\/focotocantinense.com.br\/index.php?rest_route=%2Fwp%2Fv2%2Fcomments&post=3125"}],"version-history":[{"count":1,"href":"https:\/\/focotocantinense.com.br\/index.php?rest_route=\/wp\/v2\/posts\/3125\/revisions"}],"predecessor-version":[{"id":3127,"href":"https:\/\/focotocantinense.com.br\/index.php?rest_route=\/wp\/v2\/posts\/3125\/revisions\/3127"}],"wp:featuredmedia":[{"embeddable":true,"href":"https:\/\/focotocantinense.com.br\/index.php?rest_route=\/wp\/v2\/media\/3128"}],"wp:attachment":[{"href":"https:\/\/focotocantinense.com.br\/index.php?rest_route=%2Fwp%2Fv2%2Fmedia&parent=3125"}],"wp:term":[{"taxonomy":"category","embeddable":true,"href":"https:\/\/focotocantinense.com.br\/index.php?rest_route=%2Fwp%2Fv2%2Fcategories&post=3125"},{"taxonomy":"post_tag","embeddable":true,"href":"https:\/\/focotocantinense.com.br\/index.php?rest_route=%2Fwp%2Fv2%2Ftags&post=3125"}],"curies":[{"name":"wp","href":"https:\/\/api.w.org\/{rel}","templated":true}]}}