{"id":3110,"date":"2022-09-19T21:35:25","date_gmt":"2022-09-20T00:35:25","guid":{"rendered":"https:\/\/focotocantinense.com.br\/?p=3110"},"modified":"2022-09-19T21:39:17","modified_gmt":"2022-09-20T00:39:17","slug":"tocantinia-se-mantem-com-bom-desempenho-no-ranking-do-ideb-no-tocantins-2","status":"publish","type":"post","link":"https:\/\/focotocantinense.com.br\/?p=3110","title":{"rendered":"Tocant\u00ednia se mant\u00e9m com bom desempenho no ranking do IDEB no Tocantins"},"content":{"rendered":"\n<p>A Prefeitura de Tocant\u00ednia por meio da Secretaria Municipal de Educa\u00e7\u00e3o (Semed), comemora o bom resultado alcan\u00e7ado no \u00cdndice de Desenvolvimento da Educa\u00e7\u00e3o B\u00e1sica (IDEB).<\/p>\n\n\n\n<p>O secret\u00e1rio de Educa\u00e7\u00e3o do munic\u00edpio, professor Andr\u00e9 Goveia, informa que mesmo em per\u00edodo pand\u00eamico, o munic\u00edpio manteve a m\u00e9dia de 5.2 no IDEB, ficando em 15\u00b0 lugar no ranking estadual.<\/p>\n\n\n\n<p>O prefeito Manoel Silvino parabenizou todos os profissionais do Sistema Municipal de Educa\u00e7\u00e3o de Tocant\u00ednia, que com esfor\u00e7o, dedica\u00e7\u00e3o e comprometimento com o aluno, mesmo em per\u00edodo pand\u00eamico, manteve a m\u00e9dia positiva no \u00edndice do IDEB.<\/p>\n\n\n\n<p><strong>Sobre o IDEB<\/strong><br>Segundo o Minist\u00e9rio da Educa\u00e7\u00e3o (MEC), o IDEB funciona como um indicador nacional que possibilita o monitoramento da qualidade da educa\u00e7\u00e3o pela popula\u00e7\u00e3o por meio de dados concretos, com o qual a sociedade pode se mobilizar em busca de melhorias.<\/p>\n\n\n\n<p>O c\u00e1lculo \u00e9 realizado a partir de dois componentes: taxa de rendimento escolar (aprova\u00e7\u00e3o) e as m\u00e9dias desempenho em exames aplicados pelo Instituto Nacional de Estudos e Pesquisas Educacionais An\u00edsio Teixeira (INEP), por meio da Prova Brasil, realizada a cada dois anos.<\/p>\n\n\n\n<p><strong>Valoriza\u00e7\u00e3o<\/strong><br>O secret\u00e1rio Andr\u00e9 Goveia destaca que tal desempenho \u00e9 fruto de um trabalho \u00e1rduo das Unidades de Ensino, assim como, da Prefeitura de Tocant\u00ednia junto \u00e0 Secretaria Municipal de Educa\u00e7\u00e3o que procurou investir prioritariamente na valoriza\u00e7\u00e3o dos profissionais da educa\u00e7\u00e3o.<\/p>\n\n\n\n<p>\u201cEssa valoriza\u00e7\u00e3o acontece por meio do cumprimento do PCCR com progress\u00f5es, bonifica\u00e7\u00e3o pelo trabalho desenvolvido durante a pandemia, assim como investimento em Programa de Forma\u00e7\u00e3o Continuada, melhoria na infraestrutura das Unidades de Ensino, zelando pela vida dos alunos desde a educa\u00e7\u00e3o infantil ao ensino fundamental\u201d, explicou o secret\u00e1rio.<\/p>\n\n\n\n<p><strong>Investimentos<\/strong><br>Ainda de acordo com o professor Andr\u00e9 Goveia, o prop\u00f3sito desse conjunto de a\u00e7\u00f5es foi o de manter as aprendizagens durante o per\u00edodo mais cr\u00edtico da pandemia, quando a administra\u00e7\u00e3o municipal realizou investimentos em plataforma digitais, proporcionado acesso a todos os alunos do Sistema Municipal de Educa\u00e7\u00e3o.<\/p>\n\n\n\n<p>\u201cAssim, nossos alunos puderam acessar aos objetos de conhecimento e v\u00eddeos explicativos sobre os conte\u00fados pedag\u00f3gicos. Houve, tamb\u00e9m, a distribui\u00e7\u00e3o de blocos de atividades respeitando o cronograma, garantido os direitos de aprendizagens propostos na BNCC e Documento Curricular do Tocantins (DCT)\u201d, finalizou o secret\u00e1rio de Educa\u00e7\u00e3o. <strong>(Por Zacarias Martins)<\/strong><\/p>\n\n\n\n<figure class=\"wp-block-image size-full\"><img loading=\"lazy\" decoding=\"async\" width=\"626\" height=\"450\" src=\"https:\/\/focotocantinense.com.br\/wp-content\/uploads\/2022\/09\/FOTO-PRINCIAPL-2.jpg\" alt=\"\" class=\"wp-image-3112\" srcset=\"https:\/\/focotocantinense.com.br\/wp-content\/uploads\/2022\/09\/FOTO-PRINCIAPL-2.jpg 626w, https:\/\/focotocantinense.com.br\/wp-content\/uploads\/2022\/09\/FOTO-PRINCIAPL-2-300x216.jpg 300w\" sizes=\"auto, (max-width: 626px) 100vw, 626px\" \/><\/figure>\n\n\n\n<figure class=\"wp-block-image size-full is-resized\"><img loading=\"lazy\" decoding=\"async\" src=\"https:\/\/focotocantinense.com.br\/wp-content\/uploads\/2022\/09\/BBB-2.jpg\" alt=\"\" class=\"wp-image-3114\" width=\"629\" height=\"523\" srcset=\"https:\/\/focotocantinense.com.br\/wp-content\/uploads\/2022\/09\/BBB-2.jpg 574w, https:\/\/focotocantinense.com.br\/wp-content\/uploads\/2022\/09\/BBB-2-300x249.jpg 300w\" sizes=\"auto, (max-width: 629px) 100vw, 629px\" \/><\/figure>\n","protected":false},"excerpt":{"rendered":"<p>A Prefeitura de Tocant\u00ednia por meio da Secretaria Municipal de Educa\u00e7\u00e3o (Semed), comemora o bom resultado alcan\u00e7ado no \u00cdndice de Desenvolvimento da Educa\u00e7\u00e3o B\u00e1sica (IDEB). O secret\u00e1rio de Educa\u00e7\u00e3o do munic\u00edpio, professor Andr\u00e9 Goveia, informa que mesmo em per\u00edodo pand\u00eamico, o munic\u00edpio manteve a m\u00e9dia de 5.2 no IDEB, ficando em 15\u00b0 lugar no ranking &hellip;<\/p>\n","protected":false},"author":5,"featured_media":3116,"comment_status":"open","ping_status":"open","sticky":false,"template":"","format":"standard","meta":{"footnotes":""},"categories":[78],"tags":[],"class_list":["post-3110","post","type-post","status-publish","format-standard","has-post-thumbnail","","category-tocantinia"],"_links":{"self":[{"href":"https:\/\/focotocantinense.com.br\/index.php?rest_route=\/wp\/v2\/posts\/3110","targetHints":{"allow":["GET"]}}],"collection":[{"href":"https:\/\/focotocantinense.com.br\/index.php?rest_route=\/wp\/v2\/posts"}],"about":[{"href":"https:\/\/focotocantinense.com.br\/index.php?rest_route=\/wp\/v2\/types\/post"}],"author":[{"embeddable":true,"href":"https:\/\/focotocantinense.com.br\/index.php?rest_route=\/wp\/v2\/users\/5"}],"replies":[{"embeddable":true,"href":"https:\/\/focotocantinense.com.br\/index.php?rest_route=%2Fwp%2Fv2%2Fcomments&post=3110"}],"version-history":[{"count":3,"href":"https:\/\/focotocantinense.com.br\/index.php?rest_route=\/wp\/v2\/posts\/3110\/revisions"}],"predecessor-version":[{"id":3115,"href":"https:\/\/focotocantinense.com.br\/index.php?rest_route=\/wp\/v2\/posts\/3110\/revisions\/3115"}],"wp:featuredmedia":[{"embeddable":true,"href":"https:\/\/focotocantinense.com.br\/index.php?rest_route=\/wp\/v2\/media\/3116"}],"wp:attachment":[{"href":"https:\/\/focotocantinense.com.br\/index.php?rest_route=%2Fwp%2Fv2%2Fmedia&parent=3110"}],"wp:term":[{"taxonomy":"category","embeddable":true,"href":"https:\/\/focotocantinense.com.br\/index.php?rest_route=%2Fwp%2Fv2%2Fcategories&post=3110"},{"taxonomy":"post_tag","embeddable":true,"href":"https:\/\/focotocantinense.com.br\/index.php?rest_route=%2Fwp%2Fv2%2Ftags&post=3110"}],"curies":[{"name":"wp","href":"https:\/\/api.w.org\/{rel}","templated":true}]}}