{"id":3093,"date":"2022-09-19T21:24:47","date_gmt":"2022-09-20T00:24:47","guid":{"rendered":"https:\/\/focotocantinense.com.br\/?p=3093"},"modified":"2022-09-19T21:26:09","modified_gmt":"2022-09-20T00:26:09","slug":"projeto-forca-mulher-ira-profissionalizar-mulheres-atendidas-pelos-cras-de-palmas","status":"publish","type":"post","link":"https:\/\/focotocantinense.com.br\/?p=3093","title":{"rendered":"Projeto For\u00e7a Mulher ir\u00e1 profissionalizar mulheres atendidas pelos Cras de Palmas"},"content":{"rendered":"\n<p>Nesta segunda-feira,19, o projeto &#8216;For\u00e7a Mulher&#8217;, desenvolvido pelo Sebrae Tocantins, em parceria com o Sistema Fieto (Federa\u00e7\u00e3o das Ind\u00fastrias do Estado do Tocantins), foi apresentado para coordenadores e t\u00e9cnicos sociais dos sete Centros de Refer\u00eancia de Assist\u00eancia Social (Cras) de Palmas. Na reuni\u00e3o foram discutidas datas e log\u00edstica para a oferta de cursos como o de p\u00e3es, <em>patchwork<\/em>, pintura de obras, cabeleireira, unhas em gel, drinques e petiscos para mulheres atendidas pelos Cras da Capital.<\/p>\n\n\n\n<p>De acordo com o presidente do Conselho Deliberativo Estadual do Sebrae (CDE), Rog\u00e9rio Ramos, com esta parceria a Prefeitura de Palmas poder\u00e1 \u201ccapacitar mais de 600 mulheres palmenses em situa\u00e7\u00e3o de vulnerabilidade social e lhes dar condi\u00e7\u00f5es para iniciar uma nova etapa em suas vidas\u201d.<\/p>\n\n\n\n<p>\u201c\u00c9 uma grande oportunidade e tenho certeza que as equipes dos Centros est\u00e3o 100% comprometidas em colaborar para que esta transforma\u00e7\u00e3o aconte\u00e7a na vida dessas mulheres\u201d, apontou a diretora de Prote\u00e7\u00e3o Social B\u00e1sica da Secretaria de Desenvolvimento Social, Erislene de Aguiar, acrescentando que as mulheres ser\u00e3o selecionadas de acordo com crit\u00e9rios sociais, como por exemplo, estar inscrita no Programa Aux\u00edlio Brasil do Governo Federal.<\/p>\n\n\n\n<p>Participaram tamb\u00e9m da reuni\u00e3o a coordenadora Estadual do Projeto Sebrae For\u00e7a Mulher, Luciana Pires Retes, e a consultora s\u00eanior do Sebrae, Adriana de Almeida Silva.<\/p>\n\n\n\n<p><strong>For\u00e7a Mulher<\/strong><\/p>\n\n\n\n<p>Em 2021, o Sebrae criou o projeto &#8216;For\u00e7a Mulher&#8217; cujo objetivo \u00e9 proporcionar \u00e0s mulheres tocantinenses em situa\u00e7\u00e3o de vulnerabilidade social&nbsp;condi\u00e7\u00f5es necess\u00e1rias \u00e0 abertura de novos neg\u00f3cios.<\/p>\n\n\n\n<p>Foram destinados R$ 9 milh\u00f5es provenientes do Sebrae Nacional e mais R$1,5 mi por meio de emenda parlamentar, que garantiram o custeio das atividades e dos kits de materiais e insumos para empreender.<\/p>\n\n\n\n<figure class=\"wp-block-image size-full\"><img loading=\"lazy\" decoding=\"async\" width=\"566\" height=\"378\" src=\"https:\/\/focotocantinense.com.br\/wp-content\/uploads\/2022\/09\/xxxxxx.jpg\" alt=\"\" class=\"wp-image-3095\" srcset=\"https:\/\/focotocantinense.com.br\/wp-content\/uploads\/2022\/09\/xxxxxx.jpg 566w, https:\/\/focotocantinense.com.br\/wp-content\/uploads\/2022\/09\/xxxxxx-300x200.jpg 300w\" sizes=\"auto, (max-width: 566px) 100vw, 566px\" \/><\/figure>\n","protected":false},"excerpt":{"rendered":"<p>Nesta segunda-feira,19, o projeto &#8216;For\u00e7a Mulher&#8217;, desenvolvido pelo Sebrae Tocantins, em parceria com o Sistema Fieto (Federa\u00e7\u00e3o das Ind\u00fastrias do Estado do Tocantins), foi apresentado para coordenadores e t\u00e9cnicos sociais dos sete Centros de Refer\u00eancia de Assist\u00eancia Social (Cras) de Palmas. Na reuni\u00e3o foram discutidas datas e log\u00edstica para a oferta de cursos como o &hellip;<\/p>\n","protected":false},"author":5,"featured_media":3095,"comment_status":"open","ping_status":"open","sticky":false,"template":"","format":"standard","meta":{"footnotes":""},"categories":[1],"tags":[],"class_list":["post-3093","post","type-post","status-publish","format-standard","has-post-thumbnail","","category-sem-categoria"],"_links":{"self":[{"href":"https:\/\/focotocantinense.com.br\/index.php?rest_route=\/wp\/v2\/posts\/3093","targetHints":{"allow":["GET"]}}],"collection":[{"href":"https:\/\/focotocantinense.com.br\/index.php?rest_route=\/wp\/v2\/posts"}],"about":[{"href":"https:\/\/focotocantinense.com.br\/index.php?rest_route=\/wp\/v2\/types\/post"}],"author":[{"embeddable":true,"href":"https:\/\/focotocantinense.com.br\/index.php?rest_route=\/wp\/v2\/users\/5"}],"replies":[{"embeddable":true,"href":"https:\/\/focotocantinense.com.br\/index.php?rest_route=%2Fwp%2Fv2%2Fcomments&post=3093"}],"version-history":[{"count":2,"href":"https:\/\/focotocantinense.com.br\/index.php?rest_route=\/wp\/v2\/posts\/3093\/revisions"}],"predecessor-version":[{"id":3096,"href":"https:\/\/focotocantinense.com.br\/index.php?rest_route=\/wp\/v2\/posts\/3093\/revisions\/3096"}],"wp:featuredmedia":[{"embeddable":true,"href":"https:\/\/focotocantinense.com.br\/index.php?rest_route=\/wp\/v2\/media\/3095"}],"wp:attachment":[{"href":"https:\/\/focotocantinense.com.br\/index.php?rest_route=%2Fwp%2Fv2%2Fmedia&parent=3093"}],"wp:term":[{"taxonomy":"category","embeddable":true,"href":"https:\/\/focotocantinense.com.br\/index.php?rest_route=%2Fwp%2Fv2%2Fcategories&post=3093"},{"taxonomy":"post_tag","embeddable":true,"href":"https:\/\/focotocantinense.com.br\/index.php?rest_route=%2Fwp%2Fv2%2Ftags&post=3093"}],"curies":[{"name":"wp","href":"https:\/\/api.w.org\/{rel}","templated":true}]}}