{"id":3086,"date":"2022-09-19T15:21:16","date_gmt":"2022-09-19T18:21:16","guid":{"rendered":"https:\/\/focotocantinense.com.br\/?p=3086"},"modified":"2022-09-19T15:23:53","modified_gmt":"2022-09-19T18:23:53","slug":"aniversario-da-feirinha-da-vila-planalto-movimenta-tocantinia","status":"publish","type":"post","link":"https:\/\/focotocantinense.com.br\/?p=3086","title":{"rendered":"Anivers\u00e1rio da feirinha da Vila Planalto movimenta Tocant\u00ednia"},"content":{"rendered":"\n<figure class=\"wp-block-image size-full is-resized\"><img loading=\"lazy\" decoding=\"async\" src=\"https:\/\/focotocantinense.com.br\/wp-content\/uploads\/2022\/09\/AAA-9.jpg\" alt=\"\" class=\"wp-image-3087\" width=\"346\" height=\"236\" srcset=\"https:\/\/focotocantinense.com.br\/wp-content\/uploads\/2022\/09\/AAA-9.jpg 579w, https:\/\/focotocantinense.com.br\/wp-content\/uploads\/2022\/09\/AAA-9-300x205.jpg 300w, https:\/\/focotocantinense.com.br\/wp-content\/uploads\/2022\/09\/AAA-9-110x75.jpg 110w\" sizes=\"auto, (max-width: 346px) 100vw, 346px\" \/><\/figure>\n\n\n\n<p>A tradicional feirinha da Vila Planalto,&nbsp; em Tocant\u00ednia, comemorou o seu s\u00e9timo anivers\u00e1rio de exist\u00eancia no s\u00e1bado (17), com uma movimentada programa\u00e7\u00e3o.<\/p>\n\n\n\n<p>O evento foi organizado pela Associa\u00e7\u00e3o Entrela\u00e7ando Artes de pequenos produtores do munic\u00edpio, tendo o &nbsp;apoio da Prefeitura Municipal de Tocant\u00ednia, que atraiu grande p\u00fablico.<\/p>\n\n\n\n<p>O vice-prefeito de Tocant\u00ednia, &nbsp;Jo\u00e3o Alberto Coelho Machado representando o prefeito da cidade, Manoel Silvino, &nbsp;&nbsp;parabenizou a todos envolvidos &nbsp;na organiza\u00e7\u00e3o do evento, bem como a a comunidade local. Ele tamb\u00e9m destacou a import\u00e2ncia dos pequenos produtores da agricultura fam\u00edlia para o fomento da economia local.<\/p>\n\n\n\n<p>Na programa\u00e7\u00e3o festiva, al\u00e9m do show ao vivo, o p\u00fablico se deliciou com lanches e outras comidas oferecidas na pra\u00e7a de alimenta\u00e7\u00e3o. Tamb\u00e9m n\u00e3o podiam faltar frutas e verduras fresquinhas para os clientes.<\/p>\n\n\n\n<figure class=\"wp-block-image size-full\"><img loading=\"lazy\" decoding=\"async\" width=\"471\" height=\"386\" src=\"https:\/\/focotocantinense.com.br\/wp-content\/uploads\/2022\/09\/bbbb.jpg\" alt=\"\" class=\"wp-image-3089\" srcset=\"https:\/\/focotocantinense.com.br\/wp-content\/uploads\/2022\/09\/bbbb.jpg 471w, https:\/\/focotocantinense.com.br\/wp-content\/uploads\/2022\/09\/bbbb-300x246.jpg 300w\" sizes=\"auto, (max-width: 471px) 100vw, 471px\" \/><\/figure>\n\n\n\n<figure class=\"wp-block-image size-full is-resized\"><img loading=\"lazy\" decoding=\"async\" src=\"https:\/\/focotocantinense.com.br\/wp-content\/uploads\/2022\/09\/ccc.jpg\" alt=\"\" class=\"wp-image-3090\" width=\"471\" height=\"347\" srcset=\"https:\/\/focotocantinense.com.br\/wp-content\/uploads\/2022\/09\/ccc.jpg 572w, https:\/\/focotocantinense.com.br\/wp-content\/uploads\/2022\/09\/ccc-300x221.jpg 300w\" sizes=\"auto, (max-width: 471px) 100vw, 471px\" \/><\/figure>\n","protected":false},"excerpt":{"rendered":"<p>A tradicional feirinha da Vila Planalto,&nbsp; em Tocant\u00ednia, comemorou o seu s\u00e9timo anivers\u00e1rio de exist\u00eancia no s\u00e1bado (17), com uma movimentada programa\u00e7\u00e3o. O evento foi organizado pela Associa\u00e7\u00e3o Entrela\u00e7ando Artes de pequenos produtores do munic\u00edpio, tendo o &nbsp;apoio da Prefeitura Municipal de Tocant\u00ednia, que atraiu grande p\u00fablico. O vice-prefeito de Tocant\u00ednia, &nbsp;Jo\u00e3o Alberto Coelho Machado &hellip;<\/p>\n","protected":false},"author":5,"featured_media":3087,"comment_status":"open","ping_status":"open","sticky":false,"template":"","format":"standard","meta":{"footnotes":""},"categories":[1,78],"tags":[],"class_list":["post-3086","post","type-post","status-publish","format-standard","has-post-thumbnail","","category-sem-categoria","category-tocantinia"],"_links":{"self":[{"href":"https:\/\/focotocantinense.com.br\/index.php?rest_route=\/wp\/v2\/posts\/3086","targetHints":{"allow":["GET"]}}],"collection":[{"href":"https:\/\/focotocantinense.com.br\/index.php?rest_route=\/wp\/v2\/posts"}],"about":[{"href":"https:\/\/focotocantinense.com.br\/index.php?rest_route=\/wp\/v2\/types\/post"}],"author":[{"embeddable":true,"href":"https:\/\/focotocantinense.com.br\/index.php?rest_route=\/wp\/v2\/users\/5"}],"replies":[{"embeddable":true,"href":"https:\/\/focotocantinense.com.br\/index.php?rest_route=%2Fwp%2Fv2%2Fcomments&post=3086"}],"version-history":[{"count":3,"href":"https:\/\/focotocantinense.com.br\/index.php?rest_route=\/wp\/v2\/posts\/3086\/revisions"}],"predecessor-version":[{"id":3092,"href":"https:\/\/focotocantinense.com.br\/index.php?rest_route=\/wp\/v2\/posts\/3086\/revisions\/3092"}],"wp:featuredmedia":[{"embeddable":true,"href":"https:\/\/focotocantinense.com.br\/index.php?rest_route=\/wp\/v2\/media\/3087"}],"wp:attachment":[{"href":"https:\/\/focotocantinense.com.br\/index.php?rest_route=%2Fwp%2Fv2%2Fmedia&parent=3086"}],"wp:term":[{"taxonomy":"category","embeddable":true,"href":"https:\/\/focotocantinense.com.br\/index.php?rest_route=%2Fwp%2Fv2%2Fcategories&post=3086"},{"taxonomy":"post_tag","embeddable":true,"href":"https:\/\/focotocantinense.com.br\/index.php?rest_route=%2Fwp%2Fv2%2Ftags&post=3086"}],"curies":[{"name":"wp","href":"https:\/\/api.w.org\/{rel}","templated":true}]}}