{"id":3080,"date":"2022-09-18T18:37:09","date_gmt":"2022-09-18T21:37:09","guid":{"rendered":"https:\/\/focotocantinense.com.br\/?p=3080"},"modified":"2022-09-18T18:42:34","modified_gmt":"2022-09-18T21:42:34","slug":"ministra-cristiane-britto-estara-em-tocantins-nesta-segunda-19-para-acompanhar-iniciativa-de-empreendedorismo-para-jovens-indigenas","status":"publish","type":"post","link":"https:\/\/focotocantinense.com.br\/?p=3080","title":{"rendered":"Ministra Cristiane Britto estar\u00e1 em Tocantins nesta segunda (19) para acompanhar iniciativa de empreendedorismo para jovens ind\u00edgenas"},"content":{"rendered":"\n<figure class=\"wp-block-image size-full is-resized\"><img loading=\"lazy\" decoding=\"async\" src=\"https:\/\/focotocantinense.com.br\/wp-content\/uploads\/2022\/09\/AAA-8.jpg\" alt=\"\" class=\"wp-image-3081\" width=\"403\" height=\"259\" srcset=\"https:\/\/focotocantinense.com.br\/wp-content\/uploads\/2022\/09\/AAA-8.jpg 787w, https:\/\/focotocantinense.com.br\/wp-content\/uploads\/2022\/09\/AAA-8-300x193.jpg 300w, https:\/\/focotocantinense.com.br\/wp-content\/uploads\/2022\/09\/AAA-8-768x494.jpg 768w\" sizes=\"auto, (max-width: 403px) 100vw, 403px\" \/><\/figure>\n\n\n\n<p>A ministra da Mulher, da Fam\u00edlia e dos Direitos Humanos, Cristiane Britto, participar\u00e1 nesta segunda-feira (19) da aula inaugural do Programa Horizontes, no Centro de Ensino Ind\u00edgena Xerente (CEMIX), localizado no munic\u00edpio de Tocant\u00ednia (TO). Com o objetivo de incentivar o empreendedorismo em jovens de 18 a 29 anos, que prioritariamente residam em terras ind\u00edgenas, o evento tamb\u00e9m contar\u00e1 com a presen\u00e7a da secret\u00e1ria nacional da Juventude, Luana Machado.<\/p>\n\n\n\n<p>As capacita\u00e7\u00f5es nas \u00e1reas de finan\u00e7as, vendas e marketing ser\u00e3o realizadas com a supervis\u00e3o do Instituto Besouro, que foi classificado em primeiro lugar no Edital de Chamamento P\u00fablico n\u00ba 01\/2021, realizado pela Secretaria Nacional da Juventude do Minist\u00e9rio da Mulher, Fam\u00edlia e Direitos Humanos. O Instituto pretende capacitar oito mil jovens ind\u00edgenas em todo o Brasil e ainda oferecer mentoria de plano de neg\u00f3cios para mil jovens empreendedores e inovadores.<\/p>\n\n\n\n<p>Al\u00e9m de prestigiar a aula inaugural, a ministra visitar\u00e1 uma unidade da Caixa Econ\u00f4mica Federal em Palmas que conta com o Programa \u201cCaixa para Elas\u201d. A iniciativa pretende fortalecer o empreendedorismo feminino e prestar atendimento a fim de enfrentar a viol\u00eancia dom\u00e9stica e familiar contra mulheres.&nbsp;<\/p>\n\n\n\n<p><strong>SERVI\u00c7O<\/strong><\/p>\n\n\n\n<p><strong>19\/9 (segunda-feira)<\/strong><\/p>\n\n\n\n<p><strong>10h30 &#8211; Aula inaugural do Projeto Horizontes para jovens ind\u00edgenas em Tocant\u00ednia \u2013 TO<\/strong><br>Local: Centro de Ensino M\u00e9dio Ind\u00edgena Xerente Wara (CEMIX)<br>Endere\u00e7o: Reserva Ind\u00edgena Xerente 0, Tocant\u00ednia &#8211; TO<\/p>\n\n\n\n<p><strong>14h &#8211; Visita \u00e0 unidade da Caixa Econ\u00f4mica Federal que conta com o Programa \u201cCaixa para Elas\u201d<\/strong><br>Local: Ag\u00eancia da Caixa Econ\u00f4mica Federal<br>Endere\u00e7o: Quadra 102 Sul &#8211; Av. NS 2 Lote 08 &#8211; Palmas &#8211; TO<\/p>\n","protected":false},"excerpt":{"rendered":"<p>A ministra da Mulher, da Fam\u00edlia e dos Direitos Humanos, Cristiane Britto, participar\u00e1 nesta segunda-feira (19) da aula inaugural do Programa Horizontes, no Centro de Ensino Ind\u00edgena Xerente (CEMIX), localizado no munic\u00edpio de Tocant\u00ednia (TO). Com o objetivo de incentivar o empreendedorismo em jovens de 18 a 29 anos, que prioritariamente residam em terras ind\u00edgenas, &hellip;<\/p>\n","protected":false},"author":5,"featured_media":3081,"comment_status":"open","ping_status":"open","sticky":false,"template":"","format":"standard","meta":{"footnotes":""},"categories":[1,78],"tags":[],"class_list":["post-3080","post","type-post","status-publish","format-standard","has-post-thumbnail","","category-sem-categoria","category-tocantinia"],"_links":{"self":[{"href":"https:\/\/focotocantinense.com.br\/index.php?rest_route=\/wp\/v2\/posts\/3080","targetHints":{"allow":["GET"]}}],"collection":[{"href":"https:\/\/focotocantinense.com.br\/index.php?rest_route=\/wp\/v2\/posts"}],"about":[{"href":"https:\/\/focotocantinense.com.br\/index.php?rest_route=\/wp\/v2\/types\/post"}],"author":[{"embeddable":true,"href":"https:\/\/focotocantinense.com.br\/index.php?rest_route=\/wp\/v2\/users\/5"}],"replies":[{"embeddable":true,"href":"https:\/\/focotocantinense.com.br\/index.php?rest_route=%2Fwp%2Fv2%2Fcomments&post=3080"}],"version-history":[{"count":3,"href":"https:\/\/focotocantinense.com.br\/index.php?rest_route=\/wp\/v2\/posts\/3080\/revisions"}],"predecessor-version":[{"id":3084,"href":"https:\/\/focotocantinense.com.br\/index.php?rest_route=\/wp\/v2\/posts\/3080\/revisions\/3084"}],"wp:featuredmedia":[{"embeddable":true,"href":"https:\/\/focotocantinense.com.br\/index.php?rest_route=\/wp\/v2\/media\/3081"}],"wp:attachment":[{"href":"https:\/\/focotocantinense.com.br\/index.php?rest_route=%2Fwp%2Fv2%2Fmedia&parent=3080"}],"wp:term":[{"taxonomy":"category","embeddable":true,"href":"https:\/\/focotocantinense.com.br\/index.php?rest_route=%2Fwp%2Fv2%2Fcategories&post=3080"},{"taxonomy":"post_tag","embeddable":true,"href":"https:\/\/focotocantinense.com.br\/index.php?rest_route=%2Fwp%2Fv2%2Ftags&post=3080"}],"curies":[{"name":"wp","href":"https:\/\/api.w.org\/{rel}","templated":true}]}}