{"id":3066,"date":"2022-09-16T17:55:40","date_gmt":"2022-09-16T20:55:40","guid":{"rendered":"https:\/\/focotocantinense.com.br\/?p=3066"},"modified":"2022-09-16T18:01:59","modified_gmt":"2022-09-16T21:01:59","slug":"3066","status":"publish","type":"post","link":"https:\/\/focotocantinense.com.br\/?p=3066","title":{"rendered":"Em Tocant\u00ednia, Piquenique Liter\u00e1rio d\u00e1 novo prazer \u00e0 leitura"},"content":{"rendered":"\n<figure class=\"wp-block-image size-full is-resized\"><img loading=\"lazy\" decoding=\"async\" src=\"https:\/\/focotocantinense.com.br\/wp-content\/uploads\/2022\/09\/1111.jpg\" alt=\"\" class=\"wp-image-3067\" width=\"409\" height=\"307\" srcset=\"https:\/\/focotocantinense.com.br\/wp-content\/uploads\/2022\/09\/1111.jpg 1024w, https:\/\/focotocantinense.com.br\/wp-content\/uploads\/2022\/09\/1111-300x225.jpg 300w, https:\/\/focotocantinense.com.br\/wp-content\/uploads\/2022\/09\/1111-768x576.jpg 768w\" sizes=\"auto, (max-width: 409px) 100vw, 409px\" \/><figcaption><strong>Por Zacarias Martins<\/strong><br>Alunos do 2\u00b0 ano e 3\u00b0 ano &#8220;A&#8221; &nbsp;da Escola Municipal Professor Constantino Pedro de Castro,&nbsp; em Tocant\u00ednia, tiveram uma manh\u00e3 diferente de aprendizagem nesta sexta-feira, 16. A gurizada participou de um animado Piquenique Liter\u00e1rio que aconteceu numa \u00e1rea da Pra\u00e7a da Igreja Ant\u00f4nio de Ganges.<br><br>Esse Piquenique Liter\u00e1rio foi organizado pelas&nbsp; professoras Maria L\u00facia Bispo e Rayane Gomes, e teve a participa\u00e7\u00e3o especial do secret\u00e1rio de Educa\u00e7\u00e3o de Tocant\u00ednia,&nbsp; professor Andr\u00e9 Goveia, que tamb\u00e9m \u00e9 poeta, com v\u00e1rios livros publicados e integra&nbsp; o quadro de Membros-Correspondentes das Academias de Letras de Gurupi e de Aragua\u00edna.<br><br>De acordo com a coordenadora da Unidade Escola,&nbsp; professora Ana Raquel Brito da Cruz, coordenadora, essa atividade tem como objetivo a leitura, o desenvolvimento da oralidade e estimular a imagina\u00e7\u00e3o, que s\u00e3o fatores importantes para o desenvolvimento infantil.<br><br>O Secret\u00e1rio de Educa\u00e7\u00e3o, Andr\u00e9 Goveia explicou &nbsp;que quando as professoras Maria L\u00facia Bispo e Rayane Gomes &nbsp;pensaram em despertar nos seus alunos do Ensino Fundamental, o prazer de lerem livros, o objetivo principal foi de tir\u00e1-los da frente do v\u00eddeo game, da televis\u00e3o e do celular. \u201cO Piquenique Liter\u00e1rio &nbsp;foi um sucesso e se reverteu num momento l\u00fadico de apreciar a brisa do vento, oportunizar aos alunos uma atividade mais din\u00e2mica e prazerosa de incentivo \u00e0 leitura\u201d, concluiu o secret\u00e1rio.<br><br><\/figcaption><\/figure>\n\n\n\n<figure class=\"wp-block-image size-full\"><img loading=\"lazy\" decoding=\"async\" width=\"1024\" height=\"768\" src=\"https:\/\/focotocantinense.com.br\/wp-content\/uploads\/2022\/09\/222.jpg\" alt=\"\" class=\"wp-image-3069\" srcset=\"https:\/\/focotocantinense.com.br\/wp-content\/uploads\/2022\/09\/222.jpg 1024w, https:\/\/focotocantinense.com.br\/wp-content\/uploads\/2022\/09\/222-300x225.jpg 300w, https:\/\/focotocantinense.com.br\/wp-content\/uploads\/2022\/09\/222-768x576.jpg 768w\" sizes=\"auto, (max-width: 1024px) 100vw, 1024px\" \/><\/figure>\n\n\n\n<figure class=\"wp-block-image size-full\"><img loading=\"lazy\" decoding=\"async\" width=\"768\" height=\"1024\" src=\"https:\/\/focotocantinense.com.br\/wp-content\/uploads\/2022\/09\/333.jpg\" alt=\"\" class=\"wp-image-3070\" srcset=\"https:\/\/focotocantinense.com.br\/wp-content\/uploads\/2022\/09\/333.jpg 768w, https:\/\/focotocantinense.com.br\/wp-content\/uploads\/2022\/09\/333-225x300.jpg 225w\" sizes=\"auto, (max-width: 768px) 100vw, 768px\" \/><\/figure>\n\n\n\n<figure class=\"wp-block-image size-full\"><img loading=\"lazy\" decoding=\"async\" width=\"1024\" height=\"768\" src=\"https:\/\/focotocantinense.com.br\/wp-content\/uploads\/2022\/09\/444.jpg\" alt=\"\" class=\"wp-image-3071\" srcset=\"https:\/\/focotocantinense.com.br\/wp-content\/uploads\/2022\/09\/444.jpg 1024w, https:\/\/focotocantinense.com.br\/wp-content\/uploads\/2022\/09\/444-300x225.jpg 300w, https:\/\/focotocantinense.com.br\/wp-content\/uploads\/2022\/09\/444-768x576.jpg 768w\" sizes=\"auto, (max-width: 1024px) 100vw, 1024px\" \/><\/figure>\n\n\n\n<figure class=\"wp-block-image size-full\"><img loading=\"lazy\" decoding=\"async\" width=\"768\" height=\"1024\" src=\"https:\/\/focotocantinense.com.br\/wp-content\/uploads\/2022\/09\/5555.jpg\" alt=\"\" class=\"wp-image-3072\" srcset=\"https:\/\/focotocantinense.com.br\/wp-content\/uploads\/2022\/09\/5555.jpg 768w, https:\/\/focotocantinense.com.br\/wp-content\/uploads\/2022\/09\/5555-225x300.jpg 225w\" sizes=\"auto, (max-width: 768px) 100vw, 768px\" \/><\/figure>\n\n\n\n<figure class=\"wp-block-image size-full\"><img loading=\"lazy\" decoding=\"async\" width=\"1024\" height=\"768\" src=\"https:\/\/focotocantinense.com.br\/wp-content\/uploads\/2022\/09\/66666.jpg\" alt=\"\" class=\"wp-image-3074\" srcset=\"https:\/\/focotocantinense.com.br\/wp-content\/uploads\/2022\/09\/66666.jpg 1024w, https:\/\/focotocantinense.com.br\/wp-content\/uploads\/2022\/09\/66666-300x225.jpg 300w, https:\/\/focotocantinense.com.br\/wp-content\/uploads\/2022\/09\/66666-768x576.jpg 768w\" sizes=\"auto, (max-width: 1024px) 100vw, 1024px\" \/><\/figure>\n","protected":false},"excerpt":{"rendered":"<p>Por Zacarias MartinsAlunos do 2\u00b0 ano e 3\u00b0 ano &#8220;A&#8221; &nbsp;da Escola Municipal Professor Constantino Pedro de Castro,&nbsp; em Tocant\u00ednia, tiveram uma manh\u00e3 diferente de aprendizagem nesta sexta-feira, 16. A gurizada participou de um animado Piquenique Liter\u00e1rio que aconteceu numa \u00e1rea da Pra\u00e7a da Igreja Ant\u00f4nio de Ganges.Esse Piquenique Liter\u00e1rio foi organizado pelas&nbsp; professoras Maria &hellip;<\/p>\n","protected":false},"author":5,"featured_media":3076,"comment_status":"open","ping_status":"open","sticky":false,"template":"","format":"standard","meta":{"footnotes":""},"categories":[1,78],"tags":[],"class_list":["post-3066","post","type-post","status-publish","format-standard","has-post-thumbnail","","category-sem-categoria","category-tocantinia"],"_links":{"self":[{"href":"https:\/\/focotocantinense.com.br\/index.php?rest_route=\/wp\/v2\/posts\/3066","targetHints":{"allow":["GET"]}}],"collection":[{"href":"https:\/\/focotocantinense.com.br\/index.php?rest_route=\/wp\/v2\/posts"}],"about":[{"href":"https:\/\/focotocantinense.com.br\/index.php?rest_route=\/wp\/v2\/types\/post"}],"author":[{"embeddable":true,"href":"https:\/\/focotocantinense.com.br\/index.php?rest_route=\/wp\/v2\/users\/5"}],"replies":[{"embeddable":true,"href":"https:\/\/focotocantinense.com.br\/index.php?rest_route=%2Fwp%2Fv2%2Fcomments&post=3066"}],"version-history":[{"count":5,"href":"https:\/\/focotocantinense.com.br\/index.php?rest_route=\/wp\/v2\/posts\/3066\/revisions"}],"predecessor-version":[{"id":3079,"href":"https:\/\/focotocantinense.com.br\/index.php?rest_route=\/wp\/v2\/posts\/3066\/revisions\/3079"}],"wp:featuredmedia":[{"embeddable":true,"href":"https:\/\/focotocantinense.com.br\/index.php?rest_route=\/wp\/v2\/media\/3076"}],"wp:attachment":[{"href":"https:\/\/focotocantinense.com.br\/index.php?rest_route=%2Fwp%2Fv2%2Fmedia&parent=3066"}],"wp:term":[{"taxonomy":"category","embeddable":true,"href":"https:\/\/focotocantinense.com.br\/index.php?rest_route=%2Fwp%2Fv2%2Fcategories&post=3066"},{"taxonomy":"post_tag","embeddable":true,"href":"https:\/\/focotocantinense.com.br\/index.php?rest_route=%2Fwp%2Fv2%2Ftags&post=3066"}],"curies":[{"name":"wp","href":"https:\/\/api.w.org\/{rel}","templated":true}]}}