{"id":3058,"date":"2022-09-16T11:53:03","date_gmt":"2022-09-16T14:53:03","guid":{"rendered":"https:\/\/focotocantinense.com.br\/?p=3058"},"modified":"2022-09-16T11:55:52","modified_gmt":"2022-09-16T14:55:52","slug":"no-tocantins-a-lagoa-do-japones-e-o-destino-turistico-da-hora","status":"publish","type":"post","link":"https:\/\/focotocantinense.com.br\/?p=3058","title":{"rendered":"No Tocantins, a Lagoa do Japon\u00eas \u00e9 o destino tur\u00edstico da hora"},"content":{"rendered":"\n<p><strong>Por Zuleide D\u00b4Angelo<\/strong><\/p>\n\n\n\n<p>A Lagoa do Japon\u00eas \u00e9 mais que um lugar agrad\u00e1vel, \u00e9 daqueles que quando voc\u00ea volta de l\u00e1 a alma fica, e no lugar dela v\u00eam as lembran\u00e7as grudadas em cada poro. Incrustada na mata seca, comum em \u00e1reas calc\u00e1rias, com \u00e1rvores de pouca altura e troncos torcidos, uma estrada de acesso que anuncia a todo momento a perigosa aventura, poss\u00edvel em alguns trechos apenas para ve\u00edculos de tra\u00e7\u00e3o nas quatro&nbsp; rodas.&nbsp;<\/p>\n\n\n\n<p>Tudo, para merecer o espet\u00e1culo. A recep\u00e7\u00e3o da lagoa cor azul turquesa n\u00e3o se faz esperar para dar as boas-vindas com a dan\u00e7a de min\u00fasculos peixinhos na \u00e1gua cristalina.<\/p>\n\n\n\n<p>Ainda nas proximidades da Lagoa do Japon\u00eas, o turista pode apreciar uma paisagem que contrasta com os outros biomas brasileiros. \u00c9 o caso da amazonense Anaile Medeiros, servidora p\u00fablica que aproveitou as f\u00e9rias do trabalho para conhecer de perto a Lagoa do Japon\u00eas, como parte do pacote tur\u00edstico do Jalap\u00e3o.&nbsp;<\/p>\n\n\n\n<p>A visitante disse estar impactada com a lagoa transparente , os peixinhos e a temperatura agrad\u00e1vel da \u00e1gua. \u201cNunca havia visto\u201d, disse. O espet\u00e1culo da natureza era in\u00e9dito para ela que j\u00e1 havia conhecido muitos outros lugares. \u201cClaro que, se puder, vou retorar\u201d, garantiu ela.&nbsp;<\/p>\n\n\n\n<p>Admira\u00e7\u00e3o&nbsp; igual&nbsp; manifestou o marido de Anaile, F\u00e1bio Reis Castro, tamb\u00e9m servidor, que comemorou esse encontro com a natureza. Para ele, \u201cuma das mais belas express\u00f5es\u201d. Sentindo a brasilidade \u00e0 flor da pele,&nbsp; inspirado pela beleza do contato com gente de todos os lugares, resumiu: \u201co Brasil todo est\u00e1 aqui.\u201d&nbsp; &nbsp;&nbsp;<\/p>\n\n\n\n<figure class=\"wp-block-image\"><img decoding=\"async\" src=\"http:\/\/n1to.com.br\/img\/uploads\/bbb_34.jpg\" alt=\"\"\/><\/figure>\n\n\n\n<p><strong>A lenda<\/strong><\/p>\n\n\n\n<p>Onde h\u00e1 pessoas, h\u00e1 tamb\u00e9m lendas. Uma lagoa encantada n\u00e3o poderia ficar fora do roteiro dessa express\u00e3o e manifesta\u00e7\u00e3o cultural brasileira. Conta-se que, h\u00e1 muito, um velhinho japon\u00eas vivia na zona rural de Pindorama do Tocantins, sudeste do Estado, nos arredores da fazenda Sucuri\u00fa e, mais tarde, a fant\u00e1stica lagoa que recebera provisoriamente outros nomes passou a pertencer, na boca do povo, a esse anci\u00e3o oriental. Desde ent\u00e3o, Lagoa do Japon\u00eas \u00e9 nome de refer\u00eancia e de localiza\u00e7\u00e3o daquele lugar onde a natureza oferece, sem \u00f4nus, o seu melhor.&nbsp;<\/p>\n\n\n\n<p>O local \u00e9 parte da hist\u00f3ria de muitas gera\u00e7\u00f5es da regi\u00e3o pindoramense. Rubilene Correia Alves, a Rubi, nasceu, cresceu ali, nas adjac\u00eancias e desde a inf\u00e2ncia desfrutou de muitos mergulhos na Lagoa. Hoje, est\u00e1 \u00e0 frente do empreendimento Lagoa do Japon\u00eas, gestora do projeto de reestrutura\u00e7\u00e3o do restaurante local que quer revelar aos olhos do mundo o tesouro guardado ali.&nbsp;<\/p>\n\n\n\n<p><strong>O restaurante<\/strong><\/p>\n\n\n\n<p>H\u00e1 pelo menos meia d\u00e9cada, j\u00e1 havia sido implantado um projeto atendendo as normas de planejamento econ\u00f4mico-ambiental. O destino tur\u00edstico passou a fazer parte do circuito Serras Gerais.&nbsp;&nbsp;<\/p>\n\n\n\n<p>Dentro da nova proposta, o empreendimento j\u00e1 recebeu, s\u00f3 no feriado prolongado do bicenten\u00e1rio de Independ\u00eancia do Brasil, mais de 200 pessoas, segundo Rubi, que ressaltou&nbsp; ser&nbsp; a carga m\u00e1xima permitida de pessoas espalhadas pela lagoa, simultaneamente. Com forma\u00e7\u00e3o acad\u00eamica em gastronomia, Rubi assina a carta de del\u00edcias do bom gourmet que \u00e9 confeccionado pelo talentoso chef internacional Pedro Sobrinho. Em breve, ele assumir\u00e1 a chefia do restaurante.&nbsp;<\/p>\n\n\n\n<p>Dentre as boas ideias do empreendimento, segundo Rubi, est\u00e1 previsto ainda nesta temporada de ver\u00e3o tocantinense a confraterniza\u00e7\u00e3o de reinaugura\u00e7\u00e3o do restaurante, bar, \u00e1rea de lazer, enfim, todas as op\u00e7\u00f5es de lazer e entretenimento a serem oferecidas ao turista na Lagoa do Japon\u00eas.&nbsp;<\/p>\n\n\n\n<p>Rubi disse que pretende apresentar ao grupo propriet\u00e1rio e quadro colaborador como ser\u00e1 a sua gest\u00e3o \u00e0 frente do neg\u00f3cio. E os ventos j\u00e1 sopram a favor, a reinven\u00e7\u00e3o do restaurante da Lagoa do Japon\u00eas chega num momento prop\u00edcio.&nbsp; O lugar \u00e9 reconhecido como destino tur\u00edstico preferido, apesar da dist\u00e2ncia e dificuldades de acesso.&nbsp; \u201cAs estradas fazem parte da aventura\u201d, justificou Rubi.&nbsp;<\/p>\n\n\n\n<p>\u00c9 certo que o poder p\u00fablico, nas suas devidas inst\u00e2ncias, deve ser acionado para respaldar a seguran\u00e7a da aventura, criando mecanismos adequados de manuten\u00e7\u00e3o cont\u00ednua das estradas de acesso.&nbsp;<\/p>\n\n\n\n<p>A comunicadora Lohanna Maressa Estulano, que assina o marketing comunicacional do&nbsp; empreendimento, ressalta que a acessibilidade das estradas, assim como as regras ambientais e de seguran\u00e7a est\u00e3o dentro das prioridades da nova gest\u00e3o. Para Lohanna, a Lagoa do Japon\u00eas \u00e9 um importante valor agregado ao roteiro tur\u00edstico do Tocantins.<\/p>\n\n\n\n<p><strong>Tim-tim!<\/strong><\/p>\n\n\n\n<p>O barista Jo\u00e3o Evang\u00e9lico Filho J\u00fanior&nbsp; j\u00e1 preparou a carta de drinks da nova temporada. A vedete \u00e9 o drink em homenagem \u00e0 Lagoa do Japon\u00eas que leva o mesmo nome e a cor azul turquesa. A combina\u00e7\u00e3o \u00e9 uma surpresa. J\u00fanior que atua na Capital, Palmas, presta atualmente consultoria dentro da proposta de retomada do empreendimento.<\/p>\n\n\n\n<p>Depois do delicioso requinte dos coquet\u00e9is, o passeio de barco sem bebidas a bordo, nenhum tipo de recipiente de vidro ou pl\u00e1stico, zero uso de protetor solar, ao som do canto do vento, das folhas tocando a lagoa e o burburinho de banhistas diante da entrega de tamanha beleza.<\/p>\n\n\n\n<p>Tudo faz rever\u00eancia \u00e0 dan\u00e7a dos min\u00fasculos peixinhos que rodopiam desde o fundo d \u0301\u00e1gua como num ritual eterno. O barqueiro Staley, de 24 anos, morador de Pindorama, assiste tudo ao ritmo do seu remo que desliza suavemente na \u00e1gua, como se tentasse desviar dos pequeninos&nbsp; seres, j\u00e1 conhecidos seus. N\u00e3o \u00e9 para menos. Staley disse que em dia de muito&nbsp; movimento costuma levar o barco com turistas para a gruta pelo menos cem vezes, at\u00e9 o Sol se p\u00f4r. O jovem faz parte do grupo de barqueiros do complexo.&nbsp;<\/p>\n\n\n\n<p>Outro cen\u00e1rio nem mais nem menos ousado e de sonhos. O caiaque transparente feito de acr\u00edlico desliza pela lagoa, quase invis\u00edvel. A bordo, a lembran\u00e7a, por algumas fra\u00e7\u00f5es de tempo, de um conhecido conto de fadas. No meio da \u00e1gua mansa e transparente, o casco, a proa e a popa nos p\u00f5e cara a cara com a ornamenta\u00e7\u00e3o natural: c\u00e9u, \u00e1gua e mata.<\/p>\n\n\n\n<figure class=\"wp-block-image\"><img decoding=\"async\" src=\"http:\/\/n1to.com.br\/img\/uploads\/CCC_10.jpg\" alt=\"\"\/><\/figure>\n\n\n\n<p><strong>Servi\u00e7o:<\/strong><\/p>\n\n\n\n<p>&#8211; Funcionamento: atendimento&nbsp;do bar e restaurante das 8 \u00e0s 18h.<\/p>\n\n\n\n<p>&#8211; Quanto custa: A entrada para passar o dia custa R$ 40 (por pessoa).<\/p>\n\n\n\n<p>Para acampar: R$ 80,00 (di\u00e1ria\/pessoa); crian\u00e7a at\u00e9 12 anos n\u00e3o paga<\/p>\n\n\n\n<p>&#8211; Formas de pagamento: aceita-se cart\u00e3o de cr\u00e9dito e d\u00e9bito.<\/p>\n\n\n\n<p>\u00c1rea de camping: n\u00e3o fecha e s\u00e3o oferecidas estruturas de energia el\u00e9tricas, tomadas, mesa com cadeiras, banheiros pr\u00f3ximos (com chuveiros).<\/p>\n\n\n\n<p>&#8211; N\u00e3o pode: proibido som, animais de estima\u00e7\u00e3o, recipientes de vidro, acender fogo no ch\u00e3o, entrar com comida ou bebida no per\u00edmetro da lagoa, bar e restaurante. Permitido apenas na \u00e1rea de camping.<\/p>\n\n\n\n<p>&#8211; Aluguel:<\/p>\n\n\n\n<p>Sapatilha, R$10<\/p>\n\n\n\n<p>Colete, R$10<\/p>\n\n\n\n<p>B\u00f3ia macarr\u00e3o, R$ 2<\/p>\n\n\n\n<p>Tirolesa, R$ 50 (por pessoa)<\/p>\n\n\n\n<p>Passeio de barco: R$10 (por pessoa)<\/p>\n\n\n\n<p>Passeio de barco para tirar fotos: R$15 (por pessoa)<\/p>\n\n\n\n<p>Caiaque transparente: R$ 50 (por pessoa)<\/p>\n\n\n\n<p>&#8211; Internet: R$10 (di\u00e1ria)<\/p>\n\n\n\n<p>&#8211; Informa\u00e7\u00f5es: WhatsApp (63) 99240-8085<\/p>\n\n\n\n<figure class=\"wp-block-image\"><img decoding=\"async\" src=\"http:\/\/n1to.com.br\/img\/uploads\/DDD_1.jpg\" alt=\"\"\/><\/figure>\n\n\n\n<figure class=\"wp-block-image size-full is-style-default\"><img loading=\"lazy\" decoding=\"async\" width=\"760\" height=\"491\" src=\"https:\/\/focotocantinense.com.br\/wp-content\/uploads\/2022\/09\/AAA-7.jpg\" alt=\"\" class=\"wp-image-3061\" srcset=\"https:\/\/focotocantinense.com.br\/wp-content\/uploads\/2022\/09\/AAA-7.jpg 760w, https:\/\/focotocantinense.com.br\/wp-content\/uploads\/2022\/09\/AAA-7-300x194.jpg 300w\" sizes=\"auto, (max-width: 760px) 100vw, 760px\" \/><figcaption><strong><em>Na entrada da gruta, o contraste entre a \u00e1gua azul turquesa e a rocha calc\u00e1ria Foto: Emerson Silva<\/em><\/strong><\/figcaption><\/figure>\n","protected":false},"excerpt":{"rendered":"<p>Por Zuleide D\u00b4Angelo A Lagoa do Japon\u00eas \u00e9 mais que um lugar agrad\u00e1vel, \u00e9 daqueles que quando voc\u00ea volta de l\u00e1 a alma fica, e no lugar dela v\u00eam as lembran\u00e7as grudadas em cada poro. Incrustada na mata seca, comum em \u00e1reas calc\u00e1rias, com \u00e1rvores de pouca altura e troncos torcidos, uma estrada de acesso &hellip;<\/p>\n","protected":false},"author":5,"featured_media":3060,"comment_status":"open","ping_status":"open","sticky":false,"template":"","format":"standard","meta":{"footnotes":""},"categories":[1],"tags":[],"class_list":["post-3058","post","type-post","status-publish","format-standard","has-post-thumbnail","","category-sem-categoria"],"_links":{"self":[{"href":"https:\/\/focotocantinense.com.br\/index.php?rest_route=\/wp\/v2\/posts\/3058","targetHints":{"allow":["GET"]}}],"collection":[{"href":"https:\/\/focotocantinense.com.br\/index.php?rest_route=\/wp\/v2\/posts"}],"about":[{"href":"https:\/\/focotocantinense.com.br\/index.php?rest_route=\/wp\/v2\/types\/post"}],"author":[{"embeddable":true,"href":"https:\/\/focotocantinense.com.br\/index.php?rest_route=\/wp\/v2\/users\/5"}],"replies":[{"embeddable":true,"href":"https:\/\/focotocantinense.com.br\/index.php?rest_route=%2Fwp%2Fv2%2Fcomments&post=3058"}],"version-history":[{"count":3,"href":"https:\/\/focotocantinense.com.br\/index.php?rest_route=\/wp\/v2\/posts\/3058\/revisions"}],"predecessor-version":[{"id":3065,"href":"https:\/\/focotocantinense.com.br\/index.php?rest_route=\/wp\/v2\/posts\/3058\/revisions\/3065"}],"wp:featuredmedia":[{"embeddable":true,"href":"https:\/\/focotocantinense.com.br\/index.php?rest_route=\/wp\/v2\/media\/3060"}],"wp:attachment":[{"href":"https:\/\/focotocantinense.com.br\/index.php?rest_route=%2Fwp%2Fv2%2Fmedia&parent=3058"}],"wp:term":[{"taxonomy":"category","embeddable":true,"href":"https:\/\/focotocantinense.com.br\/index.php?rest_route=%2Fwp%2Fv2%2Fcategories&post=3058"},{"taxonomy":"post_tag","embeddable":true,"href":"https:\/\/focotocantinense.com.br\/index.php?rest_route=%2Fwp%2Fv2%2Ftags&post=3058"}],"curies":[{"name":"wp","href":"https:\/\/api.w.org\/{rel}","templated":true}]}}