{"id":3054,"date":"2022-09-15T15:24:16","date_gmt":"2022-09-15T18:24:16","guid":{"rendered":"https:\/\/focotocantinense.com.br\/?p=3054"},"modified":"2022-09-15T15:25:21","modified_gmt":"2022-09-15T18:25:21","slug":"prefeita-josi-nunes-encaminha-a-camara-pl-que-regulamenta-empregos-publicos-dos-acs-e-ace-de-gurupi","status":"publish","type":"post","link":"https:\/\/focotocantinense.com.br\/?p=3054","title":{"rendered":"Prefeita Josi Nunes encaminha \u00e0 C\u00e2mara PL que regulamenta empregos p\u00fablicos dos ACS e ACE de Gurupi"},"content":{"rendered":"\n<figure class=\"wp-block-image size-full is-resized\"><img loading=\"lazy\" decoding=\"async\" src=\"https:\/\/focotocantinense.com.br\/wp-content\/uploads\/2022\/09\/AAA-5.jpg\" alt=\"\" class=\"wp-image-3055\" width=\"373\" height=\"341\" srcset=\"https:\/\/focotocantinense.com.br\/wp-content\/uploads\/2022\/09\/AAA-5.jpg 623w, https:\/\/focotocantinense.com.br\/wp-content\/uploads\/2022\/09\/AAA-5-300x274.jpg 300w\" sizes=\"auto, (max-width: 373px) 100vw, 373px\" \/><figcaption>A Prefeita de Gurupi, Josi Nunes, encaminhou um Projeto de Lei \u00e0 C\u00e2mara Municipal de Gurupi que cria e regulamenta os empregos p\u00fablicos de Agentes Comunit\u00e1rios de Sa\u00fade (ACS) e Agentes Comunit\u00e1rios de Endemias (ACE) do munic\u00edpio. A regulamenta\u00e7\u00e3o \u00e9 uma reivindica\u00e7\u00e3o antiga da categoria, que comemora mais um passo importante para sua efetiva\u00e7\u00e3o ap\u00f3s mais de uma d\u00e9cada de espera.&nbsp;<br><br>Na manh\u00e3 desta quinta-feira, 15, a gestora se reuniu em seu gabinete com secret\u00e1rios, vereadores e o presidente do Sindicato dos Agentes Comunit\u00e1rios de Sa\u00fade e Agentes Comunit\u00e1rios de Endemias das Regi\u00f5es Sul e Sudeste do Tocantins (SASES), Joel Barbosa dos Santos, para fazer o an\u00fancio do encaminhamento do PL, e ressaltar os avan\u00e7os da gest\u00e3o na valoriza\u00e7\u00e3o dos servidores municipais.<br><br>Segundo a Prefeita Josi Nunes, desde o in\u00edcio da sua gest\u00e3o vem dialogando com a categoria e trabalhando para a regulamenta\u00e7\u00e3o destes profissionais, que comp\u00f5em o quadro do munic\u00edpio, uma parte desde 2006, por meio de Processo Seletivo Simplificado, e que vem at\u00e9 ent\u00e3o buscando uma solu\u00e7\u00e3o para serem vinculados de forma adequada ao munic\u00edpio.<br><br>\u201cDesde o ano passado j\u00e1 v\u00ednhamos trabalhando com o sindicato para a regulariza\u00e7\u00e3o desses servidores, ou seja, qual era o car\u00e1ter jur\u00eddico desses profissionais e hoje temos uma proposta que enquadra todos eles como empregados p\u00fablicos e estamos encaminhando ao legislativo para a aprova\u00e7\u00e3o. \u00c9 mais uma conquista para os servidores de Gurupi, e gradativamente, vamos avan\u00e7ar cada vez mais, esse \u00e9 nosso compromisso\u201d, disse a prefeita.<br><br>O presidente do SASES, Joel Barbosa dos Santos, destacou que \u00e9 uma luta que a classe enfrenta desde 2008, mas que s\u00f3 agora na gest\u00e3o da prefeita Josi Nunes, foi atendida.&nbsp; \u201cA atual gest\u00e3o sempre foi parceira da categoria e esse direito que est\u00e1 sendo encaminhado para a C\u00e2mara \u00e9 uma reivindica\u00e7\u00e3o da categoria de muitos anos e agora estamos vendo este direito se concretizar. Isso vai possibilitar uma maior tranquilidade aos trabalhadores para saber os seus direitos que tem no munic\u00edpio. Com essa Lei municipal regulamentando a categoria e reconhecendo todos os direitos, teremos mais qualidade de vida para esses trabalhadores\u201d, pontuou.<br><br>O secret\u00e1rio municipal de Sa\u00fade, Sinvaldo Moraes, comentou que a regulamenta\u00e7\u00e3o dos ACS e ACE ser\u00e1 um grande avan\u00e7o para a categoria e para a sa\u00fade municipal. \u201c\u00c9 uma luta antiga e esse PL \u00e9 um grande avan\u00e7o para a categoria. Com essa Lei efetivando os agentes, vamos engrandecer e valorizar mais essa classe e o trabalho que prestam no munic\u00edpio de Gurupi. N\u00f3s j\u00e1 estamos pagando o piso, cumprindo a legisla\u00e7\u00e3o, e com essa lei estaremos satisfazendo e dando motiva\u00e7\u00e3o para a categoria\u201d, comentou.<br>&nbsp;<br>&nbsp;<\/figcaption><\/figure>\n","protected":false},"excerpt":{"rendered":"<p>A Prefeita de Gurupi, Josi Nunes, encaminhou um Projeto de Lei \u00e0 C\u00e2mara Municipal de Gurupi que cria e regulamenta os empregos p\u00fablicos de Agentes Comunit\u00e1rios de Sa\u00fade (ACS) e Agentes Comunit\u00e1rios de Endemias (ACE) do munic\u00edpio. A regulamenta\u00e7\u00e3o \u00e9 uma reivindica\u00e7\u00e3o antiga da categoria, que comemora mais um passo importante para sua efetiva\u00e7\u00e3o ap\u00f3s &hellip;<\/p>\n","protected":false},"author":5,"featured_media":0,"comment_status":"open","ping_status":"open","sticky":false,"template":"","format":"standard","meta":{"footnotes":""},"categories":[1],"tags":[],"class_list":["post-3054","post","type-post","status-publish","format-standard","","category-sem-categoria"],"_links":{"self":[{"href":"https:\/\/focotocantinense.com.br\/index.php?rest_route=\/wp\/v2\/posts\/3054","targetHints":{"allow":["GET"]}}],"collection":[{"href":"https:\/\/focotocantinense.com.br\/index.php?rest_route=\/wp\/v2\/posts"}],"about":[{"href":"https:\/\/focotocantinense.com.br\/index.php?rest_route=\/wp\/v2\/types\/post"}],"author":[{"embeddable":true,"href":"https:\/\/focotocantinense.com.br\/index.php?rest_route=\/wp\/v2\/users\/5"}],"replies":[{"embeddable":true,"href":"https:\/\/focotocantinense.com.br\/index.php?rest_route=%2Fwp%2Fv2%2Fcomments&post=3054"}],"version-history":[{"count":2,"href":"https:\/\/focotocantinense.com.br\/index.php?rest_route=\/wp\/v2\/posts\/3054\/revisions"}],"predecessor-version":[{"id":3057,"href":"https:\/\/focotocantinense.com.br\/index.php?rest_route=\/wp\/v2\/posts\/3054\/revisions\/3057"}],"wp:attachment":[{"href":"https:\/\/focotocantinense.com.br\/index.php?rest_route=%2Fwp%2Fv2%2Fmedia&parent=3054"}],"wp:term":[{"taxonomy":"category","embeddable":true,"href":"https:\/\/focotocantinense.com.br\/index.php?rest_route=%2Fwp%2Fv2%2Fcategories&post=3054"},{"taxonomy":"post_tag","embeddable":true,"href":"https:\/\/focotocantinense.com.br\/index.php?rest_route=%2Fwp%2Fv2%2Ftags&post=3054"}],"curies":[{"name":"wp","href":"https:\/\/api.w.org\/{rel}","templated":true}]}}