{"id":3046,"date":"2022-09-14T17:07:57","date_gmt":"2022-09-14T20:07:57","guid":{"rendered":"https:\/\/focotocantinense.com.br\/?p=3046"},"modified":"2022-09-14T17:20:32","modified_gmt":"2022-09-14T20:20:32","slug":"universidade-da-maturidade-em-tocantinia-volta-as-atividades-do-segundo-semestre-de-2022","status":"publish","type":"post","link":"https:\/\/focotocantinense.com.br\/?p=3046","title":{"rendered":"Universidade da Maturidade em Tocant\u00ednia volta \u00e0s atividades do segundo semestre de 2022"},"content":{"rendered":"\n<p>Fruto de uma parceria da Prefeitura de Tocant\u00ednia por meio da Secretaria Municipal de Educa\u00e7\u00e3o (Semed), e a Universidade Federal do Tocantins (UFT),&nbsp; foi realizada na ter\u00e7a-feira, dia 13, a aula inaugural do segundo semestre do polo &nbsp;da Universidade da Maturidade (UMA), no clube do CEFYA.<\/p>\n\n\n\n<p>Contando com tr\u00eas polos no munic\u00edpio, incluindo, um destinado especialmente \u00e0 comunidade ind\u00edgena Xerente, a Universidade da Maturidade, disponibiliza a seus alunos o curso Educador Pol\u00edtico Social do Envelhecimento Humano.<\/p>\n\n\n\n<p>Na programa\u00e7\u00e3o da aula inaugural, o\u00a0 professor de Educa\u00e7\u00e3o F\u00edsica, \u00a0Domingos Miranda de Sousa, destacou a\u00a0 import\u00e2ncia dos acad\u00eamicos da UMA manterem uma vida ativa com atividades f\u00edsicas e exerc\u00edcios di\u00e1rios. Ele executou uma demonstra\u00e7\u00e3o de alongamentos explicando o que os alunos\u00a0 podem fazer ao acordar, antes e depois de se exercitarem, com o intuito de despertar e relaxar o corpo.<\/p>\n\n\n\n<p>Outra participa\u00e7\u00e3o ilustre&nbsp; no evento foi a do&nbsp; &nbsp;professor Mestrando em Educa\u00e7\u00e3o, &nbsp;Leonardo Sampaio, &nbsp;que discorreu sobre a Educa\u00e7\u00e3o Intergeracional e Intercultural, &nbsp;realizando uma roda de conversa sobre a diferen\u00e7a dos tempos passados e a atualidade.<\/p>\n\n\n\n<p><strong>Encontro semanais<\/strong><\/p>\n\n\n\n<p>O secret\u00e1rio de Educa\u00e7\u00e3o do munic\u00edpio, professor Andr\u00e9 Goveia, informou que&nbsp; neste semestre a Universidade da Maturidade ter\u00e1 encontros semanais nas quintas-feiras nos polos do Assentamento e da \u00e1rea urbana, e aos s\u00e1bados ter\u00e1 o polo itinerante da UMA Ind\u00edgena com o intuito de contemplar a participa\u00e7\u00e3o do maior n\u00famero de anci\u00e3os ind\u00edgenas de diferentes aldeias.&nbsp;<strong>(Por Leontina Martins)<\/strong><\/p>\n\n\n\n<figure class=\"wp-block-image size-large is-resized\"><img loading=\"lazy\" decoding=\"async\" src=\"https:\/\/focotocantinense.com.br\/wp-content\/uploads\/2022\/09\/AAA-3-1024x461.jpg\" alt=\"\" class=\"wp-image-3047\" width=\"840\" height=\"378\" srcset=\"https:\/\/focotocantinense.com.br\/wp-content\/uploads\/2022\/09\/AAA-3-1024x461.jpg 1024w, https:\/\/focotocantinense.com.br\/wp-content\/uploads\/2022\/09\/AAA-3-300x135.jpg 300w, https:\/\/focotocantinense.com.br\/wp-content\/uploads\/2022\/09\/AAA-3-768x346.jpg 768w, https:\/\/focotocantinense.com.br\/wp-content\/uploads\/2022\/09\/AAA-3-1536x691.jpg 1536w, https:\/\/focotocantinense.com.br\/wp-content\/uploads\/2022\/09\/AAA-3.jpg 1600w\" sizes=\"auto, (max-width: 840px) 100vw, 840px\" \/><\/figure>\n\n\n\n<figure class=\"wp-block-image size-large is-style-default\"><img loading=\"lazy\" decoding=\"async\" width=\"1024\" height=\"577\" src=\"https:\/\/focotocantinense.com.br\/wp-content\/uploads\/2022\/09\/BBB-1024x577.jpg\" alt=\"\" class=\"wp-image-3048\" srcset=\"https:\/\/focotocantinense.com.br\/wp-content\/uploads\/2022\/09\/BBB-1024x577.jpg 1024w, https:\/\/focotocantinense.com.br\/wp-content\/uploads\/2022\/09\/BBB-300x169.jpg 300w, https:\/\/focotocantinense.com.br\/wp-content\/uploads\/2022\/09\/BBB-768x432.jpg 768w, https:\/\/focotocantinense.com.br\/wp-content\/uploads\/2022\/09\/BBB.jpg 1156w\" sizes=\"auto, (max-width: 1024px) 100vw, 1024px\" \/><\/figure>\n","protected":false},"excerpt":{"rendered":"<p>Fruto de uma parceria da Prefeitura de Tocant\u00ednia por meio da Secretaria Municipal de Educa\u00e7\u00e3o (Semed), e a Universidade Federal do Tocantins (UFT),&nbsp; foi realizada na ter\u00e7a-feira, dia 13, a aula inaugural do segundo semestre do polo &nbsp;da Universidade da Maturidade (UMA), no clube do CEFYA. Contando com tr\u00eas polos no munic\u00edpio, incluindo, um destinado &hellip;<\/p>\n","protected":false},"author":5,"featured_media":3050,"comment_status":"open","ping_status":"open","sticky":false,"template":"","format":"standard","meta":{"footnotes":""},"categories":[1,78],"tags":[],"class_list":["post-3046","post","type-post","status-publish","format-standard","has-post-thumbnail","","category-sem-categoria","category-tocantinia"],"_links":{"self":[{"href":"https:\/\/focotocantinense.com.br\/index.php?rest_route=\/wp\/v2\/posts\/3046","targetHints":{"allow":["GET"]}}],"collection":[{"href":"https:\/\/focotocantinense.com.br\/index.php?rest_route=\/wp\/v2\/posts"}],"about":[{"href":"https:\/\/focotocantinense.com.br\/index.php?rest_route=\/wp\/v2\/types\/post"}],"author":[{"embeddable":true,"href":"https:\/\/focotocantinense.com.br\/index.php?rest_route=\/wp\/v2\/users\/5"}],"replies":[{"embeddable":true,"href":"https:\/\/focotocantinense.com.br\/index.php?rest_route=%2Fwp%2Fv2%2Fcomments&post=3046"}],"version-history":[{"count":3,"href":"https:\/\/focotocantinense.com.br\/index.php?rest_route=\/wp\/v2\/posts\/3046\/revisions"}],"predecessor-version":[{"id":3053,"href":"https:\/\/focotocantinense.com.br\/index.php?rest_route=\/wp\/v2\/posts\/3046\/revisions\/3053"}],"wp:featuredmedia":[{"embeddable":true,"href":"https:\/\/focotocantinense.com.br\/index.php?rest_route=\/wp\/v2\/media\/3050"}],"wp:attachment":[{"href":"https:\/\/focotocantinense.com.br\/index.php?rest_route=%2Fwp%2Fv2%2Fmedia&parent=3046"}],"wp:term":[{"taxonomy":"category","embeddable":true,"href":"https:\/\/focotocantinense.com.br\/index.php?rest_route=%2Fwp%2Fv2%2Fcategories&post=3046"},{"taxonomy":"post_tag","embeddable":true,"href":"https:\/\/focotocantinense.com.br\/index.php?rest_route=%2Fwp%2Fv2%2Ftags&post=3046"}],"curies":[{"name":"wp","href":"https:\/\/api.w.org\/{rel}","templated":true}]}}