{"id":3040,"date":"2022-09-13T20:13:45","date_gmt":"2022-09-13T23:13:45","guid":{"rendered":"https:\/\/focotocantinense.com.br\/?p=3040"},"modified":"2022-09-13T20:18:44","modified_gmt":"2022-09-13T23:18:44","slug":"vereadora-professora-dona-norah-quer-energia-eletrica-para-a-aldeia-kuriawa","status":"publish","type":"post","link":"https:\/\/focotocantinense.com.br\/?p=3040","title":{"rendered":"Vereadora Professora Dona Norah quer\u00a0 energia el\u00e9trica para a Aldeia Kuriawa"},"content":{"rendered":"\n<p><strong>Por Zacarias Martins<\/strong><\/p>\n\n\n\n<p>A vereadora Professora Dona Norah, do Partido Solidariedade, apresentou propositura na C\u00e2mara Municipal de Lagoa da Confus\u00e3o, para solicitar ao Prefeito Municipal que determine provid\u00eancias para o rebaixamento da rede de energia para a Aldeia Kuriawa, pr\u00f3ximo a Aldeia Fontoura.<\/p>\n\n\n\n<p>A parlamentar explicou que essa Aldeia ainda n\u00e3o possui energia el\u00e9trica, sendo que que seu moradores, cerca de dez fam\u00edlias, n\u00e3o possuem geladeiras, TVs e demais objetos eletro eletr\u00f4nicos porque a rede que passa sobre a aldeia \u00e9 apenas de alta tens\u00e3o. Dona Norah enfatizou que este \u00e9 um pedido do Cacique Kohalue Karaj\u00e1. \u201cPor ser uma reivindica\u00e7\u00e3o justa e oportuna, acredito que o nosso prefeito, Dr. Thiago Carlos, na medida do poss\u00edvel, vai nos atender\u201d, finalizou a vereadora.<\/p>\n\n\n\n<figure class=\"wp-block-gallery has-nested-images columns-default is-cropped wp-block-gallery-1 is-layout-flex wp-block-gallery-is-layout-flex\">\n<figure class=\"wp-block-image size-full\"><img loading=\"lazy\" decoding=\"async\" width=\"644\" height=\"426\" data-id=\"3044\" src=\"https:\/\/focotocantinense.com.br\/wp-content\/uploads\/2022\/09\/Professora-Dona-Norah-1.jpg\" alt=\"\" class=\"wp-image-3044\" srcset=\"https:\/\/focotocantinense.com.br\/wp-content\/uploads\/2022\/09\/Professora-Dona-Norah-1.jpg 644w, https:\/\/focotocantinense.com.br\/wp-content\/uploads\/2022\/09\/Professora-Dona-Norah-1-300x198.jpg 300w, https:\/\/focotocantinense.com.br\/wp-content\/uploads\/2022\/09\/Professora-Dona-Norah-1-310x205.jpg 310w\" sizes=\"auto, (max-width: 644px) 100vw, 644px\" \/><\/figure>\n<\/figure>\n\n\n","protected":false},"excerpt":{"rendered":"<p>Por Zacarias Martins A vereadora Professora Dona Norah, do Partido Solidariedade, apresentou propositura na C\u00e2mara Municipal de Lagoa da Confus\u00e3o, para solicitar ao Prefeito Municipal que determine provid\u00eancias para o rebaixamento da rede de energia para a Aldeia Kuriawa, pr\u00f3ximo a Aldeia Fontoura. A parlamentar explicou que essa Aldeia ainda n\u00e3o possui energia el\u00e9trica, sendo &hellip;<\/p>\n","protected":false},"author":5,"featured_media":3043,"comment_status":"open","ping_status":"open","sticky":false,"template":"","format":"standard","meta":{"footnotes":""},"categories":[1],"tags":[],"class_list":["post-3040","post","type-post","status-publish","format-standard","has-post-thumbnail","","category-sem-categoria"],"_links":{"self":[{"href":"https:\/\/focotocantinense.com.br\/index.php?rest_route=\/wp\/v2\/posts\/3040","targetHints":{"allow":["GET"]}}],"collection":[{"href":"https:\/\/focotocantinense.com.br\/index.php?rest_route=\/wp\/v2\/posts"}],"about":[{"href":"https:\/\/focotocantinense.com.br\/index.php?rest_route=\/wp\/v2\/types\/post"}],"author":[{"embeddable":true,"href":"https:\/\/focotocantinense.com.br\/index.php?rest_route=\/wp\/v2\/users\/5"}],"replies":[{"embeddable":true,"href":"https:\/\/focotocantinense.com.br\/index.php?rest_route=%2Fwp%2Fv2%2Fcomments&post=3040"}],"version-history":[{"count":3,"href":"https:\/\/focotocantinense.com.br\/index.php?rest_route=\/wp\/v2\/posts\/3040\/revisions"}],"predecessor-version":[{"id":3045,"href":"https:\/\/focotocantinense.com.br\/index.php?rest_route=\/wp\/v2\/posts\/3040\/revisions\/3045"}],"wp:featuredmedia":[{"embeddable":true,"href":"https:\/\/focotocantinense.com.br\/index.php?rest_route=\/wp\/v2\/media\/3043"}],"wp:attachment":[{"href":"https:\/\/focotocantinense.com.br\/index.php?rest_route=%2Fwp%2Fv2%2Fmedia&parent=3040"}],"wp:term":[{"taxonomy":"category","embeddable":true,"href":"https:\/\/focotocantinense.com.br\/index.php?rest_route=%2Fwp%2Fv2%2Fcategories&post=3040"},{"taxonomy":"post_tag","embeddable":true,"href":"https:\/\/focotocantinense.com.br\/index.php?rest_route=%2Fwp%2Fv2%2Ftags&post=3040"}],"curies":[{"name":"wp","href":"https:\/\/api.w.org\/{rel}","templated":true}]}}