{"id":3036,"date":"2022-09-13T16:14:59","date_gmt":"2022-09-13T19:14:59","guid":{"rendered":"https:\/\/focotocantinense.com.br\/?p=3036"},"modified":"2022-09-13T16:16:07","modified_gmt":"2022-09-13T19:16:07","slug":"jalapao-volta-a-ser-destaque-na-divulgacao-do-estado","status":"publish","type":"post","link":"https:\/\/focotocantinense.com.br\/?p=3036","title":{"rendered":"Jalap\u00e3o volta a ser destaque na divulga\u00e7\u00e3o do Estado"},"content":{"rendered":"\n<p><em><strong>Por Seleucia Fontes<\/strong><\/em><\/p>\n\n\n\n<p>O Estado do Tocantins se prepara para levar a maior delega\u00e7\u00e3o a uma edi\u00e7\u00e3o da Abav Expo. Ser\u00e3o mais de 100 pessoas, entre agentes de viagens, operadores de turismo e outras categorias do setor, e ainda t\u00e9cnicos do Governo do Estado, de prefeituras, de entidades como o Sebrae Tocantins, que dividir\u00e3o um espa\u00e7o de 90m2.<\/p>\n\n\n\n<p>A 49\u00aa edi\u00e7\u00e3o do evento realizado pela&nbsp;Associa\u00e7\u00e3o Brasileira das Ag\u00eancias de Viagens (Abav Nacional), com patroc\u00ednio do&nbsp;Sebrae Nacional e da Confedera\u00e7\u00e3o Nacional do Com\u00e9rcio&nbsp;(CNC) acontecer\u00e1&nbsp;entre os dias 21 e 23 de setembro, no Centro de Conven\u00e7\u00f5es de Pernambuco, na cidade de Olinda, Grande Recife.<\/p>\n\n\n\n<p>Entre os diversos destinos a serem apresentados ao grande p\u00fablico e levados \u00e0s rodadas de neg\u00f3cios, um dos destaques do Estado ser\u00e1 o Jalap\u00e3o, que nos \u00faltimos anos se tornou uma esp\u00e9cie de destino dos sonhos dos amantes do ecoturismo, da natureza e da aventura, reunindo a beleza singular das dunas, dos fervedouros e das cachoeiras, al\u00e9m de agregar um valor cultural inestim\u00e1vel: as tradi\u00e7\u00f5es mantidas por suas comunidades.<\/p>\n\n\n\n<p>S\u00e3o motivos mais que suficientes para atrair artistas, pol\u00edticos e comuns mortais em busca de um cen\u00e1rio ex\u00f3tico que mistura deserto, cerrado, floresta, nascentes e comunidades remanescentes de quilombolas.<\/p>\n\n\n\n<p>Vale lembrar: o Jalap\u00e3o \u00e9 dourado! N\u00e3o apenas pelos raios solares que cobrem as dunas e a pedra furada ao entardecer, mas tamb\u00e9m marcado pelo singular artesanato em capim dourado, produzido pelas artes\u00e3s da regi\u00e3o.<\/p>\n\n\n\n<p>Durante da Abav Expo, tamb\u00e9m ser\u00e3o divulgados os atrativos das Serras Gerais, de Palmas e entorno, al\u00e9m da pesca esportiva e do turismo de observa\u00e7\u00e3o de aves nas regi\u00f5es do Cant\u00e3o e da Ilha do Bananal.<\/p>\n\n\n\n<p><strong>Encantos do Jalap\u00e3o<\/strong><\/p>\n\n\n\n<p>Principais atrativos:<\/p>\n\n\n\n<p>Ponte Alta \u2013 187 km de Palmas<\/p>\n\n\n\n<p>Pedra Furada, Cani\u00f4n Sussuapara, Morro do Sereno<\/p>\n\n\n\n<p><strong><u>Mateiros \u2013 341 km de Palmas<\/u><\/strong><\/p>\n\n\n\n<p>Cachoeira da Velha\/ Prainha do Rio Novo, Dunas, Serra do Esp\u00edrito Santo,<\/p>\n\n\n\n<p>Cachoeira do Formiga, Fervedouro do Cei\u00e7a, Fervedouro Buritizinho, Encantos do Peixinho<\/p>\n\n\n\n<p>Comunidade Quilombola \u2013 Povoado Mumbuca<\/p>\n\n\n\n<p><strong><u>S\u00e3o F\u00e9lix \u2013 262,6 km de Palmas<\/u><\/strong><\/p>\n\n\n\n<p>Fervedouro Bela Vista, Fervedouro Veredas, Fervedouro Por Enquanto, Cachoeira das Araras, Serra da Catedral<\/p>\n\n\n\n<p>Comunidade Quilombola \u2013 Povoado do Prata<\/p>\n\n\n\n<p><img loading=\"lazy\" decoding=\"async\" src=\"http:\/\/portaljaciarabarros.com.br\/wp-content\/uploads\/2022\/09\/Cachoeira-da-Velha-um-dos-atrativos-mais-visitados-do-Jalapao_Angelica-Lima-300x200.jpg\" srcset=\"https:\/\/portaljaciarabarros.com.br\/wp-content\/uploads\/2022\/09\/Cachoeira-da-Velha-um-dos-atrativos-mais-visitados-do-Jalapao_Angelica-Lima-300x200.jpg 300w, https:\/\/portaljaciarabarros.com.br\/wp-content\/uploads\/2022\/09\/Cachoeira-da-Velha-um-dos-atrativos-mais-visitados-do-Jalapao_Angelica-Lima-1024x682.jpg 1024w, https:\/\/portaljaciarabarros.com.br\/wp-content\/uploads\/2022\/09\/Cachoeira-da-Velha-um-dos-atrativos-mais-visitados-do-Jalapao_Angelica-Lima-768x512.jpg 768w, https:\/\/portaljaciarabarros.com.br\/wp-content\/uploads\/2022\/09\/Cachoeira-da-Velha-um-dos-atrativos-mais-visitados-do-Jalapao_Angelica-Lima.jpg 1240w\" alt=\"\" width=\"851\" height=\"567\"><\/p>\n\n\n\n<p id=\"caption-attachment-1487\"><strong><em>Cachoeira da Velha, em Mateiros, um dos atrativos mais visitados do Jalap\u00e3o. Foto Ang\u00e9lica Lima<\/em><\/strong><\/p>\n\n\n\n<figure class=\"wp-block-image is-resized\"><img loading=\"lazy\" decoding=\"async\" src=\"http:\/\/portaljaciarabarros.com.br\/wp-content\/uploads\/2022\/09\/Pedra-Furada-em-Ponte-Alta-tambem-atrai-os-turistas_Emerson-Silva-300x200.jpg\" alt=\"\" class=\"wp-image-1488\" width=\"839\" height=\"560\"\/><\/figure>\n\n\n\n<p id=\"caption-attachment-1488\"><strong>Pedra Furada, em Ponte Alta, tamb\u00e9m atrai os turistas. Foto Emerson Silva.<\/strong><\/p>\n\n\n\n<p><img loading=\"lazy\" decoding=\"async\" src=\"http:\/\/portaljaciarabarros.com.br\/wp-content\/uploads\/2022\/09\/Entre-os-fervedouros-do-Jalapao-o-Bela-Vista-e-considerado-o-maior_Flavio-Cavalera-1024x768.jpeg\" srcset=\"https:\/\/portaljaciarabarros.com.br\/wp-content\/uploads\/2022\/09\/Entre-os-fervedouros-do-Jalapao-o-Bela-Vista-e-considerado-o-maior_Flavio-Cavalera-1024x768.jpeg 1024w, https:\/\/portaljaciarabarros.com.br\/wp-content\/uploads\/2022\/09\/Entre-os-fervedouros-do-Jalapao-o-Bela-Vista-e-considerado-o-maior_Flavio-Cavalera-300x225.jpeg 300w, https:\/\/portaljaciarabarros.com.br\/wp-content\/uploads\/2022\/09\/Entre-os-fervedouros-do-Jalapao-o-Bela-Vista-e-considerado-o-maior_Flavio-Cavalera-768x576.jpeg 768w, https:\/\/portaljaciarabarros.com.br\/wp-content\/uploads\/2022\/09\/Entre-os-fervedouros-do-Jalapao-o-Bela-Vista-e-considerado-o-maior_Flavio-Cavalera.jpeg 1280w\" alt=\"\" width=\"854\" height=\"640\"><\/p>\n\n\n\n<p id=\"caption-attachment-1486\"><em><strong>Entre os fervedouros do Jalap\u00e3o, o Bela Vista, em S\u00e3o F\u00e9lix, \u00e9 considerado o maior. Foto Fl\u00e1vio Cavaler<\/strong><\/em><strong>a<\/strong><\/p>\n","protected":false},"excerpt":{"rendered":"<p>Por Seleucia Fontes O Estado do Tocantins se prepara para levar a maior delega\u00e7\u00e3o a uma edi\u00e7\u00e3o da Abav Expo. Ser\u00e3o mais de 100 pessoas, entre agentes de viagens, operadores de turismo e outras categorias do setor, e ainda t\u00e9cnicos do Governo do Estado, de prefeituras, de entidades como o Sebrae Tocantins, que dividir\u00e3o um &hellip;<\/p>\n","protected":false},"author":5,"featured_media":3037,"comment_status":"open","ping_status":"open","sticky":false,"template":"","format":"standard","meta":{"footnotes":""},"categories":[1],"tags":[100],"class_list":["post-3036","post","type-post","status-publish","format-standard","has-post-thumbnail","","category-sem-categoria","tag-turismo"],"_links":{"self":[{"href":"https:\/\/focotocantinense.com.br\/index.php?rest_route=\/wp\/v2\/posts\/3036","targetHints":{"allow":["GET"]}}],"collection":[{"href":"https:\/\/focotocantinense.com.br\/index.php?rest_route=\/wp\/v2\/posts"}],"about":[{"href":"https:\/\/focotocantinense.com.br\/index.php?rest_route=\/wp\/v2\/types\/post"}],"author":[{"embeddable":true,"href":"https:\/\/focotocantinense.com.br\/index.php?rest_route=\/wp\/v2\/users\/5"}],"replies":[{"embeddable":true,"href":"https:\/\/focotocantinense.com.br\/index.php?rest_route=%2Fwp%2Fv2%2Fcomments&post=3036"}],"version-history":[{"count":2,"href":"https:\/\/focotocantinense.com.br\/index.php?rest_route=\/wp\/v2\/posts\/3036\/revisions"}],"predecessor-version":[{"id":3039,"href":"https:\/\/focotocantinense.com.br\/index.php?rest_route=\/wp\/v2\/posts\/3036\/revisions\/3039"}],"wp:featuredmedia":[{"embeddable":true,"href":"https:\/\/focotocantinense.com.br\/index.php?rest_route=\/wp\/v2\/media\/3037"}],"wp:attachment":[{"href":"https:\/\/focotocantinense.com.br\/index.php?rest_route=%2Fwp%2Fv2%2Fmedia&parent=3036"}],"wp:term":[{"taxonomy":"category","embeddable":true,"href":"https:\/\/focotocantinense.com.br\/index.php?rest_route=%2Fwp%2Fv2%2Fcategories&post=3036"},{"taxonomy":"post_tag","embeddable":true,"href":"https:\/\/focotocantinense.com.br\/index.php?rest_route=%2Fwp%2Fv2%2Ftags&post=3036"}],"curies":[{"name":"wp","href":"https:\/\/api.w.org\/{rel}","templated":true}]}}