{"id":3033,"date":"2022-09-09T10:35:07","date_gmt":"2022-09-09T13:35:07","guid":{"rendered":"https:\/\/focotocantinense.com.br\/?p=3033"},"modified":"2022-09-09T10:35:08","modified_gmt":"2022-09-09T13:35:08","slug":"festival-cultural-movimentou-a-cidade-de-tocantinia","status":"publish","type":"post","link":"https:\/\/focotocantinense.com.br\/?p=3033","title":{"rendered":"Festival Cultural movimentou a cidade de Tocant\u00ednia"},"content":{"rendered":"\n<p>A prefeitura de Tocant\u00ednia por meio da Secretaria Municipal de Cultura realizou nesta quarta-feira (07), o Festival da Cultura, 3\u00aa edi\u00e7\u00e3o, que movimentou a cidade no feriado em que \u00e9 celebrado o Dia da Independ\u00eancia do Brasil.<\/p>\n\n\n\n<p>A programa\u00e7\u00e3o festiva na Pra\u00e7a Valperino Gomes agradou o p\u00fablico onde aconteceu desfile que promoveu pe\u00e7as de artesanatos confeccionados pelos artes\u00e3os do munic\u00edpio com capim dourado, fibra de buriti, croch\u00eas entre outros. Tamb\u00e9m teve exposi\u00e7\u00e3o e vendas de artesanatos no local, barracas de alimenta\u00e7\u00e3o e bebidas.<\/p>\n\n\n\n<p>Depois do desfile teve dois grandes shows ao p\u00fablico com a dupla Lucas e Murilo e o cantor Ceian Muniz, fechando a programa\u00e7\u00e3o festiva em grande estilo.<br>O secret\u00e1rio municipal de Cultura Pedro Nunes enfatizou que o munic\u00edpio de Tocant\u00ednia tem grande potencial no artesanato e considerou o resultado do evento positivo, porque alcan\u00e7ou a expectativa do p\u00fablico esperado.<\/p>\n\n\n\n<p>Para o prefeito Manoel Silvino, o Festival Cultural tem o objetivo de promover e valorizar a cultura local, pois o munic\u00edpio convive com duas culturas diferentes, a cultura ind\u00edgena e os n\u00e3o ind\u00edgenas. E destacou a parceria entre o munic\u00edpio e o Sebrae\/TO, que por meio de oficinas vem capacitando os artes\u00e3os, comerciantes e pequenos agricultores atrav\u00e9s do Programa Cidade Empreendedora.<\/p>\n\n\n\n<figure class=\"wp-block-image\"><img decoding=\"async\" src=\"http:\/\/n1to.com.br\/img\/uploads\/cc_3.jpg\" alt=\"\"\/><\/figure>\n\n\n\n<figure class=\"wp-block-image\"><img decoding=\"async\" src=\"http:\/\/n1to.com.br\/img\/uploads\/bbb_32.jpg\" alt=\"\"\/><\/figure>\n\n\n\n<figure class=\"wp-block-image\"><img decoding=\"async\" src=\"http:\/\/n1to.com.br\/img\/uploads\/ddd_4.jpg\" alt=\"\"\/><\/figure>\n\n\n\n<figure class=\"wp-block-image\"><img decoding=\"async\" src=\"http:\/\/n1to.com.br\/img\/uploads\/eee_4.jpg\" alt=\"\"\/><\/figure>\n\n\n\n<figure class=\"wp-block-image size-large\"><img loading=\"lazy\" decoding=\"async\" width=\"1024\" height=\"484\" src=\"https:\/\/focotocantinense.com.br\/wp-content\/uploads\/2022\/09\/aaaa-1024x484.jpg\" alt=\"\" class=\"wp-image-3034\" srcset=\"https:\/\/focotocantinense.com.br\/wp-content\/uploads\/2022\/09\/aaaa-1024x484.jpg 1024w, https:\/\/focotocantinense.com.br\/wp-content\/uploads\/2022\/09\/aaaa-300x142.jpg 300w, https:\/\/focotocantinense.com.br\/wp-content\/uploads\/2022\/09\/aaaa-768x363.jpg 768w, https:\/\/focotocantinense.com.br\/wp-content\/uploads\/2022\/09\/aaaa.jpg 1108w\" sizes=\"auto, (max-width: 1024px) 100vw, 1024px\" \/><\/figure>\n","protected":false},"excerpt":{"rendered":"<p>A prefeitura de Tocant\u00ednia por meio da Secretaria Municipal de Cultura realizou nesta quarta-feira (07), o Festival da Cultura, 3\u00aa edi\u00e7\u00e3o, que movimentou a cidade no feriado em que \u00e9 celebrado o Dia da Independ\u00eancia do Brasil. A programa\u00e7\u00e3o festiva na Pra\u00e7a Valperino Gomes agradou o p\u00fablico onde aconteceu desfile que promoveu pe\u00e7as de artesanatos &hellip;<\/p>\n","protected":false},"author":5,"featured_media":3034,"comment_status":"open","ping_status":"open","sticky":false,"template":"","format":"standard","meta":{"footnotes":""},"categories":[78],"tags":[],"class_list":["post-3033","post","type-post","status-publish","format-standard","has-post-thumbnail","","category-tocantinia"],"_links":{"self":[{"href":"https:\/\/focotocantinense.com.br\/index.php?rest_route=\/wp\/v2\/posts\/3033","targetHints":{"allow":["GET"]}}],"collection":[{"href":"https:\/\/focotocantinense.com.br\/index.php?rest_route=\/wp\/v2\/posts"}],"about":[{"href":"https:\/\/focotocantinense.com.br\/index.php?rest_route=\/wp\/v2\/types\/post"}],"author":[{"embeddable":true,"href":"https:\/\/focotocantinense.com.br\/index.php?rest_route=\/wp\/v2\/users\/5"}],"replies":[{"embeddable":true,"href":"https:\/\/focotocantinense.com.br\/index.php?rest_route=%2Fwp%2Fv2%2Fcomments&post=3033"}],"version-history":[{"count":1,"href":"https:\/\/focotocantinense.com.br\/index.php?rest_route=\/wp\/v2\/posts\/3033\/revisions"}],"predecessor-version":[{"id":3035,"href":"https:\/\/focotocantinense.com.br\/index.php?rest_route=\/wp\/v2\/posts\/3033\/revisions\/3035"}],"wp:featuredmedia":[{"embeddable":true,"href":"https:\/\/focotocantinense.com.br\/index.php?rest_route=\/wp\/v2\/media\/3034"}],"wp:attachment":[{"href":"https:\/\/focotocantinense.com.br\/index.php?rest_route=%2Fwp%2Fv2%2Fmedia&parent=3033"}],"wp:term":[{"taxonomy":"category","embeddable":true,"href":"https:\/\/focotocantinense.com.br\/index.php?rest_route=%2Fwp%2Fv2%2Fcategories&post=3033"},{"taxonomy":"post_tag","embeddable":true,"href":"https:\/\/focotocantinense.com.br\/index.php?rest_route=%2Fwp%2Fv2%2Ftags&post=3033"}],"curies":[{"name":"wp","href":"https:\/\/api.w.org\/{rel}","templated":true}]}}