{"id":3028,"date":"2022-09-06T20:50:57","date_gmt":"2022-09-06T23:50:57","guid":{"rendered":"https:\/\/focotocantinense.com.br\/?p=3028"},"modified":"2022-09-06T20:51:29","modified_gmt":"2022-09-06T23:51:29","slug":"instituido-o-gabinete-de-seguranca-institucional-das-eleicoes-2022","status":"publish","type":"post","link":"https:\/\/focotocantinense.com.br\/?p=3028","title":{"rendered":"Institu\u00eddo o Gabinete de Seguran\u00e7a Institucional das Elei\u00e7\u00f5es 2022"},"content":{"rendered":"\n<p>Trabalhando pela garantia do livre exerc\u00edcio do voto e a seguran\u00e7a das Elei\u00e7\u00f5es Gerais 2022, a Justi\u00e7a Eleitoral do Tocantins instituiu, nesta segunda-feira (5\/9), o Gabinete de Seguran\u00e7a Institucional (GSI) das Elei\u00e7\u00f5es 2022. Em reuni\u00e3o coordenada pelo presidente do Tribunal Regional Eleitoral do Tocantins (TRE-TO), desembargador Helv\u00e9cio de Brito Maia Neto, e com a participa\u00e7\u00e3o do vice-presidente e corregedor Eleitoral, desembargador Eur\u00edpedes Lamounier, foram apresentadas as institui\u00e7\u00f5es p\u00fablicas de Seguran\u00e7a que comp\u00f5em o Gabinete e que atuar\u00e3o em conjunto at\u00e9 o fim do pleito.<\/p>\n\n\n\n<p>Conforme a Portaria n\u00ba 627\/2022, que institui o GSI, o Gabinete ser\u00e1 o respons\u00e1vel por determinar a execu\u00e7\u00e3o de a\u00e7\u00f5es e pol\u00edticas de seguran\u00e7a institucional da Justi\u00e7a Eleitoral do Tocantins durante a realiza\u00e7\u00e3o das elei\u00e7\u00f5es, \u201cconsiderando a necessidade de compartilhamento de informa\u00e7\u00f5es e tomada de decis\u00f5es c\u00e9leres e efetivas, garantidoras da manuten\u00e7\u00e3o da ordem e da tranquilidade em todos os munic\u00edpios do Tocantins, durante o per\u00edodo eleitoral, a fim de que os eleitores possam ter assegurado pleno exerc\u00edcio de seu direito de voto\u201d.<\/p>\n\n\n\n<p>Para o presidente do TRE-TO, a atua\u00e7\u00e3o conjunta das for\u00e7as de seguran\u00e7a ir\u00e1 contribuir para um pleito tranquilo e seguro aos tocantinenses. \u201cO dia da elei\u00e7\u00e3o \u00e9 o dia da festa do povo; e nesta data, temos que garantir que a eleitora e o eleitor fa\u00e7a sua escolha sem press\u00e3o, sem amea\u00e7as. Nosso esp\u00edrito \u00e9 pacificador e todo o sistema de seguran\u00e7a estar\u00e1 aqui para assegurar uma elei\u00e7\u00e3o tranquila\u201d, afirmou Maia Neto.&nbsp;<\/p>\n\n\n\n<figure class=\"wp-block-image size-full is-resized\"><img loading=\"lazy\" decoding=\"async\" src=\"https:\/\/focotocantinense.com.br\/wp-content\/uploads\/2022\/09\/AAA-1.jpg\" alt=\"\" class=\"wp-image-3030\" width=\"407\" height=\"212\" srcset=\"https:\/\/focotocantinense.com.br\/wp-content\/uploads\/2022\/09\/AAA-1.jpg 941w, https:\/\/focotocantinense.com.br\/wp-content\/uploads\/2022\/09\/AAA-1-300x157.jpg 300w, https:\/\/focotocantinense.com.br\/wp-content\/uploads\/2022\/09\/AAA-1-768x401.jpg 768w\" sizes=\"auto, (max-width: 407px) 100vw, 407px\" \/><\/figure>\n","protected":false},"excerpt":{"rendered":"<p>Trabalhando pela garantia do livre exerc\u00edcio do voto e a seguran\u00e7a das Elei\u00e7\u00f5es Gerais 2022, a Justi\u00e7a Eleitoral do Tocantins instituiu, nesta segunda-feira (5\/9), o Gabinete de Seguran\u00e7a Institucional (GSI) das Elei\u00e7\u00f5es 2022. Em reuni\u00e3o coordenada pelo presidente do Tribunal Regional Eleitoral do Tocantins (TRE-TO), desembargador Helv\u00e9cio de Brito Maia Neto, e com a participa\u00e7\u00e3o &hellip;<\/p>\n","protected":false},"author":5,"featured_media":3029,"comment_status":"open","ping_status":"open","sticky":false,"template":"","format":"standard","meta":{"footnotes":""},"categories":[37],"tags":[],"class_list":["post-3028","post","type-post","status-publish","format-standard","has-post-thumbnail","","category-palmas"],"_links":{"self":[{"href":"https:\/\/focotocantinense.com.br\/index.php?rest_route=\/wp\/v2\/posts\/3028","targetHints":{"allow":["GET"]}}],"collection":[{"href":"https:\/\/focotocantinense.com.br\/index.php?rest_route=\/wp\/v2\/posts"}],"about":[{"href":"https:\/\/focotocantinense.com.br\/index.php?rest_route=\/wp\/v2\/types\/post"}],"author":[{"embeddable":true,"href":"https:\/\/focotocantinense.com.br\/index.php?rest_route=\/wp\/v2\/users\/5"}],"replies":[{"embeddable":true,"href":"https:\/\/focotocantinense.com.br\/index.php?rest_route=%2Fwp%2Fv2%2Fcomments&post=3028"}],"version-history":[{"count":2,"href":"https:\/\/focotocantinense.com.br\/index.php?rest_route=\/wp\/v2\/posts\/3028\/revisions"}],"predecessor-version":[{"id":3032,"href":"https:\/\/focotocantinense.com.br\/index.php?rest_route=\/wp\/v2\/posts\/3028\/revisions\/3032"}],"wp:featuredmedia":[{"embeddable":true,"href":"https:\/\/focotocantinense.com.br\/index.php?rest_route=\/wp\/v2\/media\/3029"}],"wp:attachment":[{"href":"https:\/\/focotocantinense.com.br\/index.php?rest_route=%2Fwp%2Fv2%2Fmedia&parent=3028"}],"wp:term":[{"taxonomy":"category","embeddable":true,"href":"https:\/\/focotocantinense.com.br\/index.php?rest_route=%2Fwp%2Fv2%2Fcategories&post=3028"},{"taxonomy":"post_tag","embeddable":true,"href":"https:\/\/focotocantinense.com.br\/index.php?rest_route=%2Fwp%2Fv2%2Ftags&post=3028"}],"curies":[{"name":"wp","href":"https:\/\/api.w.org\/{rel}","templated":true}]}}