{"id":3024,"date":"2022-09-05T17:51:13","date_gmt":"2022-09-05T20:51:13","guid":{"rendered":"https:\/\/focotocantinense.com.br\/?p=3024"},"modified":"2022-09-05T17:53:28","modified_gmt":"2022-09-05T20:53:28","slug":"empossada-a-nova-diretoria-do-gremio-estudantil-da-escola-municipal-antonio-benvindo-da-luz-de-tocantinia","status":"publish","type":"post","link":"https:\/\/focotocantinense.com.br\/?p=3024","title":{"rendered":"Empossada a nova diretoria do Gr\u00eamio Estudantil da Escola Municipal Ant\u00f4nio Benvindo da Luz, de Tocant\u00ednia"},"content":{"rendered":"\n<p><strong>Por Zacarias Martins<\/strong><\/p>\n\n\n\n<p>Numa&nbsp; iniciativa da Prefeitura de Tocant\u00ednia, por meio da Secretaria Municipal Educa\u00e7\u00e3o (Semed), foi realizada na sexta-feira, &nbsp;dia 2, a posse da diretoria eleita do Gr\u00eamio Estudantil da Tempo Integral Ant\u00f4nio Benvindo da Luz.<\/p>\n\n\n\n<p>Na oportunidade, o secret\u00e1rio&nbsp; de Educa\u00e7\u00e3o de Tocant\u00ednia, professor Andr\u00e9 Goveia, deu&nbsp; posse \u00e0 nova diretoria&nbsp; do Gr\u00eamio Estudantil, que tem na presid\u00eancia o aluno Otavio de Aguiar Souza, &nbsp;de nove&nbsp; anos, que cursa o Terceiro Ano.<\/p>\n\n\n\n<p>J\u00e1 devidamente&nbsp; empossado no cargo, Ot\u00e1vio afirmou que decidiu ser presidente do Gr\u00eamio Estudantil &nbsp;considerando a necessidade de algu\u00e9m que representasse bem os interesses dos estudantes daquela&nbsp; Unidade Escolar. Ele se colocou \u00e0 disposi\u00e7\u00e3o da dire\u00e7\u00e3o da escola para &nbsp;tamb\u00e9m contribuir no desenvolvimento&nbsp; das a\u00e7\u00f5es escolares.<\/p>\n\n\n\n<p>Por sua vez, o secret\u00e1rio de Educa\u00e7\u00e3o, Andr\u00e9 Goveia, que fez quest\u00e3o de prestigiar o acontecimento, disse que estava maravilhado por presenciar o envolvimento dos anos em torno do Gr\u00eamio Estudantil.<\/p>\n\n\n\n<p>\u201cCom essa iniciativa do Gr\u00eamio Estudantil, estamos&nbsp; buscando desenvolver o protagonismo juvenil, &nbsp;despertando na crian\u00e7a a responsabilidade de fazer pol\u00edtica com base nas discuss\u00f5es e integra\u00e7\u00e3o entre os colegas\u201d, asseverou o secret\u00e1rio.<\/p>\n\n\n\n<p>A gestora da Unidade&nbsp; Escolar, professora&nbsp; Simone de Jesus Silva, agradecdeu o empenho dos professores&nbsp; Maria de Jesus Borges (a Nazinha) e Yuri Alves Fraga da Silva&nbsp; &nbsp; no sucesso dessa iniciativa. Ela tamb\u00e9m&nbsp; explicou que gr\u00eamio&nbsp;\u00e9 o \u00f3rg\u00e3o m\u00e1ximo de representa\u00e7\u00e3o dos estudantes da escola.&nbsp;Atuando nele, &nbsp;os alunos defendem seus direitos e interesses e aprendem \u00e9tica e cidadania na pr\u00e1tica. \u201cEntendemos que toda representa\u00e7\u00e3o estudantil deve ser estimulada, pois ela aponta um caminho para a democratiza\u00e7\u00e3o da Escola\u201d, finalizou a gestora.<strong>&nbsp;<\/strong><\/p>\n\n\n\n<figure class=\"wp-block-image\"><img decoding=\"async\" src=\"http:\/\/n1to.com.br\/img\/uploads\/aaa_11.jpg\" alt=\"\"\/><\/figure>\n\n\n\n<figure class=\"wp-block-image\"><img decoding=\"async\" src=\"http:\/\/n1to.com.br\/img\/uploads\/BBB_23.jpg\" alt=\"\"\/><\/figure>\n\n\n\n<figure class=\"wp-block-image is-resized\"><img loading=\"lazy\" decoding=\"async\" src=\"http:\/\/n1to.com.br\/img\/uploads\/CCCCC_1.jpg\" alt=\"\" width=\"837\" height=\"1198\"\/><\/figure>\n\n\n\n<figure class=\"wp-block-image\"><img decoding=\"async\" src=\"http:\/\/n1to.com.br\/img\/uploads\/DDDD_2.jpg\" alt=\"\"\/><\/figure>\n\n\n\n<figure class=\"wp-block-image\"><img decoding=\"async\" src=\"http:\/\/n1to.com.br\/img\/uploads\/EEEE.jpg\" alt=\"\"\/><\/figure>\n","protected":false},"excerpt":{"rendered":"<p>Por Zacarias Martins Numa&nbsp; iniciativa da Prefeitura de Tocant\u00ednia, por meio da Secretaria Municipal Educa\u00e7\u00e3o (Semed), foi realizada na sexta-feira, &nbsp;dia 2, a posse da diretoria eleita do Gr\u00eamio Estudantil da Tempo Integral Ant\u00f4nio Benvindo da Luz. Na oportunidade, o secret\u00e1rio&nbsp; de Educa\u00e7\u00e3o de Tocant\u00ednia, professor Andr\u00e9 Goveia, deu&nbsp; posse \u00e0 nova diretoria&nbsp; do Gr\u00eamio &hellip;<\/p>\n","protected":false},"author":5,"featured_media":3027,"comment_status":"open","ping_status":"open","sticky":false,"template":"","format":"standard","meta":{"footnotes":""},"categories":[1,78],"tags":[],"class_list":["post-3024","post","type-post","status-publish","format-standard","has-post-thumbnail","","category-sem-categoria","category-tocantinia"],"_links":{"self":[{"href":"https:\/\/focotocantinense.com.br\/index.php?rest_route=\/wp\/v2\/posts\/3024","targetHints":{"allow":["GET"]}}],"collection":[{"href":"https:\/\/focotocantinense.com.br\/index.php?rest_route=\/wp\/v2\/posts"}],"about":[{"href":"https:\/\/focotocantinense.com.br\/index.php?rest_route=\/wp\/v2\/types\/post"}],"author":[{"embeddable":true,"href":"https:\/\/focotocantinense.com.br\/index.php?rest_route=\/wp\/v2\/users\/5"}],"replies":[{"embeddable":true,"href":"https:\/\/focotocantinense.com.br\/index.php?rest_route=%2Fwp%2Fv2%2Fcomments&post=3024"}],"version-history":[{"count":2,"href":"https:\/\/focotocantinense.com.br\/index.php?rest_route=\/wp\/v2\/posts\/3024\/revisions"}],"predecessor-version":[{"id":3026,"href":"https:\/\/focotocantinense.com.br\/index.php?rest_route=\/wp\/v2\/posts\/3024\/revisions\/3026"}],"wp:featuredmedia":[{"embeddable":true,"href":"https:\/\/focotocantinense.com.br\/index.php?rest_route=\/wp\/v2\/media\/3027"}],"wp:attachment":[{"href":"https:\/\/focotocantinense.com.br\/index.php?rest_route=%2Fwp%2Fv2%2Fmedia&parent=3024"}],"wp:term":[{"taxonomy":"category","embeddable":true,"href":"https:\/\/focotocantinense.com.br\/index.php?rest_route=%2Fwp%2Fv2%2Fcategories&post=3024"},{"taxonomy":"post_tag","embeddable":true,"href":"https:\/\/focotocantinense.com.br\/index.php?rest_route=%2Fwp%2Fv2%2Ftags&post=3024"}],"curies":[{"name":"wp","href":"https:\/\/api.w.org\/{rel}","templated":true}]}}