{"id":3020,"date":"2022-09-04T17:20:36","date_gmt":"2022-09-04T20:20:36","guid":{"rendered":"https:\/\/focotocantinense.com.br\/?p=3020"},"modified":"2022-09-04T17:20:38","modified_gmt":"2022-09-04T20:20:38","slug":"wanderlei-barbosa-encerra-agenda-de-sabado-com-grande-carreata-e-comicio-em-colmeia","status":"publish","type":"post","link":"https:\/\/focotocantinense.com.br\/?p=3020","title":{"rendered":"Wanderlei Barbosa encerra agenda de s\u00e1bado com grande carreata e com\u00edcio em Colm\u00e9ia"},"content":{"rendered":"\n<p>O governador e candidato \u00e0 reelei\u00e7\u00e3o Wanderlei Barbosa (Republicanos) fechou a agenda deste s\u00e1bado, 3,&nbsp;&nbsp;com carreata e evento pol\u00edtico em Colm\u00e9ia. A a\u00e7\u00e3o reuniu centenas de ve\u00edculos que lotaram as principais vias da cidade, onde a comitiva Uni\u00e3o pelo Tocantins foi recebida pelo prefeito Joct\u00e3 ( PL) e por centenas de moradores.<\/p>\n\n\n\n<p>O dia foi finalizado com um com\u00edcio de lan\u00e7amento da campanha do candidato a deputado estadual, Vilmar (Solidariedade), no centro da cidade, onde a carreata terminou depois de percorrer 10 km. Ao lado de v\u00e1rias lideran\u00e7as pol\u00edticas, o governador Wanderlei Barbosa apresentou as principais propostas do seu Plano de Governo \u00e0 popula\u00e7\u00e3o.<\/p>\n\n\n\n<p>Em seu discurso, Wanderlei Barbosa disse que \u00e9 hora de votar em Vilmar para o trabalho continuar.&nbsp;&nbsp;\u201cEu preciso dele ao meu lado para realizar tudo o que tenho para fazer nesta cidade, e em nosso Estado. Sempre fomos parceiros desde quando fui deputado estadual&#8221;, afirmou.<\/p>\n\n\n\n<p>O governador disse ainda que as propostas de Vilmar t\u00eam tudo a ver com o seu Plano de Governo. \u201cUma das nossas propostas \u00e9 melhorar a sa\u00fade nos munic\u00edpios. Vamos fazer investimentos, pegar os hospitais e ampli\u00e1-los; colocar equipamentos, contratar profissionais e essas unidades v\u00e3o atender os munic\u00edpios da regi\u00e3o&#8221;, explicou.<\/p>\n\n\n\n<p>Durante o evento, Vilmar agradeceu aos moradores e refor\u00e7ou o discurso do governador em prol da sa\u00fade e da popula\u00e7\u00e3o.<\/p>\n\n\n\n<p>\u201cEu fiquei impressionado com o que vi hoje nas ruas de Colm\u00e9ia, n\u00e3o s\u00f3 pela quantidade ve\u00edculos, mas tamb\u00e9m pela demonstra\u00e7\u00e3o de carinho, que foi espont\u00e2nea. Serei deputado novamente e um grande parceiro do governador Wanderlei Barbosa. O povo do Tocantins merece ser bem tratado e juntos vamos fazer o que for preciso para garantir o desenvolvimento do nosso Estado\u201d, finalizou.<\/p>\n\n\n\n<figure class=\"wp-block-image\"><img decoding=\"async\" src=\"http:\/\/n1to.com.br\/img\/uploads\/BBB_22.jpg\" alt=\"\"\/><\/figure>\n\n\n\n<figure class=\"wp-block-image size-full\"><img loading=\"lazy\" decoding=\"async\" width=\"845\" height=\"520\" src=\"https:\/\/focotocantinense.com.br\/wp-content\/uploads\/2022\/09\/aaaaaaaaaaaaaaaaaaaa-1.jpg\" alt=\"\" class=\"wp-image-3022\" srcset=\"https:\/\/focotocantinense.com.br\/wp-content\/uploads\/2022\/09\/aaaaaaaaaaaaaaaaaaaa-1.jpg 845w, https:\/\/focotocantinense.com.br\/wp-content\/uploads\/2022\/09\/aaaaaaaaaaaaaaaaaaaa-1-300x185.jpg 300w, https:\/\/focotocantinense.com.br\/wp-content\/uploads\/2022\/09\/aaaaaaaaaaaaaaaaaaaa-1-768x473.jpg 768w\" sizes=\"auto, (max-width: 845px) 100vw, 845px\" \/><\/figure>\n","protected":false},"excerpt":{"rendered":"<p>O governador e candidato \u00e0 reelei\u00e7\u00e3o Wanderlei Barbosa (Republicanos) fechou a agenda deste s\u00e1bado, 3,&nbsp;&nbsp;com carreata e evento pol\u00edtico em Colm\u00e9ia. A a\u00e7\u00e3o reuniu centenas de ve\u00edculos que lotaram as principais vias da cidade, onde a comitiva Uni\u00e3o pelo Tocantins foi recebida pelo prefeito Joct\u00e3 ( PL) e por centenas de moradores. O dia foi &hellip;<\/p>\n","protected":false},"author":5,"featured_media":3021,"comment_status":"open","ping_status":"open","sticky":false,"template":"","format":"standard","meta":{"footnotes":""},"categories":[37],"tags":[],"class_list":["post-3020","post","type-post","status-publish","format-standard","has-post-thumbnail","","category-palmas"],"_links":{"self":[{"href":"https:\/\/focotocantinense.com.br\/index.php?rest_route=\/wp\/v2\/posts\/3020","targetHints":{"allow":["GET"]}}],"collection":[{"href":"https:\/\/focotocantinense.com.br\/index.php?rest_route=\/wp\/v2\/posts"}],"about":[{"href":"https:\/\/focotocantinense.com.br\/index.php?rest_route=\/wp\/v2\/types\/post"}],"author":[{"embeddable":true,"href":"https:\/\/focotocantinense.com.br\/index.php?rest_route=\/wp\/v2\/users\/5"}],"replies":[{"embeddable":true,"href":"https:\/\/focotocantinense.com.br\/index.php?rest_route=%2Fwp%2Fv2%2Fcomments&post=3020"}],"version-history":[{"count":1,"href":"https:\/\/focotocantinense.com.br\/index.php?rest_route=\/wp\/v2\/posts\/3020\/revisions"}],"predecessor-version":[{"id":3023,"href":"https:\/\/focotocantinense.com.br\/index.php?rest_route=\/wp\/v2\/posts\/3020\/revisions\/3023"}],"wp:featuredmedia":[{"embeddable":true,"href":"https:\/\/focotocantinense.com.br\/index.php?rest_route=\/wp\/v2\/media\/3021"}],"wp:attachment":[{"href":"https:\/\/focotocantinense.com.br\/index.php?rest_route=%2Fwp%2Fv2%2Fmedia&parent=3020"}],"wp:term":[{"taxonomy":"category","embeddable":true,"href":"https:\/\/focotocantinense.com.br\/index.php?rest_route=%2Fwp%2Fv2%2Fcategories&post=3020"},{"taxonomy":"post_tag","embeddable":true,"href":"https:\/\/focotocantinense.com.br\/index.php?rest_route=%2Fwp%2Fv2%2Ftags&post=3020"}],"curies":[{"name":"wp","href":"https:\/\/api.w.org\/{rel}","templated":true}]}}