{"id":3016,"date":"2022-08-30T22:53:11","date_gmt":"2022-08-31T01:53:11","guid":{"rendered":"https:\/\/focotocantinense.com.br\/?p=3016"},"modified":"2022-08-30T22:53:12","modified_gmt":"2022-08-31T01:53:12","slug":"associados-a-febtur-vao-marcar-presenca-na-abav-expo-2022","status":"publish","type":"post","link":"https:\/\/focotocantinense.com.br\/?p=3016","title":{"rendered":"Associados \u00e0 Febtur v\u00e3o marcar presen\u00e7a na Abav Expo 2022"},"content":{"rendered":"\n<figure class=\"wp-block-gallery has-nested-images columns-default is-cropped wp-block-gallery-1 is-layout-flex wp-block-gallery-is-layout-flex\">\n<figure class=\"wp-block-image size-large\"><img loading=\"lazy\" decoding=\"async\" width=\"923\" height=\"469\" data-id=\"3018\" src=\"https:\/\/focotocantinense.com.br\/wp-content\/uploads\/2022\/08\/2222-1.jpg\" alt=\"\" class=\"wp-image-3018\" srcset=\"https:\/\/focotocantinense.com.br\/wp-content\/uploads\/2022\/08\/2222-1.jpg 923w, https:\/\/focotocantinense.com.br\/wp-content\/uploads\/2022\/08\/2222-1-300x152.jpg 300w, https:\/\/focotocantinense.com.br\/wp-content\/uploads\/2022\/08\/2222-1-768x390.jpg 768w\" sizes=\"auto, (max-width: 923px) 100vw, 923px\" \/><\/figure>\n<\/figure>\n\n\n\n<p>Agentes de viagens de todo o Pa\u00eds e da Am\u00e9rica Latina, empresas ligadas ao setor tur\u00edstico, Minist\u00e9rio do Turismo, governos estaduais e municipais, entidades, comunicadores especializados est\u00e3o em contagem regressiva para a 49\u00aa edi\u00e7\u00e3o da&nbsp;ABAV Expo. Reconhecido como um dos eventos mais tradicionais e importantes do setor no Brasil, o evento ser\u00e1 realizado entre os dias 21 e 23 de setembro,&nbsp;no Centro de Conven\u00e7\u00f5es de Pernambuco, na cidade de Olinda.<\/p>\n\n\n\n<p>A realiza\u00e7\u00e3o \u00e9 da Associa\u00e7\u00e3o Brasileira das Ag\u00eancias de Viagens (Abav Nacional), que aguarda mais de 30 mil visitantes, 1.500 expositores e mais de mil agentes de viagens associados de todas as unidades da Federa\u00e7\u00e3o. Da mesma forma, \u00e9 aguardado um grande n\u00famero de jornalistas, fot\u00f3grafos, blogueiros, videomakers, publicit\u00e1rios especializados em turismo, em busca de divulga\u00e7\u00e3o e troca de conhecimentos.<\/p>\n\n\n\n<p>Um grande n\u00famero de associados da Federa\u00e7\u00e3o Brasileira de Jornalistas e Comunicadores de Turismo (Febtur) marcar\u00e1 presen\u00e7a para refor\u00e7ar os resultados da divulga\u00e7\u00e3o de seus respectivos estados durante o evento. Entre eles o jornalista, publicit\u00e1rio e presidente nacional da entidade, Gorg\u00f4nio Loureiro, que acompanha a trajet\u00f3ria da feira da Abav desde sua origem, na d\u00e9cada de 1970.<\/p>\n\n\n\n<p>Loureiro ressalta a grande movimenta\u00e7\u00e3o econ\u00f4mica que o evento proporciona \u00e0 cidade-sede, sendo que mesmo durante o per\u00edodo em que ficou&nbsp;fixada no eixo Rio\/S\u00e3o Paulo a influ\u00eancia do seu sucesso deu vida a in\u00fameros eventos tur\u00edsticos regionais. \u201cHoje, com a tecnologia dominando a comunica\u00e7\u00e3o que \u00e9 feita para turismo, e ainda sob os efeitos da pandemia de Covid-19, a&nbsp;ABAV Expo&nbsp;teve que se reinventar, mas com toda a certeza, o retorno de sua itiner\u00e2ncia garante um legado de conhecimentos e experi\u00eancias aos estados\u201d, afirma.<\/p>\n\n\n\n<p><strong>Relev\u00e2ncia<\/strong><\/p>\n\n\n\n<p>De acordo com pesquisa realizada no ano passado,&nbsp;72% dos profissionais da ind\u00fastria do turismo considerou a Abav Expo como o evento de maior relev\u00e2ncia para participar em 2022. Sua edi\u00e7\u00e3o anterior foi realizada em Fortaleza, resultando na arrecada\u00e7\u00e3o de R$ 5,24 milh\u00f5es de receita para a capital cearense, com uma perman\u00eancia m\u00e9dia de 3,6 dias de cada visitante.<\/p>\n","protected":false},"excerpt":{"rendered":"<p>Agentes de viagens de todo o Pa\u00eds e da Am\u00e9rica Latina, empresas ligadas ao setor tur\u00edstico, Minist\u00e9rio do Turismo, governos estaduais e municipais, entidades, comunicadores especializados est\u00e3o em contagem regressiva para a 49\u00aa edi\u00e7\u00e3o da&nbsp;ABAV Expo. Reconhecido como um dos eventos mais tradicionais e importantes do setor no Brasil, o evento ser\u00e1 realizado entre os &hellip;<\/p>\n","protected":false},"author":5,"featured_media":3017,"comment_status":"open","ping_status":"open","sticky":false,"template":"","format":"standard","meta":{"footnotes":""},"categories":[1],"tags":[],"class_list":["post-3016","post","type-post","status-publish","format-standard","has-post-thumbnail","","category-sem-categoria"],"_links":{"self":[{"href":"https:\/\/focotocantinense.com.br\/index.php?rest_route=\/wp\/v2\/posts\/3016","targetHints":{"allow":["GET"]}}],"collection":[{"href":"https:\/\/focotocantinense.com.br\/index.php?rest_route=\/wp\/v2\/posts"}],"about":[{"href":"https:\/\/focotocantinense.com.br\/index.php?rest_route=\/wp\/v2\/types\/post"}],"author":[{"embeddable":true,"href":"https:\/\/focotocantinense.com.br\/index.php?rest_route=\/wp\/v2\/users\/5"}],"replies":[{"embeddable":true,"href":"https:\/\/focotocantinense.com.br\/index.php?rest_route=%2Fwp%2Fv2%2Fcomments&post=3016"}],"version-history":[{"count":1,"href":"https:\/\/focotocantinense.com.br\/index.php?rest_route=\/wp\/v2\/posts\/3016\/revisions"}],"predecessor-version":[{"id":3019,"href":"https:\/\/focotocantinense.com.br\/index.php?rest_route=\/wp\/v2\/posts\/3016\/revisions\/3019"}],"wp:featuredmedia":[{"embeddable":true,"href":"https:\/\/focotocantinense.com.br\/index.php?rest_route=\/wp\/v2\/media\/3017"}],"wp:attachment":[{"href":"https:\/\/focotocantinense.com.br\/index.php?rest_route=%2Fwp%2Fv2%2Fmedia&parent=3016"}],"wp:term":[{"taxonomy":"category","embeddable":true,"href":"https:\/\/focotocantinense.com.br\/index.php?rest_route=%2Fwp%2Fv2%2Fcategories&post=3016"},{"taxonomy":"post_tag","embeddable":true,"href":"https:\/\/focotocantinense.com.br\/index.php?rest_route=%2Fwp%2Fv2%2Ftags&post=3016"}],"curies":[{"name":"wp","href":"https:\/\/api.w.org\/{rel}","templated":true}]}}