{"id":3007,"date":"2022-08-30T20:23:05","date_gmt":"2022-08-30T23:23:05","guid":{"rendered":"https:\/\/focotocantinense.com.br\/?p=3007"},"modified":"2022-08-30T20:23:06","modified_gmt":"2022-08-30T23:23:06","slug":"sebrae-capacita-empreendedoras-de-tocantinia-pelo-projeto-forca-mulher","status":"publish","type":"post","link":"https:\/\/focotocantinense.com.br\/?p=3007","title":{"rendered":"Sebrae capacita empreendedoras de Tocant\u00ednia pelo projeto For\u00e7a Mulher"},"content":{"rendered":"\n<p><strong>Por Zacarias Martins<\/strong>&nbsp;<\/p>\n\n\n\n<p>Ser protagonista da pr\u00f3pria hist\u00f3ria, convertendo sonhos em oportunidades. Este, sem sombra de d\u00favidas, \u00e9 o desejo soberano de um seleto grupo de mulheres de Tocant\u00ednia que participou&nbsp; &nbsp;do projeto For\u00e7a Mulher, que busca, sobretudo, promover a realiza\u00e7\u00e3o pessoal por meio do fomento ao empreendedorismo feminino em todo o estado do Tocantins.<\/p>\n\n\n\n<p>Na segunda-feira (29), essas mulheres participaram de uma solenidade no audit\u00f3rio do Sebrae, em Palmas, onde foram entregues os certificados de conclus\u00e3o do curso na \u00e1rea de gastronomia.<\/p>\n\n\n\n<p>Al\u00e9m de Tocant\u00ednia, mulheres dos munic\u00edpios de Miracema do Tocantins, Lajeado e Aparecida do Rio Negro, tamb\u00e9m passaram por essa capacita\u00e7\u00e3o que, em Tocant\u00ednia, foi realizada numa parceria do Sebrae com a Prefeitura Municipal, por meio da Secretaria Municipal de &nbsp;Assist\u00eancia Social e o CRAS, tendo o apoio &nbsp;do Sistema Fieto\/Senai, Sistema Fecom\u00e9rcio\/Senac e Sistema Faet\/Senar.<\/p>\n\n\n\n<p>Prestigiando a entrega dos certificados \u00e0s concluintes do curso, estavam o vice-prefeito de Tocant\u00ednia, Jo\u00e3o Alberto Coelho Machado, que representou o prefeito Manoel Silvino, bem como, a&nbsp; secret\u00e1ria de Assist\u00eancia Social, Ana Paula Ribeiro, o vereador S\u00e9rgio Caldeiras e a equipe t\u00e9cnica do CRAS.<\/p>\n\n\n\n<p>Al\u00e9m dos certificados de capacita\u00e7\u00e3o profissionalizante, as formandas receberam um kit contendo utens\u00edlios necess\u00e1rios no ramo da gastronomia.<\/p>\n\n\n\n<p><strong>Inclus\u00e3o produtiva&nbsp;<\/strong><\/p>\n\n\n\n<p>A secret\u00e1ria de Assist\u00eancia Social de Tocant\u00ednia, Ana Paula Ribeiro, &nbsp;destacou que foi atingido plenamente o objetivo dessa iniciativa que&nbsp; que teve promoveu a&nbsp; inclus\u00e3o produtiva de um grupo de mulheres &nbsp;residentes no munic\u00edpio&nbsp; &nbsp;por meio do empreendedorismo, contribuindo, assim, para a conquista do trabalho como oportunidade de resgate da dignidade e gera\u00e7\u00e3o de emprego e renda.<\/p>\n\n\n\n<figure class=\"wp-block-image\"><img decoding=\"async\" src=\"http:\/\/n1to.com.br\/img\/uploads\/BBBB_7.jpg\" alt=\"\"\/><\/figure>\n\n\n\n<figure class=\"wp-block-image\"><img decoding=\"async\" src=\"http:\/\/n1to.com.br\/img\/uploads\/CCC_7.jpg\" alt=\"\"\/><\/figure>\n\n\n\n<figure class=\"wp-block-image\"><img decoding=\"async\" src=\"http:\/\/n1to.com.br\/img\/uploads\/ddddd_4.jpg\" alt=\"\"\/><\/figure>\n\n\n\n<figure class=\"wp-block-image\"><img decoding=\"async\" src=\"http:\/\/n1to.com.br\/img\/uploads\/eee_3.jpg\" alt=\"\"\/><\/figure>\n\n\n\n<figure class=\"wp-block-image\"><img decoding=\"async\" src=\"http:\/\/n1to.com.br\/img\/uploads\/fff_2.jpg\" alt=\"\"\/><\/figure>\n\n\n\n<figure class=\"wp-block-image\"><img decoding=\"async\" src=\"http:\/\/n1to.com.br\/img\/uploads\/ggggg_2.jpg\" alt=\"\"\/><\/figure>\n","protected":false},"excerpt":{"rendered":"<p>Por Zacarias Martins&nbsp; Ser protagonista da pr\u00f3pria hist\u00f3ria, convertendo sonhos em oportunidades. Este, sem sombra de d\u00favidas, \u00e9 o desejo soberano de um seleto grupo de mulheres de Tocant\u00ednia que participou&nbsp; &nbsp;do projeto For\u00e7a Mulher, que busca, sobretudo, promover a realiza\u00e7\u00e3o pessoal por meio do fomento ao empreendedorismo feminino em todo o estado do Tocantins. &hellip;<\/p>\n","protected":false},"author":5,"featured_media":3008,"comment_status":"open","ping_status":"open","sticky":false,"template":"","format":"standard","meta":{"footnotes":""},"categories":[78],"tags":[],"class_list":["post-3007","post","type-post","status-publish","format-standard","has-post-thumbnail","","category-tocantinia"],"_links":{"self":[{"href":"https:\/\/focotocantinense.com.br\/index.php?rest_route=\/wp\/v2\/posts\/3007","targetHints":{"allow":["GET"]}}],"collection":[{"href":"https:\/\/focotocantinense.com.br\/index.php?rest_route=\/wp\/v2\/posts"}],"about":[{"href":"https:\/\/focotocantinense.com.br\/index.php?rest_route=\/wp\/v2\/types\/post"}],"author":[{"embeddable":true,"href":"https:\/\/focotocantinense.com.br\/index.php?rest_route=\/wp\/v2\/users\/5"}],"replies":[{"embeddable":true,"href":"https:\/\/focotocantinense.com.br\/index.php?rest_route=%2Fwp%2Fv2%2Fcomments&post=3007"}],"version-history":[{"count":1,"href":"https:\/\/focotocantinense.com.br\/index.php?rest_route=\/wp\/v2\/posts\/3007\/revisions"}],"predecessor-version":[{"id":3009,"href":"https:\/\/focotocantinense.com.br\/index.php?rest_route=\/wp\/v2\/posts\/3007\/revisions\/3009"}],"wp:featuredmedia":[{"embeddable":true,"href":"https:\/\/focotocantinense.com.br\/index.php?rest_route=\/wp\/v2\/media\/3008"}],"wp:attachment":[{"href":"https:\/\/focotocantinense.com.br\/index.php?rest_route=%2Fwp%2Fv2%2Fmedia&parent=3007"}],"wp:term":[{"taxonomy":"category","embeddable":true,"href":"https:\/\/focotocantinense.com.br\/index.php?rest_route=%2Fwp%2Fv2%2Fcategories&post=3007"},{"taxonomy":"post_tag","embeddable":true,"href":"https:\/\/focotocantinense.com.br\/index.php?rest_route=%2Fwp%2Fv2%2Ftags&post=3007"}],"curies":[{"name":"wp","href":"https:\/\/api.w.org\/{rel}","templated":true}]}}