{"id":3002,"date":"2022-08-30T08:38:02","date_gmt":"2022-08-30T11:38:02","guid":{"rendered":"https:\/\/focotocantinense.com.br\/?p=3002"},"modified":"2022-08-30T08:41:25","modified_gmt":"2022-08-30T11:41:25","slug":"sucesso-do-inicio-da-exposicao-agropecuaria-torna-realidade-apos-gestao-do-prefeito-irmao-geciran-repassar-100-mil-reais-ao-sindicato-de-dois-irmaos-do-tocantins","status":"publish","type":"post","link":"https:\/\/focotocantinense.com.br\/?p=3002","title":{"rendered":"Sucesso do in\u00edcio da Exposi\u00e7\u00e3o Agropecu\u00e1ria torna realidade ap\u00f3s gest\u00e3o do prefeito Irm\u00e3o Geciran repassar 100 mil reais ao sindicato de Dois Irm\u00e3os do Tocantins"},"content":{"rendered":"\n<p><strong>Por Edsom Gilmar<\/strong><\/p>\n\n\n\n<p>A Exposi\u00e7\u00e3o Agropecu\u00e1ria de Dois Irm\u00e3os do Tocantins, tem sido considerada sucesso, neste in\u00edcio de evento. De acordo com a gest\u00e3o do prefeito Irm\u00e3o Geciran Saraiva (PSD), o repasse no valor de 100 mil reais, e o suportes dado pela bancada estadual e o governo do governador Wanderlei Barbosa (Republicanos), e das institui\u00e7\u00f5es j\u00e1 tem tornado o evento um dos mais bem sucedido do Vale do Araguaia,&nbsp; nesta retomada da realiza\u00e7\u00e3o das festividades agropecu\u00e1rias, em 2022.<\/p>\n\n\n\n<p><strong>Na primeira noite de evento, no s\u00e1bado (27\/08), foi realizado o concurso de beleza que escolheu a Garota Expoagro 2022. A vencedora que brilhou na passarela foi a estudante Kesylucia. Cleyton Farias e Forr\u00f3 da Espora e Jean Novais, se apresentaram no palco das emo\u00e7\u00f5es.<\/strong><\/p>\n\n\n\n<p><strong>A tradicional cavalgada aconteceu neste Domingo (29\/08). Cavaleiros e Amazonas e o p\u00fablico presente lotaram as Ruas de Dois Irm\u00e3os do Tocantins. Al\u00e9m do prefeito Irm\u00e3o Geciran Saraiva (PSD), o governador Wanderlei Barbosa (Republicanos), deputados estaduais, federais, prefeitos e vereadores do Vale do Araguaia participaram do evento.<\/strong><\/p>\n\n\n\n<p><strong>O prefeito Geciran, destacou com \u00eanfase, a parceria consolidada da municipalidade com o Sindicato Rural de Dois Irm\u00e3os do Tocantins. O gestor citou ainda os deputados que contribu\u00edram. O presidente do Sindicato Rural, Francisco Tozzatti, o Chic\u00e3o como \u00e9 conhecido, tamb\u00e9m destacou a import\u00e2ncia das duas institui\u00e7\u00f5es andarem lado a lado, para o fomento da economia local e do Vale do Araguaia.<\/strong><\/p>\n\n\n\n<p><strong>Ap\u00f3s a cavalgada, o grupo Companhia Show, se apresentou ao p\u00fablico. A programa\u00e7\u00e3o segue durante a semana e a abertura oficial ser\u00e1 na pr\u00f3xima quinta-feira (01\/08), com a abertura do rodeio e apresenta\u00e7\u00e3o do grupo Forr\u00f3 Xamego Louco.<\/strong><\/p>\n\n\n\n<p><strong>Em 03\/09, quando a cidade vai celebrar o 59\u00ba anivers\u00e1rio de emancipa\u00e7\u00e3o pol\u00edtica, est\u00e1 prevista a apresenta\u00e7\u00e3o do cantor Amado Batista.<\/strong><\/p>\n\n\n\n<figure class=\"wp-block-image size-large\"><img loading=\"lazy\" decoding=\"async\" width=\"675\" height=\"1024\" src=\"https:\/\/focotocantinense.com.br\/wp-content\/uploads\/2022\/08\/b191e30d-ab1d-485e-82fd-df7b7130dc13-675x1024.jpg\" alt=\"\" class=\"wp-image-3003\" srcset=\"https:\/\/focotocantinense.com.br\/wp-content\/uploads\/2022\/08\/b191e30d-ab1d-485e-82fd-df7b7130dc13-675x1024.jpg 675w, https:\/\/focotocantinense.com.br\/wp-content\/uploads\/2022\/08\/b191e30d-ab1d-485e-82fd-df7b7130dc13-198x300.jpg 198w, https:\/\/focotocantinense.com.br\/wp-content\/uploads\/2022\/08\/b191e30d-ab1d-485e-82fd-df7b7130dc13-768x1165.jpg 768w, https:\/\/focotocantinense.com.br\/wp-content\/uploads\/2022\/08\/b191e30d-ab1d-485e-82fd-df7b7130dc13.jpg 844w\" sizes=\"auto, (max-width: 675px) 100vw, 675px\" \/><\/figure>\n","protected":false},"excerpt":{"rendered":"<p>Por Edsom Gilmar A Exposi\u00e7\u00e3o Agropecu\u00e1ria de Dois Irm\u00e3os do Tocantins, tem sido considerada sucesso, neste in\u00edcio de evento. De acordo com a gest\u00e3o do prefeito Irm\u00e3o Geciran Saraiva (PSD), o repasse no valor de 100 mil reais, e o suportes dado pela bancada estadual e o governo do governador Wanderlei Barbosa (Republicanos), e das &hellip;<\/p>\n","protected":false},"author":5,"featured_media":3006,"comment_status":"open","ping_status":"open","sticky":false,"template":"","format":"standard","meta":{"footnotes":""},"categories":[1],"tags":[],"class_list":["post-3002","post","type-post","status-publish","format-standard","has-post-thumbnail","","category-sem-categoria"],"_links":{"self":[{"href":"https:\/\/focotocantinense.com.br\/index.php?rest_route=\/wp\/v2\/posts\/3002","targetHints":{"allow":["GET"]}}],"collection":[{"href":"https:\/\/focotocantinense.com.br\/index.php?rest_route=\/wp\/v2\/posts"}],"about":[{"href":"https:\/\/focotocantinense.com.br\/index.php?rest_route=\/wp\/v2\/types\/post"}],"author":[{"embeddable":true,"href":"https:\/\/focotocantinense.com.br\/index.php?rest_route=\/wp\/v2\/users\/5"}],"replies":[{"embeddable":true,"href":"https:\/\/focotocantinense.com.br\/index.php?rest_route=%2Fwp%2Fv2%2Fcomments&post=3002"}],"version-history":[{"count":2,"href":"https:\/\/focotocantinense.com.br\/index.php?rest_route=\/wp\/v2\/posts\/3002\/revisions"}],"predecessor-version":[{"id":3005,"href":"https:\/\/focotocantinense.com.br\/index.php?rest_route=\/wp\/v2\/posts\/3002\/revisions\/3005"}],"wp:featuredmedia":[{"embeddable":true,"href":"https:\/\/focotocantinense.com.br\/index.php?rest_route=\/wp\/v2\/media\/3006"}],"wp:attachment":[{"href":"https:\/\/focotocantinense.com.br\/index.php?rest_route=%2Fwp%2Fv2%2Fmedia&parent=3002"}],"wp:term":[{"taxonomy":"category","embeddable":true,"href":"https:\/\/focotocantinense.com.br\/index.php?rest_route=%2Fwp%2Fv2%2Fcategories&post=3002"},{"taxonomy":"post_tag","embeddable":true,"href":"https:\/\/focotocantinense.com.br\/index.php?rest_route=%2Fwp%2Fv2%2Ftags&post=3002"}],"curies":[{"name":"wp","href":"https:\/\/api.w.org\/{rel}","templated":true}]}}