{"id":2990,"date":"2022-08-25T21:58:01","date_gmt":"2022-08-26T00:58:01","guid":{"rendered":"https:\/\/focotocantinense.com.br\/?p=2990"},"modified":"2022-08-25T21:58:03","modified_gmt":"2022-08-26T00:58:03","slug":"prefeito-de-marianopolis-do-tocantins-apresenta-empresa-que-vai-implantar-inedito-sistema-de-irrigacao-do-estadio-carneirao","status":"publish","type":"post","link":"https:\/\/focotocantinense.com.br\/?p=2990","title":{"rendered":"Prefeito de Marian\u00f3polis do Tocantins apresenta empresa que vai implantar in\u00e9dito sistema de irriga\u00e7\u00e3o do est\u00e1dio Carneir\u00e3o"},"content":{"rendered":"\n<p><strong>Por Edsom Gilmar<\/strong><\/p>\n\n\n\n<p>O Prefeito de Marian\u00f3polis do Tocantins e presidente do Cons\u00f3rcio Vale do Araguaia Isa\u00edas Piagem (Uni\u00e3o Brasil), apresentou nesta quarta-feira (24\/08), a contrata\u00e7\u00e3o de empresa para implanta\u00e7\u00e3o de sistema de irriga\u00e7\u00e3o do Est\u00e1dio Municipal Jos\u00e9 Carneiro Neves, o &#8220;Carneir\u00e3o&#8221;.<\/p>\n\n\n\n<p><br>Com a implanta\u00e7\u00e3o do sistema de irriga\u00e7\u00e3o, a grama do est\u00e1dio Carneir\u00e3o, ter\u00e1 um sistema automatizado, podendo assim manter a grama sempre cuidada e apta aos jogos amistosos do campeonato local e regional.<\/p>\n\n\n\n<p><br>Com a medida vai possibilitar o campo de jogo, ter mais condi\u00e7\u00f5es de disputa e praticidade futebol\u00edstica. O sistema moderno \u00e9 in\u00e9dito em est\u00e1dios de futebol do Vale do Araguaia.<\/p>\n\n\n\n<figure class=\"wp-block-image size-full\"><img loading=\"lazy\" decoding=\"async\" width=\"643\" height=\"489\" src=\"https:\/\/focotocantinense.com.br\/wp-content\/uploads\/2022\/08\/aaa-8.jpg\" alt=\"\" class=\"wp-image-2992\" srcset=\"https:\/\/focotocantinense.com.br\/wp-content\/uploads\/2022\/08\/aaa-8.jpg 643w, https:\/\/focotocantinense.com.br\/wp-content\/uploads\/2022\/08\/aaa-8-300x228.jpg 300w\" sizes=\"auto, (max-width: 643px) 100vw, 643px\" \/><\/figure>\n","protected":false},"excerpt":{"rendered":"<p>Por Edsom Gilmar O Prefeito de Marian\u00f3polis do Tocantins e presidente do Cons\u00f3rcio Vale do Araguaia Isa\u00edas Piagem (Uni\u00e3o Brasil), apresentou nesta quarta-feira (24\/08), a contrata\u00e7\u00e3o de empresa para implanta\u00e7\u00e3o de sistema de irriga\u00e7\u00e3o do Est\u00e1dio Municipal Jos\u00e9 Carneiro Neves, o &#8220;Carneir\u00e3o&#8221;. Com a implanta\u00e7\u00e3o do sistema de irriga\u00e7\u00e3o, a grama do est\u00e1dio Carneir\u00e3o, ter\u00e1 &hellip;<\/p>\n","protected":false},"author":5,"featured_media":2991,"comment_status":"open","ping_status":"open","sticky":false,"template":"","format":"standard","meta":{"footnotes":""},"categories":[39],"tags":[],"class_list":["post-2990","post","type-post","status-publish","format-standard","has-post-thumbnail","","category-estado"],"_links":{"self":[{"href":"https:\/\/focotocantinense.com.br\/index.php?rest_route=\/wp\/v2\/posts\/2990","targetHints":{"allow":["GET"]}}],"collection":[{"href":"https:\/\/focotocantinense.com.br\/index.php?rest_route=\/wp\/v2\/posts"}],"about":[{"href":"https:\/\/focotocantinense.com.br\/index.php?rest_route=\/wp\/v2\/types\/post"}],"author":[{"embeddable":true,"href":"https:\/\/focotocantinense.com.br\/index.php?rest_route=\/wp\/v2\/users\/5"}],"replies":[{"embeddable":true,"href":"https:\/\/focotocantinense.com.br\/index.php?rest_route=%2Fwp%2Fv2%2Fcomments&post=2990"}],"version-history":[{"count":1,"href":"https:\/\/focotocantinense.com.br\/index.php?rest_route=\/wp\/v2\/posts\/2990\/revisions"}],"predecessor-version":[{"id":2993,"href":"https:\/\/focotocantinense.com.br\/index.php?rest_route=\/wp\/v2\/posts\/2990\/revisions\/2993"}],"wp:featuredmedia":[{"embeddable":true,"href":"https:\/\/focotocantinense.com.br\/index.php?rest_route=\/wp\/v2\/media\/2991"}],"wp:attachment":[{"href":"https:\/\/focotocantinense.com.br\/index.php?rest_route=%2Fwp%2Fv2%2Fmedia&parent=2990"}],"wp:term":[{"taxonomy":"category","embeddable":true,"href":"https:\/\/focotocantinense.com.br\/index.php?rest_route=%2Fwp%2Fv2%2Fcategories&post=2990"},{"taxonomy":"post_tag","embeddable":true,"href":"https:\/\/focotocantinense.com.br\/index.php?rest_route=%2Fwp%2Fv2%2Ftags&post=2990"}],"curies":[{"name":"wp","href":"https:\/\/api.w.org\/{rel}","templated":true}]}}