{"id":2983,"date":"2022-08-25T21:46:42","date_gmt":"2022-08-26T00:46:42","guid":{"rendered":"https:\/\/focotocantinense.com.br\/?p=2983"},"modified":"2022-08-25T21:55:46","modified_gmt":"2022-08-26T00:55:46","slug":"pasta-da-saude-de-marianopolis-do-tocantins-realiza-reuniao-sobre-planejamento-familiar","status":"publish","type":"post","link":"https:\/\/focotocantinense.com.br\/?p=2983","title":{"rendered":"Pasta da Sa\u00fade de Marian\u00f3polis do Tocantins realiza reuni\u00e3o sobre Planejamento Familiar"},"content":{"rendered":"\n<p><strong>Por: Edsom Gilmar<\/strong><\/p>\n\n\n\n<p>A Prefeitura Municipal de Marian\u00f3polis do Tocantins, atrav\u00e9s da Secretaria Municipal de Sa\u00fade, realizou no dia 23\/08\/2022, uma reuni\u00e3o do Planejamento Familiar. A secret\u00e1ria municipal de Sa\u00fade \u00e9 Mayara Coelho.<\/p>\n\n\n\n<p><br>O Planejamento na qual consiste nas a\u00e7\u00f5es criadas com intuito de orientar mulheres e homens quanto a m\u00e9todos contraceptivos, preven\u00e7\u00e3o de gravidez n\u00e3o desejada, e o direito de escolha de filho.<br>Conforme a lei 9. 263\/96, o planejamento familiar \u00e9 direito de todo cidad\u00e3o a ser caracteriza pelo conjunto de a\u00e7\u00f5es de regula\u00e7\u00e3o da fecundidade que garanta direitos iguais de constitui\u00e7\u00e3o, limita\u00e7\u00e3o ou aumento da prole pela mulher, pelo homem ou pelo casal.<br><\/p>\n\n\n\n<p>Esteve presente a Coordenadora da Aten\u00e7\u00e3o B\u00e1sica Luana Valquiria Coelho Noleto, Coordenador do PSF Urbano II Pablo Diego Pereira da Silva, Psic\u00f3logo Ant\u00f4nio Bruno Netto, Assistente Social Jenice Martins de Alexandria Bem e o m\u00e9dico Doutor Vinicius de Souza Mariano.<\/p>\n\n\n\n<figure class=\"wp-block-gallery has-nested-images columns-default is-cropped wp-block-gallery-1 is-layout-flex wp-block-gallery-is-layout-flex\">\n<figure class=\"wp-block-image size-large\"><img loading=\"lazy\" decoding=\"async\" width=\"1024\" height=\"670\" data-id=\"2984\" src=\"https:\/\/focotocantinense.com.br\/wp-content\/uploads\/2022\/08\/aaa-5-1024x670.jpg\" alt=\"\" class=\"wp-image-2984\" srcset=\"https:\/\/focotocantinense.com.br\/wp-content\/uploads\/2022\/08\/aaa-5-1024x670.jpg 1024w, https:\/\/focotocantinense.com.br\/wp-content\/uploads\/2022\/08\/aaa-5-300x196.jpg 300w, https:\/\/focotocantinense.com.br\/wp-content\/uploads\/2022\/08\/aaa-5-768x502.jpg 768w, https:\/\/focotocantinense.com.br\/wp-content\/uploads\/2022\/08\/aaa-5.jpg 1280w\" sizes=\"auto, (max-width: 1024px) 100vw, 1024px\" \/><\/figure>\n<\/figure>\n","protected":false},"excerpt":{"rendered":"<p>Por: Edsom Gilmar A Prefeitura Municipal de Marian\u00f3polis do Tocantins, atrav\u00e9s da Secretaria Municipal de Sa\u00fade, realizou no dia 23\/08\/2022, uma reuni\u00e3o do Planejamento Familiar. A secret\u00e1ria municipal de Sa\u00fade \u00e9 Mayara Coelho. O Planejamento na qual consiste nas a\u00e7\u00f5es criadas com intuito de orientar mulheres e homens quanto a m\u00e9todos contraceptivos, preven\u00e7\u00e3o de gravidez &hellip;<\/p>\n","protected":false},"author":5,"featured_media":2986,"comment_status":"open","ping_status":"open","sticky":false,"template":"","format":"standard","meta":{"footnotes":""},"categories":[39],"tags":[],"class_list":["post-2983","post","type-post","status-publish","format-standard","has-post-thumbnail","","category-estado"],"_links":{"self":[{"href":"https:\/\/focotocantinense.com.br\/index.php?rest_route=\/wp\/v2\/posts\/2983","targetHints":{"allow":["GET"]}}],"collection":[{"href":"https:\/\/focotocantinense.com.br\/index.php?rest_route=\/wp\/v2\/posts"}],"about":[{"href":"https:\/\/focotocantinense.com.br\/index.php?rest_route=\/wp\/v2\/types\/post"}],"author":[{"embeddable":true,"href":"https:\/\/focotocantinense.com.br\/index.php?rest_route=\/wp\/v2\/users\/5"}],"replies":[{"embeddable":true,"href":"https:\/\/focotocantinense.com.br\/index.php?rest_route=%2Fwp%2Fv2%2Fcomments&post=2983"}],"version-history":[{"count":2,"href":"https:\/\/focotocantinense.com.br\/index.php?rest_route=\/wp\/v2\/posts\/2983\/revisions"}],"predecessor-version":[{"id":2989,"href":"https:\/\/focotocantinense.com.br\/index.php?rest_route=\/wp\/v2\/posts\/2983\/revisions\/2989"}],"wp:featuredmedia":[{"embeddable":true,"href":"https:\/\/focotocantinense.com.br\/index.php?rest_route=\/wp\/v2\/media\/2986"}],"wp:attachment":[{"href":"https:\/\/focotocantinense.com.br\/index.php?rest_route=%2Fwp%2Fv2%2Fmedia&parent=2983"}],"wp:term":[{"taxonomy":"category","embeddable":true,"href":"https:\/\/focotocantinense.com.br\/index.php?rest_route=%2Fwp%2Fv2%2Fcategories&post=2983"},{"taxonomy":"post_tag","embeddable":true,"href":"https:\/\/focotocantinense.com.br\/index.php?rest_route=%2Fwp%2Fv2%2Ftags&post=2983"}],"curies":[{"name":"wp","href":"https:\/\/api.w.org\/{rel}","templated":true}]}}