{"id":2977,"date":"2022-08-25T21:36:56","date_gmt":"2022-08-26T00:36:56","guid":{"rendered":"https:\/\/focotocantinense.com.br\/?p=2977"},"modified":"2022-08-25T21:41:59","modified_gmt":"2022-08-26T00:41:59","slug":"prefeito-de-tocantinia-vai-sancionar-lei-de-adequacao-do-piso-salarial-dos-agentes-comunitarios-de-saude-e-de-combate-as-endemias","status":"publish","type":"post","link":"https:\/\/focotocantinense.com.br\/?p=2977","title":{"rendered":"Prefeito de Tocant\u00ednia vai sancionar lei de adequa\u00e7\u00e3o do piso salarial dos Agentes Comunit\u00e1rios de Sa\u00fade e de Combate \u00e0s Endemias"},"content":{"rendered":"\n<p><strong>Por Zacarias Martins<\/strong><\/p>\n\n\n\n<p>De iniciativa do Poder Executivo Municipal de Tocant\u00ednia,&nbsp; o Projeto de Lei n\u00ba&nbsp;&nbsp; 007\/2022, de&nbsp; 10 de agosto,&nbsp; que disp\u00f5e&nbsp; sobre adequa\u00e7\u00e3o do piso salarial dos Agentes Comunit\u00e1rios de Sa\u00fade e Agentes de Combate \u00e0s Endemias do quadro de pessoal da Prefeitura Municipal, foi aprovado pela C\u00e2mara de Vereadores durante sess\u00e3o realizada nesta quinta-feira, dia 25.<\/p>\n\n\n\n<p>Agora, o prefeito Manoel Silvino est\u00e1 no aguardo do Projeto para, enfim, sanciona-lo e, assim, beneficiar essa classe de trabalhadores da&nbsp; Sa\u00fade.<\/p>\n\n\n\n<p>A Administra\u00e7\u00e3o Municipal de Tocant\u00ednia j\u00e1 est\u00e1&nbsp; fechando a folha de pagamento de agosto com o novo&nbsp; piso salarial dos Agentes Comunit\u00e1rios de Sa\u00fade e dos Agentes de Combate \u00e0s Endemias no valor&nbsp;&nbsp; de R$2.424,00. Eles tamb\u00e9m receber\u00e3o R$ 624,00, correspondente ao&nbsp; retroativo de maio, junho e julho. Os servidores efetivos ser\u00e3o pagos com recurso federal. &nbsp;Por\u00e9m,&nbsp; os agentes comunit\u00e1rios contratos ir\u00e3o receber pelo recurso pr\u00f3prio do munic\u00edpio.<\/p>\n\n\n\n<p>Manoel Silvino ressaltou que \u00e9 fundamental que o Munic\u00edpio de Tocant\u00ednia&nbsp; mantenha esses profissionais em seus postos, com vencimentos justos e com condi\u00e7\u00f5es adequadas de trabalho. Por isso tomou a iniciativa de encaminhar esse Projeto de Lei \u00e0 C\u00e2mara de Vereadores e, dessa forma, com essa aprova\u00e7\u00e3o, vai poder sancionar a lei que beneficiar\u00e1 esses trabalhadores.<\/p>\n\n\n\n<figure class=\"wp-block-image size-large\"><img loading=\"lazy\" decoding=\"async\" width=\"1024\" height=\"765\" src=\"https:\/\/focotocantinense.com.br\/wp-content\/uploads\/2022\/08\/PREFEITO-MANOEL-SILVINO-1024x765.jpg\" alt=\"\" class=\"wp-image-2979\" srcset=\"https:\/\/focotocantinense.com.br\/wp-content\/uploads\/2022\/08\/PREFEITO-MANOEL-SILVINO-1024x765.jpg 1024w, https:\/\/focotocantinense.com.br\/wp-content\/uploads\/2022\/08\/PREFEITO-MANOEL-SILVINO-300x224.jpg 300w, https:\/\/focotocantinense.com.br\/wp-content\/uploads\/2022\/08\/PREFEITO-MANOEL-SILVINO-768x574.jpg 768w, https:\/\/focotocantinense.com.br\/wp-content\/uploads\/2022\/08\/PREFEITO-MANOEL-SILVINO-1536x1148.jpg 1536w, https:\/\/focotocantinense.com.br\/wp-content\/uploads\/2022\/08\/PREFEITO-MANOEL-SILVINO.jpg 1600w\" sizes=\"auto, (max-width: 1024px) 100vw, 1024px\" \/><\/figure>\n\n\n\n<p><strong><em>Prefeito de Tocant\u00ednia, Manoel Silvino<\/em><\/strong><\/p>\n","protected":false},"excerpt":{"rendered":"<p>Por Zacarias Martins De iniciativa do Poder Executivo Municipal de Tocant\u00ednia,&nbsp; o Projeto de Lei n\u00ba&nbsp;&nbsp; 007\/2022, de&nbsp; 10 de agosto,&nbsp; que disp\u00f5e&nbsp; sobre adequa\u00e7\u00e3o do piso salarial dos Agentes Comunit\u00e1rios de Sa\u00fade e Agentes de Combate \u00e0s Endemias do quadro de pessoal da Prefeitura Municipal, foi aprovado pela C\u00e2mara de Vereadores durante sess\u00e3o realizada &hellip;<\/p>\n","protected":false},"author":5,"featured_media":2978,"comment_status":"open","ping_status":"open","sticky":false,"template":"","format":"standard","meta":{"footnotes":""},"categories":[78],"tags":[],"class_list":["post-2977","post","type-post","status-publish","format-standard","has-post-thumbnail","","category-tocantinia"],"_links":{"self":[{"href":"https:\/\/focotocantinense.com.br\/index.php?rest_route=\/wp\/v2\/posts\/2977","targetHints":{"allow":["GET"]}}],"collection":[{"href":"https:\/\/focotocantinense.com.br\/index.php?rest_route=\/wp\/v2\/posts"}],"about":[{"href":"https:\/\/focotocantinense.com.br\/index.php?rest_route=\/wp\/v2\/types\/post"}],"author":[{"embeddable":true,"href":"https:\/\/focotocantinense.com.br\/index.php?rest_route=\/wp\/v2\/users\/5"}],"replies":[{"embeddable":true,"href":"https:\/\/focotocantinense.com.br\/index.php?rest_route=%2Fwp%2Fv2%2Fcomments&post=2977"}],"version-history":[{"count":2,"href":"https:\/\/focotocantinense.com.br\/index.php?rest_route=\/wp\/v2\/posts\/2977\/revisions"}],"predecessor-version":[{"id":2981,"href":"https:\/\/focotocantinense.com.br\/index.php?rest_route=\/wp\/v2\/posts\/2977\/revisions\/2981"}],"wp:featuredmedia":[{"embeddable":true,"href":"https:\/\/focotocantinense.com.br\/index.php?rest_route=\/wp\/v2\/media\/2978"}],"wp:attachment":[{"href":"https:\/\/focotocantinense.com.br\/index.php?rest_route=%2Fwp%2Fv2%2Fmedia&parent=2977"}],"wp:term":[{"taxonomy":"category","embeddable":true,"href":"https:\/\/focotocantinense.com.br\/index.php?rest_route=%2Fwp%2Fv2%2Fcategories&post=2977"},{"taxonomy":"post_tag","embeddable":true,"href":"https:\/\/focotocantinense.com.br\/index.php?rest_route=%2Fwp%2Fv2%2Ftags&post=2977"}],"curies":[{"name":"wp","href":"https:\/\/api.w.org\/{rel}","templated":true}]}}