{"id":2971,"date":"2022-08-23T10:35:00","date_gmt":"2022-08-23T13:35:00","guid":{"rendered":"https:\/\/focotocantinense.com.br\/?p=2971"},"modified":"2022-08-23T11:09:11","modified_gmt":"2022-08-23T14:09:11","slug":"centenas-de-pessoas-prestigiaram-o-lancamento-da-candidatura-presidente-assembleia-antonio-andrade-a-deputado-federal","status":"publish","type":"post","link":"https:\/\/focotocantinense.com.br\/?p=2971","title":{"rendered":"Centenas de pessoas prestigiaram o lan\u00e7amento da candidatura do presidente da Assembleia Ant\u00f4nio Andrade a Deputado Federal"},"content":{"rendered":"\n<p><strong>PORTO NACIONAL-TO&nbsp;<\/strong>\u2013 O presidente do PDT e candidato a vice-governador, Laurez Moreira, juntamente com o governador e candidato \u00e0 reelei\u00e7\u00e3o, Wanderlei Barbosa (Republicanos), e a candidata ao senado, professora Dorinha (UB), participou do lan\u00e7amento da campanha a deputado federal do candidato Ant\u00f4nio Andrade, que contou com a expressiva presen\u00e7a de apoiadores e correligion\u00e1rios, na noite desta segunda-feira, 22, em Porto Nacional.<\/p>\n\n\n\n<p><strong>TOINHO ANDRADE<\/strong><\/p>\n\n\n\n<p>Na ocasi\u00e3o, o candidato, popularmente conhecido como Toinho Andrade, ressaltou que quer fazer um Tocantins inovador e agradeceu o apoio da chapa \u201cUni\u00e3o pelo Tocantins\u201d. \u201cEstamos juntos para fazer um Tocantins diferente, para levar ao povo do nosso estado as melhores propostas\u201d, disse Toinho Andrade e em seguida ressaltou a trajet\u00f3ria do governador Wanderlei, agradeceu pela amizade e por tudo que fez e tem feito pelo povo tocantinense.<\/p>\n\n\n\n<p><img loading=\"lazy\" decoding=\"async\" src=\"https:\/\/tribunabr.com\/wp-content\/uploads\/2022\/08\/8-1024x683.jpg\" alt=\"\" width=\"740\" height=\"494\" srcset=\"https:\/\/tribunabr.com\/wp-content\/uploads\/2022\/08\/8-1024x683.jpg 1024w, https:\/\/tribunabr.com\/wp-content\/uploads\/2022\/08\/8-300x200.jpg 300w, https:\/\/tribunabr.com\/wp-content\/uploads\/2022\/08\/8-768x512.jpg 768w, https:\/\/tribunabr.com\/wp-content\/uploads\/2022\/08\/8.jpg 1080w\"><\/p>\n\n\n\n<p id=\"caption-attachment-43344\">Lan\u00e7amento da campanha a deputado federal do candidato Ant\u00f4nio Andrade contou com a expressiva presen\u00e7a de apoiadores e correligion\u00e1rios, na noite desta segunda-feira, 22, em Porto Nacional, regi\u00e3o Central do Tocantins.<\/p>\n\n\n\n<p>Ao candidato a vice-governador, o anfitri\u00e3o da noite teceu elogios. \u201cAmigo Laurez, n\u00e3o tenho d\u00favidas de que voc\u00ea ser\u00e1 um grande vice-governador, ir\u00e1 ajudar o governador Wanderlei Barbosa, pela sua experi\u00eancia, pela sua compet\u00eancia, porque sabemos do seu compromisso com o estado do Tocantins\u201d, disse Toinho Andrade.<\/p>\n\n\n\n<p>Sobre a candidata ao senado, professora Dorinha, Toinho falou da sua alegria em apoi\u00e1-la. \u201cFico feliz em saber que, hoje, o Tocantins ter\u00e1 uma senadora que ir\u00e1 brilhar l\u00e1 no senado federal, que ir\u00e1 representar o nosso povo com muita dignidade e muita lealdade\u201d, declarou.<\/p>\n\n\n\n<p><strong>WANDERLEI BARBOSA<\/strong><\/p>\n\n\n\n<p>Na oportunidade, o governador Wanderlei Barbosa refor\u00e7ou a fala de Toinho Andrade e falou que quer a autoestima do povo elevada. \u201cQuero um Tocantins diferente. \u00c9 com esse sentimento que chegamos ao governo e que estamos nesta campanha. N\u00f3s faremos com que o Tocantins seja contemplado em todas as vertentes\u201d, declarou Wanderlei e agradeceu a Toinho por todo apoio. \u201cConte comigo, Toinho, voc\u00ea \u00e9 um irm\u00e3o que a vida me deu. J\u00e1 trabalhamos juntos, sempre de maneira coesa, buscando aquilo que era melhor para a sociedade\u201d, concluiu.<\/p>\n\n\n\n<p><img loading=\"lazy\" decoding=\"async\" src=\"https:\/\/tribunabr.com\/wp-content\/uploads\/2022\/08\/1-1024x683.jpg\" alt=\"\" width=\"740\" height=\"494\" srcset=\"https:\/\/tribunabr.com\/wp-content\/uploads\/2022\/08\/1-1024x683.jpg 1024w, https:\/\/tribunabr.com\/wp-content\/uploads\/2022\/08\/1-300x200.jpg 300w, https:\/\/tribunabr.com\/wp-content\/uploads\/2022\/08\/1-768x512.jpg 768w, https:\/\/tribunabr.com\/wp-content\/uploads\/2022\/08\/1.jpg 1080w\"><\/p>\n\n\n\n<p id=\"caption-attachment-43343\">Wanderlei agradeceu a Toinho por todo apoio. \u201cConte comigo, Toinho, voc\u00ea \u00e9 um irm\u00e3o que a vida me deu. J\u00e1 trabalhamos juntos, sempre de maneira coesa, buscando aquilo que era melhor para a sociedade\u201d.<\/p>\n\n\n\n<p><strong>PROFESSORA DORINHA<\/strong><\/p>\n\n\n\n<p>Em sua fala, a professora Dorinha destacou a seriedade e honradez do candidato. \u201cToinho Andrade, nosso deputado federal, quero dizer que eu tenho a certeza de que esse estado sabe que pode contar com voc\u00ea, um deputado s\u00e9rio, honrado e que vai lutar muito para trazer recursos para o seu povo, para todas as \u00e1reas\u201d, declarou.<\/p>\n\n\n\n<p><strong>LAUREZ MOREIRA<\/strong><\/p>\n\n\n\n<p>Laurez Moreira, comparou a trajet\u00f3ria de Toinho \u00e0 sua, e disse que o candidato ser\u00e1 um grande deputado federal. \u201cTemos a mesma hist\u00f3ria, filho de ex-prefeito, que come\u00e7ou sua trajet\u00f3ria pol\u00edtica como vereador. Tive o prazer de ser deputado estadual ao seu lado. Eu tenho a convic\u00e7\u00e3o, Toinho, de que voc\u00ea ser\u00e1 um grande deputado federal, porque voc\u00ea conhece a necessidade de cada homem e de cada mulher desse estado\u201d, afirmou o candidato a vice-governador.<strong>&nbsp;(Por: Fernanda Fran\u00e7a)<\/strong><\/p>\n\n\n\n<figure class=\"wp-block-image\"><img decoding=\"async\" src=\"https:\/\/tribunabr.com\/wp-content\/uploads\/2022\/08\/4-1024x683.jpg\" alt=\"\" class=\"wp-image-43345\"\/><\/figure>\n\n\n\n<figure class=\"wp-block-gallery has-nested-images columns-default is-cropped wp-block-gallery-1 is-layout-flex wp-block-gallery-is-layout-flex\">\n<figure class=\"wp-block-image size-large is-style-default\"><img loading=\"lazy\" decoding=\"async\" width=\"768\" height=\"512\" data-id=\"2972\" src=\"https:\/\/focotocantinense.com.br\/wp-content\/uploads\/2022\/08\/9-768x512-1.jpg\" alt=\"\" class=\"wp-image-2972\" srcset=\"https:\/\/focotocantinense.com.br\/wp-content\/uploads\/2022\/08\/9-768x512-1.jpg 768w, https:\/\/focotocantinense.com.br\/wp-content\/uploads\/2022\/08\/9-768x512-1-300x200.jpg 300w\" sizes=\"auto, (max-width: 768px) 100vw, 768px\" \/><\/figure>\n\n\n<\/figure>\n","protected":false},"excerpt":{"rendered":"<p>PORTO NACIONAL-TO&nbsp;\u2013 O presidente do PDT e candidato a vice-governador, Laurez Moreira, juntamente com o governador e candidato \u00e0 reelei\u00e7\u00e3o, Wanderlei Barbosa (Republicanos), e a candidata ao senado, professora Dorinha (UB), participou do lan\u00e7amento da campanha a deputado federal do candidato Ant\u00f4nio Andrade, que contou com a expressiva presen\u00e7a de apoiadores e correligion\u00e1rios, na noite &hellip;<\/p>\n","protected":false},"author":5,"featured_media":2972,"comment_status":"open","ping_status":"open","sticky":false,"template":"","format":"standard","meta":{"footnotes":""},"categories":[1],"tags":[],"class_list":["post-2971","post","type-post","status-publish","format-standard","has-post-thumbnail","","category-sem-categoria"],"_links":{"self":[{"href":"https:\/\/focotocantinense.com.br\/index.php?rest_route=\/wp\/v2\/posts\/2971","targetHints":{"allow":["GET"]}}],"collection":[{"href":"https:\/\/focotocantinense.com.br\/index.php?rest_route=\/wp\/v2\/posts"}],"about":[{"href":"https:\/\/focotocantinense.com.br\/index.php?rest_route=\/wp\/v2\/types\/post"}],"author":[{"embeddable":true,"href":"https:\/\/focotocantinense.com.br\/index.php?rest_route=\/wp\/v2\/users\/5"}],"replies":[{"embeddable":true,"href":"https:\/\/focotocantinense.com.br\/index.php?rest_route=%2Fwp%2Fv2%2Fcomments&post=2971"}],"version-history":[{"count":2,"href":"https:\/\/focotocantinense.com.br\/index.php?rest_route=\/wp\/v2\/posts\/2971\/revisions"}],"predecessor-version":[{"id":2974,"href":"https:\/\/focotocantinense.com.br\/index.php?rest_route=\/wp\/v2\/posts\/2971\/revisions\/2974"}],"wp:featuredmedia":[{"embeddable":true,"href":"https:\/\/focotocantinense.com.br\/index.php?rest_route=\/wp\/v2\/media\/2972"}],"wp:attachment":[{"href":"https:\/\/focotocantinense.com.br\/index.php?rest_route=%2Fwp%2Fv2%2Fmedia&parent=2971"}],"wp:term":[{"taxonomy":"category","embeddable":true,"href":"https:\/\/focotocantinense.com.br\/index.php?rest_route=%2Fwp%2Fv2%2Fcategories&post=2971"},{"taxonomy":"post_tag","embeddable":true,"href":"https:\/\/focotocantinense.com.br\/index.php?rest_route=%2Fwp%2Fv2%2Ftags&post=2971"}],"curies":[{"name":"wp","href":"https:\/\/api.w.org\/{rel}","templated":true}]}}