{"id":2968,"date":"2022-08-21T17:29:28","date_gmt":"2022-08-21T20:29:28","guid":{"rendered":"https:\/\/focotocantinense.com.br\/?p=2968"},"modified":"2022-08-21T17:29:29","modified_gmt":"2022-08-21T20:29:29","slug":"romivaldo-martins-defende-a-duplicacao-da-to-255-no-perimetro-urbano-de-lagoa-da-confusao","status":"publish","type":"post","link":"https:\/\/focotocantinense.com.br\/?p=2968","title":{"rendered":"Romivaldo Martins defende a duplica\u00e7\u00e3o da TO-255, no per\u00edmetro urbano de Lagoa da Confus\u00e3o"},"content":{"rendered":"\n<p><strong>Por Zacarias Martins<\/strong><\/p>\n\n\n\n<p>O vereador Romivaldo Martins, do partido Solidariedade,&nbsp; &nbsp;teve requerimento de sua autoria aprovado pela C\u00e2mara Municipal de Lagoa da Confus\u00e3o,&nbsp; onde solicita provid\u00eancias ao prefeito Dr. Thiago Carlos, no sentido de que &nbsp;seja providenciada&nbsp; a duplica\u00e7\u00e3o da TO-255, no per\u00edmetro urbano da cidade, entre o Trevo do Setor Java\u00e9s at\u00e9 a rotat\u00f3ria da sa\u00edda para Gurupi, em aproximadamente 3.900 metros de extens\u00e3o.<\/p>\n\n\n\n<p>Ao justificar essa reivindica\u00e7\u00e3o, Romivaldo Martins argumenta que esse trecho possui um grande tr\u00e2nsito de ve\u00edculos devido ao acesso tanto \u00e0 cidade de Gurupi, quanto, \u00e0 Barreira da Cruz, que atende a maioria dos produtores do munic\u00edpio, al\u00e9m dos turistas que frequentam as praias do&nbsp; dos rios Formoso , Java\u00e9s e a Ilha do Bananal.<\/p>\n\n\n\n<p>\u201cEntendemos que essa obra dar\u00e1, al\u00e9m do conforto e seguran\u00e7a aos usu\u00e1rios que dela se utilizam, contribuir\u00e1, tamb\u00e9m, para um toque de beleza \u00e0 sa\u00edda sul da cidade. Conv\u00e9m lembrar que trata-se de uma justa e oportuna reivindica\u00e7\u00e3o da comunidade lagoense\u201d, finalizou o vereador.<\/p>\n\n\n\n<figure class=\"wp-block-image\"><img decoding=\"async\" src=\"http:\/\/n1to.com.br\/img\/uploads\/VEREADOR_ROMIVALDO_NA_TO_255_EM_LAGOA_DA_CONFUSAO.jpg\" alt=\"\"\/><figcaption><em><strong>Vereador Romivaldo Martins na defesa dos interesses da popula\u00e7\u00e3o de Lagoa da Confus\u00e3o<\/strong><\/em><\/figcaption><\/figure>\n","protected":false},"excerpt":{"rendered":"<p>Por Zacarias Martins O vereador Romivaldo Martins, do partido Solidariedade,&nbsp; &nbsp;teve requerimento de sua autoria aprovado pela C\u00e2mara Municipal de Lagoa da Confus\u00e3o,&nbsp; onde solicita provid\u00eancias ao prefeito Dr. Thiago Carlos, no sentido de que &nbsp;seja providenciada&nbsp; a duplica\u00e7\u00e3o da TO-255, no per\u00edmetro urbano da cidade, entre o Trevo do Setor Java\u00e9s at\u00e9 a rotat\u00f3ria &hellip;<\/p>\n","protected":false},"author":5,"featured_media":2969,"comment_status":"open","ping_status":"open","sticky":false,"template":"","format":"standard","meta":{"footnotes":""},"categories":[71,91],"tags":[],"class_list":["post-2968","post","type-post","status-publish","format-standard","has-post-thumbnail","","category-lagoa-da-confusao","category-zacarias-martins"],"_links":{"self":[{"href":"https:\/\/focotocantinense.com.br\/index.php?rest_route=\/wp\/v2\/posts\/2968","targetHints":{"allow":["GET"]}}],"collection":[{"href":"https:\/\/focotocantinense.com.br\/index.php?rest_route=\/wp\/v2\/posts"}],"about":[{"href":"https:\/\/focotocantinense.com.br\/index.php?rest_route=\/wp\/v2\/types\/post"}],"author":[{"embeddable":true,"href":"https:\/\/focotocantinense.com.br\/index.php?rest_route=\/wp\/v2\/users\/5"}],"replies":[{"embeddable":true,"href":"https:\/\/focotocantinense.com.br\/index.php?rest_route=%2Fwp%2Fv2%2Fcomments&post=2968"}],"version-history":[{"count":1,"href":"https:\/\/focotocantinense.com.br\/index.php?rest_route=\/wp\/v2\/posts\/2968\/revisions"}],"predecessor-version":[{"id":2970,"href":"https:\/\/focotocantinense.com.br\/index.php?rest_route=\/wp\/v2\/posts\/2968\/revisions\/2970"}],"wp:featuredmedia":[{"embeddable":true,"href":"https:\/\/focotocantinense.com.br\/index.php?rest_route=\/wp\/v2\/media\/2969"}],"wp:attachment":[{"href":"https:\/\/focotocantinense.com.br\/index.php?rest_route=%2Fwp%2Fv2%2Fmedia&parent=2968"}],"wp:term":[{"taxonomy":"category","embeddable":true,"href":"https:\/\/focotocantinense.com.br\/index.php?rest_route=%2Fwp%2Fv2%2Fcategories&post=2968"},{"taxonomy":"post_tag","embeddable":true,"href":"https:\/\/focotocantinense.com.br\/index.php?rest_route=%2Fwp%2Fv2%2Ftags&post=2968"}],"curies":[{"name":"wp","href":"https:\/\/api.w.org\/{rel}","templated":true}]}}