{"id":2958,"date":"2022-08-19T20:19:43","date_gmt":"2022-08-19T23:19:43","guid":{"rendered":"https:\/\/focotocantinense.com.br\/?p=2958"},"modified":"2022-08-19T20:33:52","modified_gmt":"2022-08-19T23:33:52","slug":"encontros-formativos-movimentaram-profissionais-da-educacao-municipal-de-tocantinia","status":"publish","type":"post","link":"https:\/\/focotocantinense.com.br\/?p=2958","title":{"rendered":"Encontros formativos movimentaram profissionais da educa\u00e7\u00e3o municipal de Tocant\u00ednia"},"content":{"rendered":"\n<p><strong>Por Leontina Martins<\/strong><\/p>\n\n\n\n<p>Dando sequ\u00eancia ao Plano de A\u00e7\u00e3o da Secretaria Municipal de Educa\u00e7\u00e3o de Tocant\u00ednia (Semed), no que se refere aos di\u00e1logos formativos tendo como p\u00fablico-alvo os profissionais da Rede Municipal de Educa\u00e7\u00e3o, visando a manuten\u00e7\u00e3o da excel\u00eancia na Educa\u00e7\u00e3o P\u00fablica Municipal, foi realizada na quinta e&nbsp; na sexta-feira (18 e 19 de agosto), mais uma Forma\u00e7\u00e3o Continuada.<\/p>\n\n\n\n<p>As atividades aconteceram nas depend\u00eancias da Escola Municipal de Tempo Integral Ant\u00f4nio Benvindo da Luz, e tiveram o suporte t\u00e9cnico da empresa Farol do Saber.<\/p>\n\n\n\n<p>Durante esses dois dias de forma\u00e7\u00e3o, aconteceu uma oficina com a educadora Judite Elizabeth, que abordou a quest\u00e3o dos brinquedos heur\u00edsticos no desenvolvimento das viv\u00eancias e experi\u00eancias em sala de aula. J\u00e1 Mariana Neta, discorreu sobre a recomposi\u00e7\u00e3o das aprendizagens no ensino fundamental, enquanto que Marcos Irondes deu continuidade \u00e0 abordagem ao M\u00f3dulo II, do curr\u00edculo da Educa\u00e7\u00e3o Ind\u00edgena, enquanto que Luciene Siqueira orientou sobre as atribui\u00e7\u00f5es do Assistente Administrativo e Secret\u00e1rios Escolares, bem como, a organiza\u00e7\u00e3o da Documenta\u00e7\u00e3o Escolar.<\/p>\n\n\n\n<p>O secret\u00e1rio de Educa\u00e7\u00e3o de Tocant\u00ednia, professor Andr\u00e9 Goveia destaca que esses di\u00e1logos formativos representam um investimento da Prefeitura de Tocant\u00ednia, por meio da Secretaria Municipal de Educa\u00e7\u00e3o, sempre com resultados altamente positivos. \u201cAs tem\u00e1ticas s\u00e3o planejadas de acordo com as demandas elencadas pela rede de ensino. Esse aprimoramento permite a reflex\u00e3o das pr\u00e1ticas educacionais e potencializa a excel\u00eancia na educa\u00e7\u00e3o municipal\u201d, garante o secret\u00e1rio.<\/p>\n\n\n\n<p><strong><em>Fotos: Bruno Batista<\/em><\/strong><\/p>\n\n\n\n<figure class=\"wp-block-image size-full\"><img loading=\"lazy\" decoding=\"async\" width=\"1015\" height=\"467\" src=\"https:\/\/focotocantinense.com.br\/wp-content\/uploads\/2022\/08\/111.jpg\" alt=\"\" class=\"wp-image-2960\" srcset=\"https:\/\/focotocantinense.com.br\/wp-content\/uploads\/2022\/08\/111.jpg 1015w, https:\/\/focotocantinense.com.br\/wp-content\/uploads\/2022\/08\/111-300x138.jpg 300w, https:\/\/focotocantinense.com.br\/wp-content\/uploads\/2022\/08\/111-768x353.jpg 768w\" sizes=\"auto, (max-width: 1015px) 100vw, 1015px\" \/><\/figure>\n\n\n\n<figure class=\"wp-block-image size-large\"><img loading=\"lazy\" decoding=\"async\" width=\"1024\" height=\"447\" src=\"https:\/\/focotocantinense.com.br\/wp-content\/uploads\/2022\/08\/222-1024x447.jpg\" alt=\"\" class=\"wp-image-2961\" srcset=\"https:\/\/focotocantinense.com.br\/wp-content\/uploads\/2022\/08\/222-1024x447.jpg 1024w, https:\/\/focotocantinense.com.br\/wp-content\/uploads\/2022\/08\/222-300x131.jpg 300w, https:\/\/focotocantinense.com.br\/wp-content\/uploads\/2022\/08\/222-768x335.jpg 768w, https:\/\/focotocantinense.com.br\/wp-content\/uploads\/2022\/08\/222.jpg 1107w\" sizes=\"auto, (max-width: 1024px) 100vw, 1024px\" \/><\/figure>\n\n\n\n<figure class=\"wp-block-image size-full\"><img loading=\"lazy\" decoding=\"async\" width=\"1003\" height=\"452\" src=\"https:\/\/focotocantinense.com.br\/wp-content\/uploads\/2022\/08\/333.jpg\" alt=\"\" class=\"wp-image-2962\" srcset=\"https:\/\/focotocantinense.com.br\/wp-content\/uploads\/2022\/08\/333.jpg 1003w, https:\/\/focotocantinense.com.br\/wp-content\/uploads\/2022\/08\/333-300x135.jpg 300w, https:\/\/focotocantinense.com.br\/wp-content\/uploads\/2022\/08\/333-768x346.jpg 768w\" sizes=\"auto, (max-width: 1003px) 100vw, 1003px\" \/><\/figure>\n\n\n\n<figure class=\"wp-block-image size-full\"><img loading=\"lazy\" decoding=\"async\" width=\"893\" height=\"406\" src=\"https:\/\/focotocantinense.com.br\/wp-content\/uploads\/2022\/08\/444.jpg\" alt=\"\" class=\"wp-image-2963\" srcset=\"https:\/\/focotocantinense.com.br\/wp-content\/uploads\/2022\/08\/444.jpg 893w, https:\/\/focotocantinense.com.br\/wp-content\/uploads\/2022\/08\/444-300x136.jpg 300w, https:\/\/focotocantinense.com.br\/wp-content\/uploads\/2022\/08\/444-768x349.jpg 768w\" sizes=\"auto, (max-width: 893px) 100vw, 893px\" \/><\/figure>\n\n\n\n<figure class=\"wp-block-image size-full\"><img loading=\"lazy\" decoding=\"async\" width=\"934\" height=\"427\" src=\"https:\/\/focotocantinense.com.br\/wp-content\/uploads\/2022\/08\/555.jpg\" alt=\"\" class=\"wp-image-2964\" srcset=\"https:\/\/focotocantinense.com.br\/wp-content\/uploads\/2022\/08\/555.jpg 934w, https:\/\/focotocantinense.com.br\/wp-content\/uploads\/2022\/08\/555-300x137.jpg 300w, https:\/\/focotocantinense.com.br\/wp-content\/uploads\/2022\/08\/555-768x351.jpg 768w\" sizes=\"auto, (max-width: 934px) 100vw, 934px\" \/><\/figure>\n","protected":false},"excerpt":{"rendered":"<p>Por Leontina Martins Dando sequ\u00eancia ao Plano de A\u00e7\u00e3o da Secretaria Municipal de Educa\u00e7\u00e3o de Tocant\u00ednia (Semed), no que se refere aos di\u00e1logos formativos tendo como p\u00fablico-alvo os profissionais da Rede Municipal de Educa\u00e7\u00e3o, visando a manuten\u00e7\u00e3o da excel\u00eancia na Educa\u00e7\u00e3o P\u00fablica Municipal, foi realizada na quinta e&nbsp; na sexta-feira (18 e 19 de agosto), &hellip;<\/p>\n","protected":false},"author":5,"featured_media":2959,"comment_status":"open","ping_status":"open","sticky":false,"template":"","format":"standard","meta":{"footnotes":""},"categories":[78,91],"tags":[],"class_list":["post-2958","post","type-post","status-publish","format-standard","has-post-thumbnail","","category-tocantinia","category-zacarias-martins"],"_links":{"self":[{"href":"https:\/\/focotocantinense.com.br\/index.php?rest_route=\/wp\/v2\/posts\/2958","targetHints":{"allow":["GET"]}}],"collection":[{"href":"https:\/\/focotocantinense.com.br\/index.php?rest_route=\/wp\/v2\/posts"}],"about":[{"href":"https:\/\/focotocantinense.com.br\/index.php?rest_route=\/wp\/v2\/types\/post"}],"author":[{"embeddable":true,"href":"https:\/\/focotocantinense.com.br\/index.php?rest_route=\/wp\/v2\/users\/5"}],"replies":[{"embeddable":true,"href":"https:\/\/focotocantinense.com.br\/index.php?rest_route=%2Fwp%2Fv2%2Fcomments&post=2958"}],"version-history":[{"count":3,"href":"https:\/\/focotocantinense.com.br\/index.php?rest_route=\/wp\/v2\/posts\/2958\/revisions"}],"predecessor-version":[{"id":2967,"href":"https:\/\/focotocantinense.com.br\/index.php?rest_route=\/wp\/v2\/posts\/2958\/revisions\/2967"}],"wp:featuredmedia":[{"embeddable":true,"href":"https:\/\/focotocantinense.com.br\/index.php?rest_route=\/wp\/v2\/media\/2959"}],"wp:attachment":[{"href":"https:\/\/focotocantinense.com.br\/index.php?rest_route=%2Fwp%2Fv2%2Fmedia&parent=2958"}],"wp:term":[{"taxonomy":"category","embeddable":true,"href":"https:\/\/focotocantinense.com.br\/index.php?rest_route=%2Fwp%2Fv2%2Fcategories&post=2958"},{"taxonomy":"post_tag","embeddable":true,"href":"https:\/\/focotocantinense.com.br\/index.php?rest_route=%2Fwp%2Fv2%2Ftags&post=2958"}],"curies":[{"name":"wp","href":"https:\/\/api.w.org\/{rel}","templated":true}]}}