{"id":2955,"date":"2022-08-18T20:32:15","date_gmt":"2022-08-18T23:32:15","guid":{"rendered":"https:\/\/focotocantinense.com.br\/?p=2955"},"modified":"2022-08-18T20:32:16","modified_gmt":"2022-08-18T23:32:16","slug":"romivaldo-martins-cobra-instalacao-de-placas-de-sinalizacao-e-orientacao-sobre-o-transito-de-caminhoes-em-lagoa-da-confusao","status":"publish","type":"post","link":"https:\/\/focotocantinense.com.br\/?p=2955","title":{"rendered":"Romivaldo Martins cobra instala\u00e7\u00e3o de placas de sinaliza\u00e7\u00e3o e orienta\u00e7\u00e3o sobre o tr\u00e2nsito de caminh\u00f5es em Lagoa da Confus\u00e3o"},"content":{"rendered":"\n<p><strong>Por Zacarias Martins<\/strong><\/p>\n\n\n\n<p>A C\u00e2mara Municipal de Lagoa da Confus\u00e3o, aprovou o requerimento do vereador Romivaldo Martins (Solidariedade), onde solicita ao prefeito Dr. Thiago Carlos para que determine a instala\u00e7\u00e3o de placas de sinaliza\u00e7\u00e3o e orienta\u00e7\u00e3o sobre o tr\u00e2nsito de caminh\u00f5es pelo centro da cidade.<\/p>\n\n\n\n<p>Justificando sua reivindica\u00e7\u00e3o, o parlamentar disse entender que \u00e9 muito importante a instala\u00e7\u00e3o dessas placas&nbsp; de sinaliza\u00e7\u00e3o para melhor orientar&nbsp; os caminhoneiros sobre essa proibi\u00e7\u00e3o, bem como, facilitar as a\u00e7\u00f5es da Guarda Municipal e da Pol\u00edcia Militar no trabalho educativo e proibitivo desse tr\u00e2nsito, podendo dessa forma, atender as exig\u00eancias da lei existente.<\/p>\n\n\n\n<figure class=\"wp-block-image\"><img decoding=\"async\" src=\"http:\/\/n1to.com.br\/img\/uploads\/romivaldo.jpg\" alt=\"\"\/><\/figure>\n\n\n\n<p><em><strong>O vereador&nbsp; Romivaldo Martins \u00e9 o autor da reivindica\u00e7\u00e3o<\/strong><\/em><\/p>\n","protected":false},"excerpt":{"rendered":"<p>Por Zacarias Martins A C\u00e2mara Municipal de Lagoa da Confus\u00e3o, aprovou o requerimento do vereador Romivaldo Martins (Solidariedade), onde solicita ao prefeito Dr. Thiago Carlos para que determine a instala\u00e7\u00e3o de placas de sinaliza\u00e7\u00e3o e orienta\u00e7\u00e3o sobre o tr\u00e2nsito de caminh\u00f5es pelo centro da cidade. Justificando sua reivindica\u00e7\u00e3o, o parlamentar disse entender que \u00e9 muito &hellip;<\/p>\n","protected":false},"author":5,"featured_media":2956,"comment_status":"open","ping_status":"open","sticky":false,"template":"","format":"standard","meta":{"footnotes":""},"categories":[71],"tags":[],"class_list":["post-2955","post","type-post","status-publish","format-standard","has-post-thumbnail","","category-lagoa-da-confusao"],"_links":{"self":[{"href":"https:\/\/focotocantinense.com.br\/index.php?rest_route=\/wp\/v2\/posts\/2955","targetHints":{"allow":["GET"]}}],"collection":[{"href":"https:\/\/focotocantinense.com.br\/index.php?rest_route=\/wp\/v2\/posts"}],"about":[{"href":"https:\/\/focotocantinense.com.br\/index.php?rest_route=\/wp\/v2\/types\/post"}],"author":[{"embeddable":true,"href":"https:\/\/focotocantinense.com.br\/index.php?rest_route=\/wp\/v2\/users\/5"}],"replies":[{"embeddable":true,"href":"https:\/\/focotocantinense.com.br\/index.php?rest_route=%2Fwp%2Fv2%2Fcomments&post=2955"}],"version-history":[{"count":1,"href":"https:\/\/focotocantinense.com.br\/index.php?rest_route=\/wp\/v2\/posts\/2955\/revisions"}],"predecessor-version":[{"id":2957,"href":"https:\/\/focotocantinense.com.br\/index.php?rest_route=\/wp\/v2\/posts\/2955\/revisions\/2957"}],"wp:featuredmedia":[{"embeddable":true,"href":"https:\/\/focotocantinense.com.br\/index.php?rest_route=\/wp\/v2\/media\/2956"}],"wp:attachment":[{"href":"https:\/\/focotocantinense.com.br\/index.php?rest_route=%2Fwp%2Fv2%2Fmedia&parent=2955"}],"wp:term":[{"taxonomy":"category","embeddable":true,"href":"https:\/\/focotocantinense.com.br\/index.php?rest_route=%2Fwp%2Fv2%2Fcategories&post=2955"},{"taxonomy":"post_tag","embeddable":true,"href":"https:\/\/focotocantinense.com.br\/index.php?rest_route=%2Fwp%2Fv2%2Ftags&post=2955"}],"curies":[{"name":"wp","href":"https:\/\/api.w.org\/{rel}","templated":true}]}}