{"id":2951,"date":"2022-08-18T10:46:24","date_gmt":"2022-08-18T13:46:24","guid":{"rendered":"https:\/\/focotocantinense.com.br\/?p=2951"},"modified":"2022-08-18T10:46:25","modified_gmt":"2022-08-18T13:46:25","slug":"secretario-de-educacao-de-tocantinia-participa-do-9o-forum-nacional-extraordinario-de-dirigentes-municipais","status":"publish","type":"post","link":"https:\/\/focotocantinense.com.br\/?p=2951","title":{"rendered":"Secret\u00e1rio de Educa\u00e7\u00e3o de Tocant\u00ednia participa do 9\u00ba F\u00f3rum Nacional Extraordin\u00e1rio de Dirigentes Municipais"},"content":{"rendered":"\n<p>A Prefeitura de Tocant\u00ednia, por meio da Secretaria Municipal da Educa\u00e7\u00e3o, &nbsp;est\u00e1 sendo representada no 9\u00ba F\u00f3rum Nacional Extraordin\u00e1rio dos Dirigentes Municipais de Educa\u00e7\u00e3o, pela<a href=\"https:\/\/sitebarra.com.br\/\">&nbsp;<\/a>secret\u00e1rio, professor Andr\u00e9 Goveia,<\/p>\n\n\n\n<p>O evento tem como tema \u201cA efetividade das pol\u00edticas p\u00fablicas para a garantia do direito \u00e0 educa\u00e7\u00e3o\u201d, e teve abertura na \u00faltima<a href=\"https:\/\/sitebarra.com.br\/\">&nbsp;<\/a>ter\u00e7a-feira (16), no Centro Internacional de Conven\u00e7\u00f5es do Brasil (CICB), em Bras\u00edlia, no Distrito Federal, e vai at\u00e9 esta<a href=\"https:\/\/sitebarra.com.br\/\">&nbsp;<\/a>sexta-feira (19).<\/p>\n\n\n\n<p>O p\u00fablico-alvo, cerca de 1,3 mil convidados de todo Brasil, entre dirigentes municipais de Educa\u00e7\u00e3o e t\u00e9cnicos das secretarias de Educa\u00e7\u00e3o, t\u00eam acesso a palestras, confer\u00eancias, mesas redondas e \u00e0 \u00e1rea de estandes.<\/p>\n\n\n\n<p>A cerim\u00f4nia oficial teve in\u00edcio com<a href=\"https:\/\/sitebarra.com.br\/\">&nbsp;<\/a>a tradicional apresenta\u00e7\u00e3o das delega\u00e7\u00f5es estaduais das seccionais da Uni\u00e3o Nacional dos Dirigentes Municipais de Educa\u00e7\u00e3o (Undime). Cada<a href=\"https:\/\/sitebarra.com.br\/\">&nbsp;<\/a>estado foi representado por sua seccional, dirigentes municipais e equipes t\u00e9cnicas.<\/p>\n\n\n\n<p>A confer\u00eancia magna do primeiro dia teve como tema os \u201cDuzentos anos de Independ\u00eancia do Brasil: o que ainda temos de conquistar na educa\u00e7\u00e3o p\u00fablica?\u201d e como convidado o jornalista e escritor Ant\u00f4nio Gois, colunista de Educa\u00e7\u00e3o do Globo e primeiro presidente da Jeduca Brasil, a Associa\u00e7\u00e3o de Jornalistas de Educa\u00e7\u00e3o. A media\u00e7\u00e3o foi realizada pelo<a href=\"https:\/\/sitebarra.com.br\/\">&nbsp;<\/a>presidente da Undime, Luiz Miguel Martins Garcia.<\/p>\n\n\n\n<p>O evento conta com estandes, nos quais os participantes t\u00eam a oportunidade de conhecer a plataforma Conviva Educa\u00e7\u00e3o e a estrat\u00e9gia Busca Ativa Escolar, recebem atendimento institucional individualizado de t\u00e9cnicos do Minist\u00e9rio da Educa\u00e7\u00e3o e do Fundo Nacional de Desenvolvimento da Educa\u00e7\u00e3o (FNDE) e acessam estandes de empresas credenciadas a expor no<a href=\"https:\/\/sitebarra.com.br\/\">&nbsp;<\/a>local.<\/p>\n\n\n\n<p>\u201cRepresentar o<a href=\"https:\/\/sitebarra.com.br\/\">\u00a0<\/a>munic\u00edpio de Tocant\u00ednia \u00a0neste evento de tamanha magnitude, com debates pertinentes, que trazem reflex\u00f5es para a<a href=\"https:\/\/sitebarra.com.br\/\">\u00a0<\/a>melhoria da nossa educa\u00e7\u00e3o, \u00e9 realmente uma grande responsabilidade. Aqui temos grandes l\u00edderes, disseminadores importantes. O F\u00f3rum \u00e9 uma oportunidade de encontrar novos parceiros para \u00a0continuarmos a fazer uma educa\u00e7\u00e3o p\u00fablica de qualidade em nosso<a href=\"https:\/\/sitebarra.com.br\/\">\u00a0<\/a>munic\u00edpio\u201d, destacou o professor Andr\u00e9 Goveia.<\/p>\n\n\n\n<figure class=\"wp-block-gallery has-nested-images columns-default is-cropped wp-block-gallery-1 is-layout-flex wp-block-gallery-is-layout-flex\">\n<figure class=\"wp-block-image size-large\"><img loading=\"lazy\" decoding=\"async\" width=\"817\" height=\"488\" data-id=\"2953\" src=\"https:\/\/focotocantinense.com.br\/wp-content\/uploads\/2022\/08\/bbb.jpg\" alt=\"\" class=\"wp-image-2953\" srcset=\"https:\/\/focotocantinense.com.br\/wp-content\/uploads\/2022\/08\/bbb.jpg 817w, https:\/\/focotocantinense.com.br\/wp-content\/uploads\/2022\/08\/bbb-300x179.jpg 300w, https:\/\/focotocantinense.com.br\/wp-content\/uploads\/2022\/08\/bbb-768x459.jpg 768w\" sizes=\"auto, (max-width: 817px) 100vw, 817px\" \/><\/figure>\n<\/figure>\n","protected":false},"excerpt":{"rendered":"<p>A Prefeitura de Tocant\u00ednia, por meio da Secretaria Municipal da Educa\u00e7\u00e3o, &nbsp;est\u00e1 sendo representada no 9\u00ba F\u00f3rum Nacional Extraordin\u00e1rio dos Dirigentes Municipais de Educa\u00e7\u00e3o, pela&nbsp;secret\u00e1rio, professor Andr\u00e9 Goveia, O evento tem como tema \u201cA efetividade das pol\u00edticas p\u00fablicas para a garantia do direito \u00e0 educa\u00e7\u00e3o\u201d, e teve abertura na \u00faltima&nbsp;ter\u00e7a-feira (16), no Centro Internacional de &hellip;<\/p>\n","protected":false},"author":5,"featured_media":2952,"comment_status":"open","ping_status":"open","sticky":false,"template":"","format":"standard","meta":{"footnotes":""},"categories":[78],"tags":[],"class_list":["post-2951","post","type-post","status-publish","format-standard","has-post-thumbnail","","category-tocantinia"],"_links":{"self":[{"href":"https:\/\/focotocantinense.com.br\/index.php?rest_route=\/wp\/v2\/posts\/2951","targetHints":{"allow":["GET"]}}],"collection":[{"href":"https:\/\/focotocantinense.com.br\/index.php?rest_route=\/wp\/v2\/posts"}],"about":[{"href":"https:\/\/focotocantinense.com.br\/index.php?rest_route=\/wp\/v2\/types\/post"}],"author":[{"embeddable":true,"href":"https:\/\/focotocantinense.com.br\/index.php?rest_route=\/wp\/v2\/users\/5"}],"replies":[{"embeddable":true,"href":"https:\/\/focotocantinense.com.br\/index.php?rest_route=%2Fwp%2Fv2%2Fcomments&post=2951"}],"version-history":[{"count":1,"href":"https:\/\/focotocantinense.com.br\/index.php?rest_route=\/wp\/v2\/posts\/2951\/revisions"}],"predecessor-version":[{"id":2954,"href":"https:\/\/focotocantinense.com.br\/index.php?rest_route=\/wp\/v2\/posts\/2951\/revisions\/2954"}],"wp:featuredmedia":[{"embeddable":true,"href":"https:\/\/focotocantinense.com.br\/index.php?rest_route=\/wp\/v2\/media\/2952"}],"wp:attachment":[{"href":"https:\/\/focotocantinense.com.br\/index.php?rest_route=%2Fwp%2Fv2%2Fmedia&parent=2951"}],"wp:term":[{"taxonomy":"category","embeddable":true,"href":"https:\/\/focotocantinense.com.br\/index.php?rest_route=%2Fwp%2Fv2%2Fcategories&post=2951"},{"taxonomy":"post_tag","embeddable":true,"href":"https:\/\/focotocantinense.com.br\/index.php?rest_route=%2Fwp%2Fv2%2Ftags&post=2951"}],"curies":[{"name":"wp","href":"https:\/\/api.w.org\/{rel}","templated":true}]}}