{"id":2945,"date":"2022-08-17T16:56:16","date_gmt":"2022-08-17T19:56:16","guid":{"rendered":"https:\/\/focotocantinense.com.br\/?p=2945"},"modified":"2022-08-17T16:58:16","modified_gmt":"2022-08-17T19:58:16","slug":"inaugurada-a-radio-unirg-fm-959-com-alcance-em-20-municipios-no-sul-tocantins","status":"publish","type":"post","link":"https:\/\/focotocantinense.com.br\/?p=2945","title":{"rendered":"Inaugurada a R\u00e1dio UnirG FM 95,9 com alcance em 20 munic\u00edpios no Sul Tocantins"},"content":{"rendered":"\n<p>&nbsp;Autoridades, membros da comunidade acad\u00eamica e da sociedade participaram hoje, 17, da inaugura\u00e7\u00e3o da R\u00e1dio UnirG FM 95,9, no Centro Administrativo da Funda\u00e7\u00e3o UnirG.<\/p>\n\n\n\n<p>A emissora j\u00e1 est\u00e1 em opera\u00e7\u00e3o e alcan\u00e7a 20 munic\u00edpios da regi\u00e3o sul do Tocantins com uma programa\u00e7\u00e3o diversificada e educativa.<\/p>\n\n\n\n<p>\u201cO r\u00e1dio conseguiu reinventar-se diante de todas as inova\u00e7\u00f5es tecnol\u00f3gicas e aproveitou a internet para chegar a cada vez mais pessoas. Isso d\u00e1 mais credibilidade a esse trabalho que, n\u00e3o servir\u00e1 apenas para essa universidade, mas tamb\u00e9m a outras institui\u00e7\u00f5es de ensino da nossa regi\u00e3o. Nosso intuito \u00e9 que a r\u00e1dio seja, principalmente, um canal de comunica\u00e7\u00e3o que acolha as demandas de toda a comunidade e que a sociedade seja representada em sua programa\u00e7\u00e3o\u201d, disse o coordenador da UnirG FM, o jornalista Paulo Albuquerque.<\/p>\n\n\n\n<p>A difus\u00e3o de informa\u00e7\u00f5es de qualidade deve ser a \u00eanfase da UnirG FM e refor\u00e7a o compromisso social da Institui\u00e7\u00e3o. \u201cA r\u00e1dio tem um papel de grande relev\u00e2ncia, especialmente em um momento em que a divulga\u00e7\u00e3o de informa\u00e7\u00f5es falsas \u00e9 uma\u00a0constante na Internet. Aqui teremos uma equipe de jornalistas empenhada em levar ao p\u00fablico informa\u00e7\u00f5es com responsabilidade\u201d, disse o presidente da Funda\u00e7\u00e3o UnirG, Thiago Miranda.<\/p>\n\n\n\n<p>Para a Reitora da UnirG, Dr\u00aa Sara Falc\u00e3o, \u201ca R\u00e1dio \u00e9 um ganho muito importante, est\u00e1 relacionada ao Plano de Desenvolvimento Institucional e demonstra o crescimento da Institui\u00e7\u00e3o. Esse ser\u00e1 um canal para levar informa\u00e7\u00f5es sobre aquilo que a UnirG desenvolve e produz para toda a popula\u00e7\u00e3o\u201d.<\/p>\n\n\n\n<p>\u201cEssa \u00e9 uma luta da comunidade acad\u00eamica da UnirG que desejavam a implanta\u00e7\u00e3o da r\u00e1dio. A universidade vive um momento de expans\u00e3o e a R\u00e1dio vem para contribuir com a divulga\u00e7\u00e3o de mais informa\u00e7\u00f5es de qualidade sobre o que acontece em Gurupi e em nossa regi\u00e3o\u201d, afirmou o Secret\u00e1rio de Comunica\u00e7\u00e3o de Gurupi, Fernando Novais, que representou a Prefeita Josi Nunes.<\/p>\n\n\n\n<p>Um dos programas que integra a R\u00e1dio UnirG \u00e9 o&nbsp;<em>Hora Cidad\u00e3<\/em>, um projeto que j\u00e1 \u00e9 desenvolvido por professores e alunos da&nbsp; Institui\u00e7\u00e3o h\u00e1 11 anos. \u201cAgora temos um raio muito maior de divulga\u00e7\u00e3o, o que ir\u00e1 beneficiar um n\u00famero expressivo de pessoas com informa\u00e7\u00f5es sobre o tema Cidadania, que envolve uma melhor concep\u00e7\u00e3o de responsabilidade, autonomia e participa\u00e7\u00e3o. Em uma r\u00e1dio educativa como esta, professores e alunos ter\u00e3o a possibilidade de contribuir ainda mais com a comunidade com informa\u00e7\u00f5es relacionadas aos cursos da Institui\u00e7\u00e3o. O r\u00e1dio \u00e9 um meio popular, o que o torna ainda t\u00e3o relevante nos dias atuais\u201d, disse o professor do curso de Direito e coordenador do projeto Hora Cidad\u00e3, Me. Ant\u00f4nio Roveroni.<\/p>\n\n\n\n<p>A R\u00e1dio UnirG FM 95,9 tamb\u00e9m pode ser ouvida pelo site\u00a0<a href=\"http:\/\/www.unirgfm.unirg.edu.br\/\">unirg.edu.br<\/a><a href=\"http:\/\/unirg.edu.br\/\">\u00a0<\/a>ou pelo aplicativo R\u00e1dio Unirg FM, que est\u00e1 dispon\u00edvel gratuitamente nas lojas de aplicativos e tamb\u00e9m hospedado no APP de r\u00e1dios radiosnet.com.br<\/p>\n\n\n\n<figure class=\"wp-block-image size-full\"><img loading=\"lazy\" decoding=\"async\" width=\"768\" height=\"912\" src=\"https:\/\/focotocantinense.com.br\/wp-content\/uploads\/2022\/08\/image-4.png\" alt=\"\" class=\"wp-image-2949\" srcset=\"https:\/\/focotocantinense.com.br\/wp-content\/uploads\/2022\/08\/image-4.png 768w, https:\/\/focotocantinense.com.br\/wp-content\/uploads\/2022\/08\/image-4-253x300.png 253w\" sizes=\"auto, (max-width: 768px) 100vw, 768px\" \/><\/figure>\n\n\n","protected":false},"excerpt":{"rendered":"<p>&nbsp;Autoridades, membros da comunidade acad\u00eamica e da sociedade participaram hoje, 17, da inaugura\u00e7\u00e3o da R\u00e1dio UnirG FM 95,9, no Centro Administrativo da Funda\u00e7\u00e3o UnirG. A emissora j\u00e1 est\u00e1 em opera\u00e7\u00e3o e alcan\u00e7a 20 munic\u00edpios da regi\u00e3o sul do Tocantins com uma programa\u00e7\u00e3o diversificada e educativa. \u201cO r\u00e1dio conseguiu reinventar-se diante de todas as inova\u00e7\u00f5es tecnol\u00f3gicas &hellip;<\/p>\n","protected":false},"author":5,"featured_media":2946,"comment_status":"open","ping_status":"open","sticky":false,"template":"","format":"standard","meta":{"footnotes":""},"categories":[38],"tags":[],"class_list":["post-2945","post","type-post","status-publish","format-standard","has-post-thumbnail","","category-gurupi"],"_links":{"self":[{"href":"https:\/\/focotocantinense.com.br\/index.php?rest_route=\/wp\/v2\/posts\/2945","targetHints":{"allow":["GET"]}}],"collection":[{"href":"https:\/\/focotocantinense.com.br\/index.php?rest_route=\/wp\/v2\/posts"}],"about":[{"href":"https:\/\/focotocantinense.com.br\/index.php?rest_route=\/wp\/v2\/types\/post"}],"author":[{"embeddable":true,"href":"https:\/\/focotocantinense.com.br\/index.php?rest_route=\/wp\/v2\/users\/5"}],"replies":[{"embeddable":true,"href":"https:\/\/focotocantinense.com.br\/index.php?rest_route=%2Fwp%2Fv2%2Fcomments&post=2945"}],"version-history":[{"count":2,"href":"https:\/\/focotocantinense.com.br\/index.php?rest_route=\/wp\/v2\/posts\/2945\/revisions"}],"predecessor-version":[{"id":2950,"href":"https:\/\/focotocantinense.com.br\/index.php?rest_route=\/wp\/v2\/posts\/2945\/revisions\/2950"}],"wp:featuredmedia":[{"embeddable":true,"href":"https:\/\/focotocantinense.com.br\/index.php?rest_route=\/wp\/v2\/media\/2946"}],"wp:attachment":[{"href":"https:\/\/focotocantinense.com.br\/index.php?rest_route=%2Fwp%2Fv2%2Fmedia&parent=2945"}],"wp:term":[{"taxonomy":"category","embeddable":true,"href":"https:\/\/focotocantinense.com.br\/index.php?rest_route=%2Fwp%2Fv2%2Fcategories&post=2945"},{"taxonomy":"post_tag","embeddable":true,"href":"https:\/\/focotocantinense.com.br\/index.php?rest_route=%2Fwp%2Fv2%2Ftags&post=2945"}],"curies":[{"name":"wp","href":"https:\/\/api.w.org\/{rel}","templated":true}]}}