{"id":2941,"date":"2022-08-16T19:25:57","date_gmt":"2022-08-16T22:25:57","guid":{"rendered":"https:\/\/focotocantinense.com.br\/?p=2941"},"modified":"2022-08-16T19:25:58","modified_gmt":"2022-08-16T22:25:58","slug":"tre-to-oficializa-sistema-de-horario-eleitoral","status":"publish","type":"post","link":"https:\/\/focotocantinense.com.br\/?p=2941","title":{"rendered":"TRE-TO oficializa sistema de hor\u00e1rio eleitoral"},"content":{"rendered":"\n<p>O sistema de hor\u00e1rio eleitoral que ser\u00e1 utilizado pelo Tribunal Regional Eleitoral do Tocantins (TRE-TO) nas Elei\u00e7\u00f5es Gerais 2022 foi oficializado nesta segunda-feira (15\/08) em reuni\u00e3o realizada na presid\u00eancia do Tribunal.<\/p>\n\n\n\n<p>Pelo sistema ser\u00e1 feita a distribui\u00e7\u00e3o do hor\u00e1rio eleitoral para partidos e candidatos e o sorteio para escolha da ordem de veicula\u00e7\u00e3o da propaganda eleitoral nas emissoras de r\u00e1dio e TV.&nbsp;<\/p>\n\n\n\n<p>A elabora\u00e7\u00e3o do Plano de M\u00eddia das Elei\u00e7\u00f5es Gerais est\u00e1 marcada para a&nbsp;pr\u00f3xima quinta-feira (18\/08).&nbsp; Participam do ato representantes dos partidos pol\u00edticos, coliga\u00e7\u00f5es, emissoras de r\u00e1dio e televis\u00e3o; o evento ser\u00e1 \u00e0s 10 horas, no audit\u00f3rio do TRE-TO.<\/p>\n\n\n\n<p>Participaram da reuni\u00e3o o presidente do TRE-TO, desembargador Helv\u00e9cio de Brito Maia Neto; a desembargadora Jacqueline Adorno, ju\u00edza Auxiliar do Tribunal&nbsp;para as Elei\u00e7\u00f5es 2022; o diretor Geral do TRE-TO, Jos\u00e9 Machado dos Santos; os secret\u00e1rios Vick Mature e Valdenir Borges Junior; e o assessor da Presid\u00eancia, Laudyone Arruda.<\/p>\n\n\n\n<p><strong>Saiba mais<\/strong><\/p>\n\n\n\n<p>A propaganda eleitoral gratuita no r\u00e1dio e na TV inicia no dia 26 de agosto e termina em 29 de setembro, referente ao primeiro turno. Em caso de haver um segundo turno, a propaganda poder\u00e1 ser transmitida de 7 a 28 de outubro. A exibi\u00e7\u00e3o ser\u00e1 de segunda \u00e0 s\u00e1bado.<\/p>\n\n\n\n<figure class=\"wp-block-image size-full\"><img loading=\"lazy\" decoding=\"async\" width=\"758\" height=\"409\" src=\"https:\/\/focotocantinense.com.br\/wp-content\/uploads\/2022\/08\/image-3.png\" alt=\"\" class=\"wp-image-2943\" srcset=\"https:\/\/focotocantinense.com.br\/wp-content\/uploads\/2022\/08\/image-3.png 758w, https:\/\/focotocantinense.com.br\/wp-content\/uploads\/2022\/08\/image-3-300x162.png 300w\" sizes=\"auto, (max-width: 758px) 100vw, 758px\" \/><\/figure>\n","protected":false},"excerpt":{"rendered":"<p>O sistema de hor\u00e1rio eleitoral que ser\u00e1 utilizado pelo Tribunal Regional Eleitoral do Tocantins (TRE-TO) nas Elei\u00e7\u00f5es Gerais 2022 foi oficializado nesta segunda-feira (15\/08) em reuni\u00e3o realizada na presid\u00eancia do Tribunal. Pelo sistema ser\u00e1 feita a distribui\u00e7\u00e3o do hor\u00e1rio eleitoral para partidos e candidatos e o sorteio para escolha da ordem de veicula\u00e7\u00e3o da propaganda &hellip;<\/p>\n","protected":false},"author":5,"featured_media":2942,"comment_status":"open","ping_status":"open","sticky":false,"template":"","format":"standard","meta":{"footnotes":""},"categories":[40],"tags":[],"class_list":["post-2941","post","type-post","status-publish","format-standard","has-post-thumbnail","","category-politica"],"_links":{"self":[{"href":"https:\/\/focotocantinense.com.br\/index.php?rest_route=\/wp\/v2\/posts\/2941","targetHints":{"allow":["GET"]}}],"collection":[{"href":"https:\/\/focotocantinense.com.br\/index.php?rest_route=\/wp\/v2\/posts"}],"about":[{"href":"https:\/\/focotocantinense.com.br\/index.php?rest_route=\/wp\/v2\/types\/post"}],"author":[{"embeddable":true,"href":"https:\/\/focotocantinense.com.br\/index.php?rest_route=\/wp\/v2\/users\/5"}],"replies":[{"embeddable":true,"href":"https:\/\/focotocantinense.com.br\/index.php?rest_route=%2Fwp%2Fv2%2Fcomments&post=2941"}],"version-history":[{"count":1,"href":"https:\/\/focotocantinense.com.br\/index.php?rest_route=\/wp\/v2\/posts\/2941\/revisions"}],"predecessor-version":[{"id":2944,"href":"https:\/\/focotocantinense.com.br\/index.php?rest_route=\/wp\/v2\/posts\/2941\/revisions\/2944"}],"wp:featuredmedia":[{"embeddable":true,"href":"https:\/\/focotocantinense.com.br\/index.php?rest_route=\/wp\/v2\/media\/2942"}],"wp:attachment":[{"href":"https:\/\/focotocantinense.com.br\/index.php?rest_route=%2Fwp%2Fv2%2Fmedia&parent=2941"}],"wp:term":[{"taxonomy":"category","embeddable":true,"href":"https:\/\/focotocantinense.com.br\/index.php?rest_route=%2Fwp%2Fv2%2Fcategories&post=2941"},{"taxonomy":"post_tag","embeddable":true,"href":"https:\/\/focotocantinense.com.br\/index.php?rest_route=%2Fwp%2Fv2%2Ftags&post=2941"}],"curies":[{"name":"wp","href":"https:\/\/api.w.org\/{rel}","templated":true}]}}