{"id":2930,"date":"2022-08-15T11:21:41","date_gmt":"2022-08-15T14:21:41","guid":{"rendered":"https:\/\/focotocantinense.com.br\/?p=2930"},"modified":"2022-08-15T13:43:24","modified_gmt":"2022-08-15T16:43:24","slug":"tse-decide-sobre-comando-do-prtb-disputado-entre-herdeiros-de-levy-fidelix","status":"publish","type":"post","link":"https:\/\/focotocantinense.com.br\/?p=2930","title":{"rendered":"TSE decide sobre comando do PRTB, disputado entre herdeiros de Levy Fidelix"},"content":{"rendered":"\n<p>O Tribunal Superior Eleitoral vai tomar nesta semana uma decis\u00e3o sobre o comando do Partido Renovador Trabalhista Brasileiro (PRTB). O cargo \u00e9 disputado entre a atual presidente e vi\u00fava de Levy Fidelix, Aldinea Fidelix, e o irm\u00e3o do criador da sigla, J\u00falio Cezar Fidelix.<\/p>\n\n\n\n<figure class=\"wp-block-gallery has-nested-images columns-default is-cropped wp-block-gallery-1 is-layout-flex wp-block-gallery-is-layout-flex\">\n<figure class=\"wp-block-image is-resized\"><img loading=\"lazy\" decoding=\"async\" src=\"https:\/\/www.conjur.com.br\/img\/b\/levy-fidelix15.jpeg\" alt=\"\" width=\"342\" height=\"285\"\/><figcaption>Vi\u00fava e irm\u00e3o de Levy Fidelix protagonizam disputa pela presid\u00eancia do partido<\/figcaption><\/figure>\n<\/figure>\n\n\n\n<p>Em peti\u00e7\u00e3o,&nbsp; J\u00falio defende que o partido o elegeu h\u00e1 oito meses, durante conven\u00e7\u00e3o nacional, para suceder o irm\u00e3o. Levy Fidelix faleceu em abril do ano passado por complica\u00e7\u00f5es da Covid-19.J\u00falio afirma&nbsp;que a vi\u00fava se nega a reconhec\u00ea-lo como presidente eleito da sigla. &#8220;A demandada n\u00e3o foi eleita para o cargo de presidente. A r\u00e9 tomou posse no cargo de presidente na qualidade de primeira vice-presidente eleita da agremia\u00e7\u00e3o partid\u00e1ria&#8221;, argumenta o documento.O irm\u00e3o do fundador do PRTB ainda alega que a posse de Aldenia n\u00e3o foi submetida a referendo da conven\u00e7\u00e3o nacional ou do diret\u00f3rio nacional. A peti\u00e7\u00e3o tamb\u00e9m destaca que o prazo para o registro de candidaturas termina no pr\u00f3ximo dia 15 de agosto.&#8221;O autor pediu tutela de urg\u00eancia para assegurar ao requerente o exerc\u00edcio do cargo de presidente, tudo para que possa influenciar no processo eleitoral, estabelecer diretrizes aos diret\u00f3rios estaduais, ratificar ou substituir candidatos ou definir se o partido integrar\u00e1 coliga\u00e7\u00e3o para o cargo de presidente da Rep\u00fablica&#8221;, diz o texto.O TSE decidir\u00e1 o conflito a&nbsp;partir de um julgamento do Supremo Tribunal Federal&nbsp;que reconheceu,&nbsp;em sede de controle abstrato, a import\u00e2ncia da democracia interna nos partidos.Na&nbsp;decis\u00e3o, o ministro Ricardo Lewandowski determinou que &#8220;a democracia intrapartid\u00e1ria vem sendo reconhecida como pilar de uma sociedade democr\u00e1tica, tanto na jurisprud\u00eancia do STF quanto do TSE&#8221; e que a aus\u00eancia de democracia &#8220;em partidos pol\u00edticos acarreta graves consequ\u00eancias para o regime democr\u00e1tico e representativo&#8221;.<\/p>\n","protected":false},"excerpt":{"rendered":"<p>O Tribunal Superior Eleitoral vai tomar nesta semana uma decis\u00e3o sobre o comando do Partido Renovador Trabalhista Brasileiro (PRTB). O cargo \u00e9 disputado entre a atual presidente e vi\u00fava de Levy Fidelix, Aldinea Fidelix, e o irm\u00e3o do criador da sigla, J\u00falio Cezar Fidelix. Vi\u00fava e irm\u00e3o de Levy Fidelix protagonizam disputa pela presid\u00eancia do &hellip;<\/p>\n","protected":false},"author":5,"featured_media":2932,"comment_status":"open","ping_status":"open","sticky":false,"template":"","format":"standard","meta":{"footnotes":""},"categories":[1],"tags":[],"class_list":["post-2930","post","type-post","status-publish","format-standard","has-post-thumbnail","","category-sem-categoria"],"_links":{"self":[{"href":"https:\/\/focotocantinense.com.br\/index.php?rest_route=\/wp\/v2\/posts\/2930","targetHints":{"allow":["GET"]}}],"collection":[{"href":"https:\/\/focotocantinense.com.br\/index.php?rest_route=\/wp\/v2\/posts"}],"about":[{"href":"https:\/\/focotocantinense.com.br\/index.php?rest_route=\/wp\/v2\/types\/post"}],"author":[{"embeddable":true,"href":"https:\/\/focotocantinense.com.br\/index.php?rest_route=\/wp\/v2\/users\/5"}],"replies":[{"embeddable":true,"href":"https:\/\/focotocantinense.com.br\/index.php?rest_route=%2Fwp%2Fv2%2Fcomments&post=2930"}],"version-history":[{"count":2,"href":"https:\/\/focotocantinense.com.br\/index.php?rest_route=\/wp\/v2\/posts\/2930\/revisions"}],"predecessor-version":[{"id":2933,"href":"https:\/\/focotocantinense.com.br\/index.php?rest_route=\/wp\/v2\/posts\/2930\/revisions\/2933"}],"wp:featuredmedia":[{"embeddable":true,"href":"https:\/\/focotocantinense.com.br\/index.php?rest_route=\/wp\/v2\/media\/2932"}],"wp:attachment":[{"href":"https:\/\/focotocantinense.com.br\/index.php?rest_route=%2Fwp%2Fv2%2Fmedia&parent=2930"}],"wp:term":[{"taxonomy":"category","embeddable":true,"href":"https:\/\/focotocantinense.com.br\/index.php?rest_route=%2Fwp%2Fv2%2Fcategories&post=2930"},{"taxonomy":"post_tag","embeddable":true,"href":"https:\/\/focotocantinense.com.br\/index.php?rest_route=%2Fwp%2Fv2%2Ftags&post=2930"}],"curies":[{"name":"wp","href":"https:\/\/api.w.org\/{rel}","templated":true}]}}