{"id":2926,"date":"2022-08-11T08:21:38","date_gmt":"2022-08-11T11:21:38","guid":{"rendered":"https:\/\/focotocantinense.com.br\/?p=2926"},"modified":"2022-08-11T08:21:39","modified_gmt":"2022-08-11T11:21:39","slug":"hospital-dom-orione-celebra-em-acao-de-gracas-pelos-04-anos-da-casa-da-gestante","status":"publish","type":"post","link":"https:\/\/focotocantinense.com.br\/?p=2926","title":{"rendered":"Hospital Dom Orione celebra em a\u00e7\u00e3o de gra\u00e7as pelos 04 anos da Casa da Gestante"},"content":{"rendered":"\n<p><strong>Por Rodrigo Martins&nbsp;<\/strong><\/p>\n\n\n\n<p>O Hospital Dom Orione celebrou nesta ter\u00e7a-feira, 09 de agosto, uma Santa Missa em a\u00e7\u00e3o de gra\u00e7as pelo anivers\u00e1rio de quatro anos de funcionamento da Casa M\u00e3e da Divina Provid\u00eancia &#8211; Gestante, Beb\u00ea e Pu\u00e9rpera. A casa \u00e9 uma importante obra social do hospital que beneficia usu\u00e1rios do Sistema \u00danico de Sa\u00fade (SUS) do Tocantins, Sul e Sudeste do Par\u00e1 e Sul do Maranh\u00e3o.<\/p>\n\n\n\n<p>Desde sua funda\u00e7\u00e3o, a Casa da Gestante do Hospital Dom Orione j\u00e1 acolheu cerca de 2.500 pessoas, entre gestantes, beb\u00eas, pu\u00e9rperas e acompanhantes. Somente no ano de 2021, foram 564 pessoas atendidas na resid\u00eancia, que al\u00e9m da estadia e alimenta\u00e7\u00e3o, oferece tamb\u00e9m amparo social e conforto espiritual.<\/p>\n\n\n\n<p>A Casa M\u00e3e da Divina Provid\u00eancia \u00e9 uma resid\u00eancia provis\u00f3ria de acolhimento e acompanhamento de gestantes que apresentam agravos na gravidez, especialmente para aquelas que v\u00eam de outros munic\u00edpios para realizar o parto. Com isso, m\u00e3es com seus beb\u00eas internados na UTI Neonatal ficam bem acomodadas e recebem assist\u00eancia m\u00e9dica, social e espiritual.<\/p>\n\n\n\n<p>Padre Bruno Rodrigues, diretor presidente do Hospital Dom Orione, destacou a import\u00e2ncia do servi\u00e7o para as m\u00e3es que necessitam desse apoio. \u201cQueremos render gra\u00e7as por todos aqueles que contribuem para que este ambiente seja agrad\u00e1vel e acolhedor\u201d, destacou. Al\u00e9m dos cuidados com a sa\u00fade, o diretor enfatiza que a Casa da Gestante tamb\u00e9m \u00e9 um lugar que tem a marca da espiritualidade, religiosidade e o carisma de S\u00e3o Lu\u00eds Orione.<\/p>\n\n\n\n<p>Localizada pr\u00f3ximo ao Hospital Dom Orione, a Casa M\u00e3e da Divina Provid\u00eancia disp\u00f5e de consult\u00f3rio m\u00e9dico, cozinha, sala de TV e oito alojamentos climatizados com capacidade<\/p>\n\n\n\n<p>Desde sua funda\u00e7\u00e3o, a Casa da Gestante j\u00e1 atendeu cerca de 2.500 pessoas, entre gestantes, beb\u00eas, pu\u00e9rperas e acompanhantes.<\/p>\n\n\n\n<figure class=\"wp-block-image\"><img decoding=\"async\" src=\"http:\/\/n1to.com.br\/img\/uploads\/CCC_5.jpg\" alt=\"\"\/><\/figure>\n\n\n\n<p><em><strong>Para comemorar o anivers\u00e1rio da Casa da Gestante, o Hospital Dom Orione celebrou uma Santa Missa reunindo colaboradores e assistidas da casa.<\/strong><\/em><\/p>\n\n\n\n<figure class=\"wp-block-image\"><img decoding=\"async\" src=\"http:\/\/n1to.com.br\/img\/uploads\/bbb_26.jpg\" alt=\"\"\/><\/figure>\n\n\n\n<p><em><strong>\u00a0Desde sua funda\u00e7\u00e3o, a Casa da Gestante j\u00e1 atendeu cerca de 2.500 pessoas, entre gestantes, beb\u00eas, pu\u00e9rperas e acompanhantes.<\/strong><\/em><\/p>\n\n\n\n<figure class=\"wp-block-image size-full\"><img loading=\"lazy\" decoding=\"async\" width=\"800\" height=\"400\" src=\"https:\/\/focotocantinense.com.br\/wp-content\/uploads\/2022\/08\/image-1.png\" alt=\"\" class=\"wp-image-2928\" srcset=\"https:\/\/focotocantinense.com.br\/wp-content\/uploads\/2022\/08\/image-1.png 800w, https:\/\/focotocantinense.com.br\/wp-content\/uploads\/2022\/08\/image-1-300x150.png 300w, https:\/\/focotocantinense.com.br\/wp-content\/uploads\/2022\/08\/image-1-768x384.png 768w, https:\/\/focotocantinense.com.br\/wp-content\/uploads\/2022\/08\/image-1-660x330.png 660w\" sizes=\"auto, (max-width: 800px) 100vw, 800px\" \/><\/figure>\n","protected":false},"excerpt":{"rendered":"<p>Por Rodrigo Martins&nbsp; O Hospital Dom Orione celebrou nesta ter\u00e7a-feira, 09 de agosto, uma Santa Missa em a\u00e7\u00e3o de gra\u00e7as pelo anivers\u00e1rio de quatro anos de funcionamento da Casa M\u00e3e da Divina Provid\u00eancia &#8211; Gestante, Beb\u00ea e Pu\u00e9rpera. A casa \u00e9 uma importante obra social do hospital que beneficia usu\u00e1rios do Sistema \u00danico de Sa\u00fade &hellip;<\/p>\n","protected":false},"author":5,"featured_media":2927,"comment_status":"open","ping_status":"open","sticky":false,"template":"","format":"standard","meta":{"footnotes":""},"categories":[45],"tags":[],"class_list":["post-2926","post","type-post","status-publish","format-standard","has-post-thumbnail","","category-araguaina"],"_links":{"self":[{"href":"https:\/\/focotocantinense.com.br\/index.php?rest_route=\/wp\/v2\/posts\/2926","targetHints":{"allow":["GET"]}}],"collection":[{"href":"https:\/\/focotocantinense.com.br\/index.php?rest_route=\/wp\/v2\/posts"}],"about":[{"href":"https:\/\/focotocantinense.com.br\/index.php?rest_route=\/wp\/v2\/types\/post"}],"author":[{"embeddable":true,"href":"https:\/\/focotocantinense.com.br\/index.php?rest_route=\/wp\/v2\/users\/5"}],"replies":[{"embeddable":true,"href":"https:\/\/focotocantinense.com.br\/index.php?rest_route=%2Fwp%2Fv2%2Fcomments&post=2926"}],"version-history":[{"count":1,"href":"https:\/\/focotocantinense.com.br\/index.php?rest_route=\/wp\/v2\/posts\/2926\/revisions"}],"predecessor-version":[{"id":2929,"href":"https:\/\/focotocantinense.com.br\/index.php?rest_route=\/wp\/v2\/posts\/2926\/revisions\/2929"}],"wp:featuredmedia":[{"embeddable":true,"href":"https:\/\/focotocantinense.com.br\/index.php?rest_route=\/wp\/v2\/media\/2927"}],"wp:attachment":[{"href":"https:\/\/focotocantinense.com.br\/index.php?rest_route=%2Fwp%2Fv2%2Fmedia&parent=2926"}],"wp:term":[{"taxonomy":"category","embeddable":true,"href":"https:\/\/focotocantinense.com.br\/index.php?rest_route=%2Fwp%2Fv2%2Fcategories&post=2926"},{"taxonomy":"post_tag","embeddable":true,"href":"https:\/\/focotocantinense.com.br\/index.php?rest_route=%2Fwp%2Fv2%2Ftags&post=2926"}],"curies":[{"name":"wp","href":"https:\/\/api.w.org\/{rel}","templated":true}]}}